{"id":20275,"date":"2023-10-24T09:56:39","date_gmt":"2023-10-24T15:56:39","guid":{"rendered":"https:\/\/contextoanalisisperiodistico.com\/index.php\/2023\/10\/24\/entrega-seculta-donativo-de-300-libros-para-ninez-de-san-sebastian-coatlan\/"},"modified":"2023-10-24T09:56:39","modified_gmt":"2023-10-24T15:56:39","slug":"entrega-seculta-donativo-de-300-libros-para-ninez-de-san-sebastian-coatlan","status":"publish","type":"post","link":"https:\/\/contextoanalisisperiodistico.com\/index.php\/2023\/10\/24\/entrega-seculta-donativo-de-300-libros-para-ninez-de-san-sebastian-coatlan\/","title":{"rendered":"Entrega Seculta donativo de 300 libros para ni\u00f1ez de San Sebasti\u00e1n Coatl\u00e1n"},"content":{"rendered":"<div id=\"fb-root\"><\/div>\n\n<p>\u25cf Los ejemplares son parte del programa Libros por Oaxaca que impuls\u00f3 la dependencia durante las Fiestas de Julio: Mes de la Guelaguetza<\/p>\n\n\n\n<p><br>\u25cf El acervo est\u00e1 disponible para las infancias de la comunidad en la Biblioteca P\u00fablica Municipal Ana Frank<\/p>\n\n\n\n<figure class=\"wp-block-image size-large\"><img fetchpriority=\"high\" decoding=\"async\" width=\"1024\" height=\"638\" src=\"https:\/\/contextoanalisisperiodistico.com\/wp-content\/uploads\/2023\/10\/img-20231024-wa00172946510051607678585.jpg\" alt=\"\" class=\"wp-image-20273\" srcset=\"https:\/\/contextoanalisisperiodistico.com\/wp-content\/uploads\/2023\/10\/img-20231024-wa00172946510051607678585.jpg 1024w, https:\/\/contextoanalisisperiodistico.com\/wp-content\/uploads\/2023\/10\/img-20231024-wa00172946510051607678585-300x187.jpg 300w, https:\/\/contextoanalisisperiodistico.com\/wp-content\/uploads\/2023\/10\/img-20231024-wa00172946510051607678585-768x479.jpg 768w, https:\/\/contextoanalisisperiodistico.com\/wp-content\/uploads\/2023\/10\/img-20231024-wa00172946510051607678585-400x250.jpg 400w\" sizes=\"(max-width: 1024px) 100vw, 1024px\" \/><\/figure>\n\n\n\n<figure class=\"wp-block-image\"><img decoding=\"async\" width=\"300\" height=\"183\" src=\"https:\/\/contextoanalisisperiodistico.com\/wp-content\/uploads\/2023\/10\/img-20231024-wa00184375910335810647602-300x183.jpg\" alt=\"\" class=\"wp-image-20274\" srcset=\"https:\/\/contextoanalisisperiodistico.com\/wp-content\/uploads\/2023\/10\/img-20231024-wa00184375910335810647602-300x183.jpg 300w, https:\/\/contextoanalisisperiodistico.com\/wp-content\/uploads\/2023\/10\/img-20231024-wa00184375910335810647602-768x469.jpg 768w, https:\/\/contextoanalisisperiodistico.com\/wp-content\/uploads\/2023\/10\/img-20231024-wa00184375910335810647602.jpg 1024w\" sizes=\"(max-width: 300px) 100vw, 300px\" \/><\/figure>\n\n\n\n<p>Oaxaca de Ju\u00e1rez, Oax. 24 de octubre de 2023.- Un total de 300 libros fueron entregados a las autoridades municipales de San Sebasti\u00e1n Coatl\u00e1n, municipio de la Sierra Sur, por la Secretar\u00eda de las Culturas y Artes (Seculta) como parte del programa Libros por Oaxaca.<\/p>\n\n\n\n<p>El titular de la dependencia V\u00edctor Cata expres\u00f3 que a partir de ahora las ni\u00f1as y ni\u00f1os tienen acceso a un acervo ampliado, gracias a quienes participaron en las din\u00e1micas realizadas durante las Fiestas de Julio: Mes de la Guelaguetza, en la que se intercambiaron libros de contenido infantil, a cambio de boletos para los conciertos masivos de la cartelera cultural.<\/p>\n\n\n\n<p>Adem\u00e1s de los libros intercambiados, la Secretar\u00eda recibi\u00f3 el donativo de la Librer\u00eda Gra\u00f1\u00e9n Porr\u00faa y Proveedora Escolar que duplicaron el n\u00famero de ejemplares, para que los libros llegaran a las ni\u00f1as y ni\u00f1os de las comunidades ind\u00edgenas.<\/p>\n\n\n\n<p>Con el prop\u00f3sito de que las nuevas generaciones tengan garantizado el acceso al acervo de manera permanente, el funcionario estatal entreg\u00f3 los libros a la Biblioteca P\u00fablica Municipal Ana Frank, donde asistieron representantes del ayuntamiento.<\/p>\n\n\n\n<p>En su intervenci\u00f3n, V\u00edctor Cata a\u00f1adi\u00f3 que el funcionariado del gabinete legal y ampliado ha atendido la encomienda del Gobernador Salom\u00f3n Jara Cruz, de colaborar para que las y los ni\u00f1os fomenten el h\u00e1bito de la lectura. \u201cQueremos que Oaxaca sea un estado de lectoras y lectores\u201d, dijo.<\/p>\n\n\n\n<p>Por su parte, el presidente municipal de San Sebasti\u00e1n Coatl\u00e1n, Hiram Eloi Santos Santos, reconoci\u00f3 el compromiso de la actual administraci\u00f3n con la educaci\u00f3n de la ni\u00f1ez.<\/p>\n\n\n\n<p>En tanto, el encargado de las pol\u00edticas p\u00fablicas orientadas al fomento del arte y la cultura en el estado, comparti\u00f3 la lectura \u201cLo que se dice del ma\u00edz\u201d con las y los menores que se dieron cita en la biblioteca municipal, donde posteriormente tuvieron el primer contacto con los libros entregados.<\/p>\n\n\n\n<p>Recientemente, el secretario encabez\u00f3 la entrega de 400 ejemplares de libros para ni\u00f1as y ni\u00f1os en la Escuela Primaria Vespertina Heliodoro Charis Castro de la agencia \u00c1lvaro Obreg\u00f3n del municipio de Juchit\u00e1n de Zaragoza, en la regi\u00f3n del Istmo.<br \/>-0-<\/p>\n","protected":false},"excerpt":{"rendered":"<p>\u25cf Los ejemplares son parte del programa Libros por Oaxaca que impuls\u00f3 la dependencia durante&#8230;<\/p>\n","protected":false},"author":4,"featured_media":20272,"comment_status":"","ping_status":"open","sticky":false,"template":"","format":"standard","meta":{"footnotes":""},"categories":[4],"tags":[],"jetpack_sharing_enabled":true,"featured_image_urls":{"full":["https:\/\/contextoanalisisperiodistico.com\/wp-content\/uploads\/2023\/10\/IMG-20231024-WA0015.jpg",1024,640,false],"thumbnail":["https:\/\/contextoanalisisperiodistico.com\/wp-content\/uploads\/2023\/10\/IMG-20231024-WA0015-150x150.jpg",150,150,true],"medium":["https:\/\/contextoanalisisperiodistico.com\/wp-content\/uploads\/2023\/10\/IMG-20231024-WA0015-300x188.jpg",300,188,true],"medium_large":["https:\/\/contextoanalisisperiodistico.com\/wp-content\/uploads\/2023\/10\/IMG-20231024-WA0015-768x480.jpg",640,400,true],"large":["https:\/\/contextoanalisisperiodistico.com\/wp-content\/uploads\/2023\/10\/IMG-20231024-WA0015.jpg",640,400,false],"1536x1536":["https:\/\/contextoanalisisperiodistico.com\/wp-content\/uploads\/2023\/10\/IMG-20231024-WA0015.jpg",1024,640,false],"2048x2048":["https:\/\/contextoanalisisperiodistico.com\/wp-content\/uploads\/2023\/10\/IMG-20231024-WA0015.jpg",1024,640,false],"covernews-slider-full":["https:\/\/contextoanalisisperiodistico.com\/wp-content\/uploads\/2023\/10\/IMG-20231024-WA0015.jpg",1024,640,false],"covernews-slider-center":["https:\/\/contextoanalisisperiodistico.com\/wp-content\/uploads\/2023\/10\/IMG-20231024-WA0015-800x500.jpg",800,500,true],"covernews-featured":["https:\/\/contextoanalisisperiodistico.com\/wp-content\/uploads\/2023\/10\/IMG-20231024-WA0015.jpg",1024,640,false],"covernews-medium":["https:\/\/contextoanalisisperiodistico.com\/wp-content\/uploads\/2023\/10\/IMG-20231024-WA0015-540x340.jpg",540,340,true],"covernews-medium-square":["https:\/\/contextoanalisisperiodistico.com\/wp-content\/uploads\/2023\/10\/IMG-20231024-WA0015-400x250.jpg",400,250,true]},"author_info":{"display_name":"Mario Gir\u00f3n","author_link":"https:\/\/contextoanalisisperiodistico.com\/index.php\/author\/director\/"},"category_info":"<a href=\"https:\/\/contextoanalisisperiodistico.com\/index.php\/category\/cultura\/\" rel=\"category tag\">Cultura<\/a>","tag_info":"Cultura","comment_count":"0","jetpack_featured_media_url":"https:\/\/contextoanalisisperiodistico.com\/wp-content\/uploads\/2023\/10\/IMG-20231024-WA0015.jpg","_links":{"self":[{"href":"https:\/\/contextoanalisisperiodistico.com\/index.php\/wp-json\/wp\/v2\/posts\/20275"}],"collection":[{"href":"https:\/\/contextoanalisisperiodistico.com\/index.php\/wp-json\/wp\/v2\/posts"}],"about":[{"href":"https:\/\/contextoanalisisperiodistico.com\/index.php\/wp-json\/wp\/v2\/types\/post"}],"author":[{"embeddable":true,"href":"https:\/\/contextoanalisisperiodistico.com\/index.php\/wp-json\/wp\/v2\/users\/4"}],"replies":[{"embeddable":true,"href":"https:\/\/contextoanalisisperiodistico.com\/index.php\/wp-json\/wp\/v2\/comments?post=20275"}],"version-history":[{"count":0,"href":"https:\/\/contextoanalisisperiodistico.com\/index.php\/wp-json\/wp\/v2\/posts\/20275\/revisions"}],"wp:featuredmedia":[{"embeddable":true,"href":"https:\/\/contextoanalisisperiodistico.com\/index.php\/wp-json\/wp\/v2\/media\/20272"}],"wp:attachment":[{"href":"https:\/\/contextoanalisisperiodistico.com\/index.php\/wp-json\/wp\/v2\/media?parent=20275"}],"wp:term":[{"taxonomy":"category","embeddable":true,"href":"https:\/\/contextoanalisisperiodistico.com\/index.php\/wp-json\/wp\/v2\/categories?post=20275"},{"taxonomy":"post_tag","embeddable":true,"href":"https:\/\/contextoanalisisperiodistico.com\/index.php\/wp-json\/wp\/v2\/tags?post=20275"}],"curies":[{"name":"wp","href":"https:\/\/api.w.org\/{rel}","templated":true}]}}