{"id":20271,"date":"2023-10-24T09:51:05","date_gmt":"2023-10-24T15:51:05","guid":{"rendered":"https:\/\/contextoanalisisperiodistico.com\/index.php\/2023\/10\/24\/capacitan-a-personal-medico-para-optimizar-atencion-a-salud-de-adolescentes\/"},"modified":"2023-10-24T09:51:05","modified_gmt":"2023-10-24T15:51:05","slug":"capacitan-a-personal-medico-para-optimizar-atencion-a-salud-de-adolescentes","status":"publish","type":"post","link":"https:\/\/contextoanalisisperiodistico.com\/index.php\/2023\/10\/24\/capacitan-a-personal-medico-para-optimizar-atencion-a-salud-de-adolescentes\/","title":{"rendered":"Capacitan a personal m\u00e9dico para optimizar atenci\u00f3n a salud de adolescentes"},"content":{"rendered":"<div id=\"fb-root\"><\/div>\n\n<p>\u2022 El objetivo es brindar las herramientas necesarias para que profesionales de la salud ofrezcan una atenci\u00f3n integral, cercana y de calidad a este sector de la poblaci\u00f3n<\/p>\n\n\n\n<p>Oaxaca de Ju\u00e1rez, Oax. 24 de octubre de 2023.- Los Servicios de Salud de Oaxaca (SSO) a trav\u00e9s de la Jurisdicci\u00f3n Sanitaria n\u00famero 1 Valles Centrales llev\u00f3 a cabo una capacitaci\u00f3n en actividades preventivas del Programa de Atenci\u00f3n a la Salud del Adolescente, dirigida al personal m\u00e9dico de primer nivel.<\/p>\n\n\n\n<p>En este sentido, la jefa Jurisdiccional, Aurelia Guerra Mart\u00ednez expres\u00f3 que dicha jornada tuvo como objetivo brindar las herramientas necesarias para que las y los profesionales de la salud ofrezcan una atenci\u00f3n integral, cercana y de calidad a este sector de la poblaci\u00f3n.<\/p>\n\n\n\n<p>Asimismo, generar en los padres, madres y tutores o responsables del menor, las habilidades indispensables para tener una relaci\u00f3n afectiva que les permita el acompa\u00f1amiento adecuado, con el fin de prevenir y detectar conductas de riesgo.<\/p>\n\n\n\n<p>Guerra Mart\u00ednez detall\u00f3 que la indicaci\u00f3n de la secretaria de Salud Alma Lilia Velasco Hern\u00e1ndez es facilitar el acceso efectivo a las y los adolescentes a los servicios que otorgan las unidades de salud y establecer estrategias multisectoriales que tengan como resultado una sinergia a favor de los derechos de este sector tan importante, con responsabilidad, trato cordial y respetuoso.<\/p>\n\n\n\n<p>Las y los adolescentes representan aproximadamente un 20 por ciento de la poblaci\u00f3n total de M\u00e9xico, siendo un deber y obligaci\u00f3n garantizar el derecho a la salud de este sector de la poblaci\u00f3n.<\/p>\n\n\n\n<p>Cabe destacar que entre las principales problem\u00e1ticas que se presentan en este sector son los accidentes, la violencia, el embarazo temprano, las pr\u00e1cticas sexuales sin protecci\u00f3n, las infecciones de transmisi\u00f3n sexual, el consumo de sustancias adictivas y el suicidio.<\/p>\n\n\n\n<p>Ante ello, la instituci\u00f3n tiene como principal meta contribuir a la disminuci\u00f3n de factores de riesgo a trav\u00e9s de la adquisici\u00f3n de habilidades y competencias que les permitan desarrollar condiciones y conductas protectoras a nivel personal, familiar y comunitario.<\/p>\n\n\n\n<p>Para ello, durante la capacitaci\u00f3n se cont\u00f3 con el apoyo de los especialistas de la Procuradur\u00eda Estatal de Protecci\u00f3n de los Derechos de Ni\u00f1as, Ni\u00f1os y Adolescentes del Estado de Oaxaca (Prodennao) y de la Asociaci\u00f3n por una Inclusi\u00f3n Social de las Mujeres y su Entorno (Musor A.C.)<\/p>\n\n\n\n<p>Las personas especialistas abordaron los temas de Prevenci\u00f3n del embarazo, Conocimientos y uso adecuado de m\u00e9todos anticonceptivos, Mitos y realidades sobre la sexualidad, Aprendiendo a identificar los l\u00edmites de la sexualidad, Salud mental, Depresi\u00f3n y ansiedad, Prevenci\u00f3n del suicidio, Tipos de violencia, entre otros.<\/p>\n\n\n\n<p>Finalmente, la Jefa Jurisdiccional subray\u00f3 la importancia de promover actividades preventivas y de autocuidado que puedan realizarse d\u00eda a d\u00eda y generen un entorno y condiciones saludables a partir de comportamientos positivos.<\/p>\n\n\n\n\n\n<figure class=\"wp-block-image size-large\"><img fetchpriority=\"high\" decoding=\"async\" width=\"1024\" height=\"577\" src=\"https:\/\/contextoanalisisperiodistico.com\/wp-content\/uploads\/2023\/10\/img-20231024-wa00101457240897421807354-1024x577.jpg\" alt=\"\" class=\"wp-image-20270\" srcset=\"https:\/\/contextoanalisisperiodistico.com\/wp-content\/uploads\/2023\/10\/img-20231024-wa00101457240897421807354-1024x577.jpg 1024w, https:\/\/contextoanalisisperiodistico.com\/wp-content\/uploads\/2023\/10\/img-20231024-wa00101457240897421807354-300x169.jpg 300w, https:\/\/contextoanalisisperiodistico.com\/wp-content\/uploads\/2023\/10\/img-20231024-wa00101457240897421807354-768x432.jpg 768w, https:\/\/contextoanalisisperiodistico.com\/wp-content\/uploads\/2023\/10\/img-20231024-wa00101457240897421807354-1536x865.jpg 1536w, https:\/\/contextoanalisisperiodistico.com\/wp-content\/uploads\/2023\/10\/img-20231024-wa00101457240897421807354.jpg 1600w\" sizes=\"(max-width: 1024px) 100vw, 1024px\" \/><\/figure>\n","protected":false},"excerpt":{"rendered":"<p>\u2022 El objetivo es brindar las herramientas necesarias para que profesionales de la salud ofrezcan&#8230;<\/p>\n","protected":false},"author":4,"featured_media":20269,"comment_status":"","ping_status":"open","sticky":false,"template":"","format":"standard","meta":{"footnotes":""},"categories":[92],"tags":[],"jetpack_sharing_enabled":true,"featured_image_urls":{"full":["https:\/\/contextoanalisisperiodistico.com\/wp-content\/uploads\/2023\/10\/IMG-20231024-WA0010.jpg",1600,901,false],"thumbnail":["https:\/\/contextoanalisisperiodistico.com\/wp-content\/uploads\/2023\/10\/IMG-20231024-WA0010-150x150.jpg",150,150,true],"medium":["https:\/\/contextoanalisisperiodistico.com\/wp-content\/uploads\/2023\/10\/IMG-20231024-WA0010-300x169.jpg",300,169,true],"medium_large":["https:\/\/contextoanalisisperiodistico.com\/wp-content\/uploads\/2023\/10\/IMG-20231024-WA0010-768x432.jpg",640,360,true],"large":["https:\/\/contextoanalisisperiodistico.com\/wp-content\/uploads\/2023\/10\/IMG-20231024-WA0010-1024x577.jpg",640,361,true],"1536x1536":["https:\/\/contextoanalisisperiodistico.com\/wp-content\/uploads\/2023\/10\/IMG-20231024-WA0010-1536x865.jpg",1536,865,true],"2048x2048":["https:\/\/contextoanalisisperiodistico.com\/wp-content\/uploads\/2023\/10\/IMG-20231024-WA0010.jpg",1600,901,false],"covernews-slider-full":["https:\/\/contextoanalisisperiodistico.com\/wp-content\/uploads\/2023\/10\/IMG-20231024-WA0010-1115x715.jpg",1115,715,true],"covernews-slider-center":["https:\/\/contextoanalisisperiodistico.com\/wp-content\/uploads\/2023\/10\/IMG-20231024-WA0010-800x500.jpg",800,500,true],"covernews-featured":["https:\/\/contextoanalisisperiodistico.com\/wp-content\/uploads\/2023\/10\/IMG-20231024-WA0010-1024x577.jpg",1024,577,true],"covernews-medium":["https:\/\/contextoanalisisperiodistico.com\/wp-content\/uploads\/2023\/10\/IMG-20231024-WA0010-540x340.jpg",540,340,true],"covernews-medium-square":["https:\/\/contextoanalisisperiodistico.com\/wp-content\/uploads\/2023\/10\/IMG-20231024-WA0010-400x250.jpg",400,250,true]},"author_info":{"display_name":"Mario Gir\u00f3n","author_link":"https:\/\/contextoanalisisperiodistico.com\/index.php\/author\/director\/"},"category_info":"<a href=\"https:\/\/contextoanalisisperiodistico.com\/index.php\/category\/salud\/\" rel=\"category tag\">Salud<\/a>","tag_info":"Salud","comment_count":"0","jetpack_featured_media_url":"https:\/\/contextoanalisisperiodistico.com\/wp-content\/uploads\/2023\/10\/IMG-20231024-WA0010.jpg","_links":{"self":[{"href":"https:\/\/contextoanalisisperiodistico.com\/index.php\/wp-json\/wp\/v2\/posts\/20271"}],"collection":[{"href":"https:\/\/contextoanalisisperiodistico.com\/index.php\/wp-json\/wp\/v2\/posts"}],"about":[{"href":"https:\/\/contextoanalisisperiodistico.com\/index.php\/wp-json\/wp\/v2\/types\/post"}],"author":[{"embeddable":true,"href":"https:\/\/contextoanalisisperiodistico.com\/index.php\/wp-json\/wp\/v2\/users\/4"}],"replies":[{"embeddable":true,"href":"https:\/\/contextoanalisisperiodistico.com\/index.php\/wp-json\/wp\/v2\/comments?post=20271"}],"version-history":[{"count":0,"href":"https:\/\/contextoanalisisperiodistico.com\/index.php\/wp-json\/wp\/v2\/posts\/20271\/revisions"}],"wp:featuredmedia":[{"embeddable":true,"href":"https:\/\/contextoanalisisperiodistico.com\/index.php\/wp-json\/wp\/v2\/media\/20269"}],"wp:attachment":[{"href":"https:\/\/contextoanalisisperiodistico.com\/index.php\/wp-json\/wp\/v2\/media?parent=20271"}],"wp:term":[{"taxonomy":"category","embeddable":true,"href":"https:\/\/contextoanalisisperiodistico.com\/index.php\/wp-json\/wp\/v2\/categories?post=20271"},{"taxonomy":"post_tag","embeddable":true,"href":"https:\/\/contextoanalisisperiodistico.com\/index.php\/wp-json\/wp\/v2\/tags?post=20271"}],"curies":[{"name":"wp","href":"https:\/\/api.w.org\/{rel}","templated":true}]}}