{"id":20195,"date":"2023-10-22T14:25:25","date_gmt":"2023-10-22T20:25:25","guid":{"rendered":"https:\/\/contextoanalisisperiodistico.com\/index.php\/2023\/10\/22\/invita-nino-morales-a-fortalecer-la-cuarta-transformacion\/"},"modified":"2023-10-22T14:25:25","modified_gmt":"2023-10-22T20:25:25","slug":"invita-nino-morales-a-fortalecer-la-cuarta-transformacion","status":"publish","type":"post","link":"https:\/\/contextoanalisisperiodistico.com\/index.php\/2023\/10\/22\/invita-nino-morales-a-fortalecer-la-cuarta-transformacion\/","title":{"rendered":"Invita Nino Morales a fortalecer la Cuarta Transformaci\u00f3n"},"content":{"rendered":"<div id=\"fb-root\"><\/div>\n\n<p>*Militantes y simpatizantes del partido guinda guardaron un minuto de silencio en memoria de Raciel Cabrera<\/p>\n\n\n\n<figure class=\"wp-block-image size-large\"><img fetchpriority=\"high\" decoding=\"async\" width=\"1024\" height=\"683\" src=\"https:\/\/contextoanalisisperiodistico.com\/wp-content\/uploads\/2023\/10\/img-20231022-wa00701790995781940593628-1024x683.jpg\" alt=\"\" class=\"wp-image-20193\" srcset=\"https:\/\/contextoanalisisperiodistico.com\/wp-content\/uploads\/2023\/10\/img-20231022-wa00701790995781940593628-1024x683.jpg 1024w, https:\/\/contextoanalisisperiodistico.com\/wp-content\/uploads\/2023\/10\/img-20231022-wa00701790995781940593628-300x200.jpg 300w, https:\/\/contextoanalisisperiodistico.com\/wp-content\/uploads\/2023\/10\/img-20231022-wa00701790995781940593628-768x512.jpg 768w, https:\/\/contextoanalisisperiodistico.com\/wp-content\/uploads\/2023\/10\/img-20231022-wa00701790995781940593628-1536x1024.jpg 1536w, https:\/\/contextoanalisisperiodistico.com\/wp-content\/uploads\/2023\/10\/img-20231022-wa00701790995781940593628-2048x1366.jpg 2048w\" sizes=\"(max-width: 1024px) 100vw, 1024px\" \/><\/figure>\n\n\n\n<figure class=\"wp-block-image\"><img decoding=\"async\" width=\"1024\" height=\"683\" src=\"https:\/\/contextoanalisisperiodistico.com\/wp-content\/uploads\/2023\/10\/img-20231022-wa00722211881657150148915-1024x683.jpg\" alt=\"\" class=\"wp-image-20194\" srcset=\"https:\/\/contextoanalisisperiodistico.com\/wp-content\/uploads\/2023\/10\/img-20231022-wa00722211881657150148915-1024x683.jpg 1024w, https:\/\/contextoanalisisperiodistico.com\/wp-content\/uploads\/2023\/10\/img-20231022-wa00722211881657150148915-300x200.jpg 300w, https:\/\/contextoanalisisperiodistico.com\/wp-content\/uploads\/2023\/10\/img-20231022-wa00722211881657150148915-768x512.jpg 768w, https:\/\/contextoanalisisperiodistico.com\/wp-content\/uploads\/2023\/10\/img-20231022-wa00722211881657150148915-1536x1024.jpg 1536w, https:\/\/contextoanalisisperiodistico.com\/wp-content\/uploads\/2023\/10\/img-20231022-wa00722211881657150148915-2048x1366.jpg 2048w\" sizes=\"(max-width: 1024px) 100vw, 1024px\" \/><\/figure>\n\n\n\n<p>Oaxaca de Ju\u00e1rez, Oax.- 22 de octubre de 2023.- Al iInvitar a militantes y simpatizantes del movimiento de Regeneraci\u00f3n Nacional a seguir fortaleciendo la transformaci\u00f3n en el estado, Antonino Morales Toledo, referente estatal de la 4T, destac\u00f3 que la esperanza une a M\u00e9xico, porque devuelve la dignidad al pueblo.<\/p>\n\n\n\n<p>Teniendo como escenario el auditorio Guelaguetza, &#8211; testigo fiel de la primera Asamblea Constitutiva de morena y que marc\u00f3 la pauta a nivel nacional, &#8211; el joven fundador del partido guinda, se\u00f1al\u00f3 que las Asambleas Informativas en las que participa a invitaci\u00f3n de militantes y simpatizantes del movimiento, conlleva a fortalecer la unidad y organiza a la militancia.<\/p>\n\n\n\n<p>Nino Morales, tambi\u00e9n destac\u00f3 que las Asambleas Informativas permite mantener un di\u00e1logo directo y sincero con el pueblo que asiste, toda vez que representa tambi\u00e9n la herramienta democr\u00e1tica por excelencia de la organizaci\u00f3n.<\/p>\n\n\n\n<p>\u00abEstamos aqu\u00ed, como personas libres e informadas, preocupadas por el destino pol\u00edtico de nuestro pueblo.&nbsp;<br \/>Nos une la esperanza de llevar a buen puerto la transformaci\u00f3n de M\u00e9xico, iniciada de manera brillante por nuestro gran presidente Andr\u00e9s Manuel L\u00f3pez Obradoor, a trav\u00e9s de un gobierno que se ha ganado a pulso su lugar en la Historia\u00bb, afirm\u00f3 el pol\u00edtico del Istmo.<\/p>\n\n\n\n<p>Cabe mencionar que al inicio de su discurso, Antonino Morales Toledo, pidi\u00f3 guardar un minuto de silencio en memoria de Raciel Cabrera Garc\u00eda, como homenaje a su labor y tras formar parte de la transformaci\u00f3n del estado.<\/p>\n\n\n\n<p><\/p>\n","protected":false},"excerpt":{"rendered":"<p>*Militantes y simpatizantes del partido guinda guardaron un minuto de silencio en memoria de Raciel&#8230;<\/p>\n","protected":false},"author":4,"featured_media":20192,"comment_status":"","ping_status":"open","sticky":false,"template":"","format":"standard","meta":{"footnotes":""},"categories":[9],"tags":[],"jetpack_sharing_enabled":true,"featured_image_urls":{"full":["https:\/\/contextoanalisisperiodistico.com\/wp-content\/uploads\/2023\/10\/IMG-20231022-WA0068-scaled.jpg",2560,1707,false],"thumbnail":["https:\/\/contextoanalisisperiodistico.com\/wp-content\/uploads\/2023\/10\/IMG-20231022-WA0068-150x150.jpg",150,150,true],"medium":["https:\/\/contextoanalisisperiodistico.com\/wp-content\/uploads\/2023\/10\/IMG-20231022-WA0068-300x200.jpg",300,200,true],"medium_large":["https:\/\/contextoanalisisperiodistico.com\/wp-content\/uploads\/2023\/10\/IMG-20231022-WA0068-768x512.jpg",640,427,true],"large":["https:\/\/contextoanalisisperiodistico.com\/wp-content\/uploads\/2023\/10\/IMG-20231022-WA0068-1024x683.jpg",640,427,true],"1536x1536":["https:\/\/contextoanalisisperiodistico.com\/wp-content\/uploads\/2023\/10\/IMG-20231022-WA0068-1536x1024.jpg",1536,1024,true],"2048x2048":["https:\/\/contextoanalisisperiodistico.com\/wp-content\/uploads\/2023\/10\/IMG-20231022-WA0068-2048x1366.jpg",2048,1366,true],"covernews-slider-full":["https:\/\/contextoanalisisperiodistico.com\/wp-content\/uploads\/2023\/10\/IMG-20231022-WA0068-1115x715.jpg",1115,715,true],"covernews-slider-center":["https:\/\/contextoanalisisperiodistico.com\/wp-content\/uploads\/2023\/10\/IMG-20231022-WA0068-800x500.jpg",800,500,true],"covernews-featured":["https:\/\/contextoanalisisperiodistico.com\/wp-content\/uploads\/2023\/10\/IMG-20231022-WA0068-1024x683.jpg",1024,683,true],"covernews-medium":["https:\/\/contextoanalisisperiodistico.com\/wp-content\/uploads\/2023\/10\/IMG-20231022-WA0068-540x340.jpg",540,340,true],"covernews-medium-square":["https:\/\/contextoanalisisperiodistico.com\/wp-content\/uploads\/2023\/10\/IMG-20231022-WA0068-400x250.jpg",400,250,true]},"author_info":{"display_name":"Mario Gir\u00f3n","author_link":"https:\/\/contextoanalisisperiodistico.com\/index.php\/author\/director\/"},"category_info":"<a href=\"https:\/\/contextoanalisisperiodistico.com\/index.php\/category\/politica\/\" rel=\"category tag\">Pol\u00edtica<\/a>","tag_info":"Pol\u00edtica","comment_count":"0","jetpack_featured_media_url":"https:\/\/contextoanalisisperiodistico.com\/wp-content\/uploads\/2023\/10\/IMG-20231022-WA0068-scaled.jpg","_links":{"self":[{"href":"https:\/\/contextoanalisisperiodistico.com\/index.php\/wp-json\/wp\/v2\/posts\/20195"}],"collection":[{"href":"https:\/\/contextoanalisisperiodistico.com\/index.php\/wp-json\/wp\/v2\/posts"}],"about":[{"href":"https:\/\/contextoanalisisperiodistico.com\/index.php\/wp-json\/wp\/v2\/types\/post"}],"author":[{"embeddable":true,"href":"https:\/\/contextoanalisisperiodistico.com\/index.php\/wp-json\/wp\/v2\/users\/4"}],"replies":[{"embeddable":true,"href":"https:\/\/contextoanalisisperiodistico.com\/index.php\/wp-json\/wp\/v2\/comments?post=20195"}],"version-history":[{"count":0,"href":"https:\/\/contextoanalisisperiodistico.com\/index.php\/wp-json\/wp\/v2\/posts\/20195\/revisions"}],"wp:featuredmedia":[{"embeddable":true,"href":"https:\/\/contextoanalisisperiodistico.com\/index.php\/wp-json\/wp\/v2\/media\/20192"}],"wp:attachment":[{"href":"https:\/\/contextoanalisisperiodistico.com\/index.php\/wp-json\/wp\/v2\/media?parent=20195"}],"wp:term":[{"taxonomy":"category","embeddable":true,"href":"https:\/\/contextoanalisisperiodistico.com\/index.php\/wp-json\/wp\/v2\/categories?post=20195"},{"taxonomy":"post_tag","embeddable":true,"href":"https:\/\/contextoanalisisperiodistico.com\/index.php\/wp-json\/wp\/v2\/tags?post=20195"}],"curies":[{"name":"wp","href":"https:\/\/api.w.org\/{rel}","templated":true}]}}