{"id":20172,"date":"2023-10-21T19:24:38","date_gmt":"2023-10-22T01:24:38","guid":{"rendered":"https:\/\/contextoanalisisperiodistico.com\/index.php\/2023\/10\/21\/lleva-fundacion-nino-proyeccion-del-universo-a-escuelas-de-oaxaca\/"},"modified":"2023-10-21T19:24:38","modified_gmt":"2023-10-22T01:24:38","slug":"lleva-fundacion-nino-proyeccion-del-universo-a-escuelas-de-oaxaca","status":"publish","type":"post","link":"https:\/\/contextoanalisisperiodistico.com\/index.php\/2023\/10\/21\/lleva-fundacion-nino-proyeccion-del-universo-a-escuelas-de-oaxaca\/","title":{"rendered":"Lleva Fundaci\u00f3n Nino, proyecci\u00f3n del universo a escuelas de Oaxaca"},"content":{"rendered":"<div id=\"fb-root\"><\/div>\n\n<p>La Fundaci\u00f3n Nino, se\u00f1al\u00f3 que las y los ni\u00f1os son el principal motor para seguir viviendo experiencias extraordinarias.<\/p>\n\n\n\n<p>A trav\u00e9s del Planetario M\u00f3vil, llevan a la ni\u00f1ez a ver de cerca el universo y todo el espacio.<\/p>\n\n\n\n<p>As\u00ed ocurri\u00f3 con la escuela primaria \u00abProfesor Jacobo Herrera Salazar\u00bb, del turno matutino y vespertino, de la colonia del Maestro. En ese plantel  se proyect\u00f3 la historia del universo lo que result\u00f3 de gran inter\u00e9s para el alumnado.<\/p>\n\n\n\n<figure class=\"wp-block-video\"><video controls src=\"https:\/\/contextoanalisisperiodistico.com\/wp-content\/uploads\/2023\/10\/VID-20231021-WA0070.mp4\"><\/video><\/figure>\n\n\n\n<figure class=\"wp-block-image size-large\"><img fetchpriority=\"high\" decoding=\"async\" width=\"656\" height=\"392\" src=\"https:\/\/contextoanalisisperiodistico.com\/wp-content\/uploads\/2023\/10\/screenshot_20231021_190954_whatsapp2502269498643786776.jpg\" alt=\"\" class=\"wp-image-20171\" srcset=\"https:\/\/contextoanalisisperiodistico.com\/wp-content\/uploads\/2023\/10\/screenshot_20231021_190954_whatsapp2502269498643786776.jpg 656w, https:\/\/contextoanalisisperiodistico.com\/wp-content\/uploads\/2023\/10\/screenshot_20231021_190954_whatsapp2502269498643786776-300x179.jpg 300w\" sizes=\"(max-width: 656px) 100vw, 656px\" \/><\/figure>\n\n\n\n<figure class=\"wp-block-image\"><img decoding=\"async\" width=\"300\" height=\"194\" src=\"https:\/\/contextoanalisisperiodistico.com\/wp-content\/uploads\/2023\/10\/screenshot_20231021_191031_whatsapp1050706544903192415-300x194.jpg\" alt=\"\" class=\"wp-image-20169\" srcset=\"https:\/\/contextoanalisisperiodistico.com\/wp-content\/uploads\/2023\/10\/screenshot_20231021_191031_whatsapp1050706544903192415-300x194.jpg 300w, https:\/\/contextoanalisisperiodistico.com\/wp-content\/uploads\/2023\/10\/screenshot_20231021_191031_whatsapp1050706544903192415.jpg 640w\" sizes=\"(max-width: 300px) 100vw, 300px\" \/><\/figure>\n\n\n\n<figure class=\"wp-block-image\"><img decoding=\"async\" width=\"300\" height=\"182\" src=\"https:\/\/contextoanalisisperiodistico.com\/wp-content\/uploads\/2023\/10\/screenshot_20231021_191041_whatsapp5093949463606255566-300x182.jpg\" alt=\"\" class=\"wp-image-20168\" srcset=\"https:\/\/contextoanalisisperiodistico.com\/wp-content\/uploads\/2023\/10\/screenshot_20231021_191041_whatsapp5093949463606255566-300x182.jpg 300w, https:\/\/contextoanalisisperiodistico.com\/wp-content\/uploads\/2023\/10\/screenshot_20231021_191041_whatsapp5093949463606255566.jpg 649w\" sizes=\"(max-width: 300px) 100vw, 300px\" \/><\/figure>\n\n\n\n<figure class=\"wp-block-image\"><img loading=\"lazy\" decoding=\"async\" width=\"300\" height=\"219\" src=\"https:\/\/contextoanalisisperiodistico.com\/wp-content\/uploads\/2023\/10\/screenshot_20231021_191044_whatsapp652945905754684388-300x219.jpg\" alt=\"\" class=\"wp-image-20170\" srcset=\"https:\/\/contextoanalisisperiodistico.com\/wp-content\/uploads\/2023\/10\/screenshot_20231021_191044_whatsapp652945905754684388-300x219.jpg 300w, https:\/\/contextoanalisisperiodistico.com\/wp-content\/uploads\/2023\/10\/screenshot_20231021_191044_whatsapp652945905754684388.jpg 567w\" sizes=\"(max-width: 300px) 100vw, 300px\" \/><\/figure>\n\n\n\n<figure class=\"wp-block-image\"><img loading=\"lazy\" decoding=\"async\" width=\"300\" height=\"174\" src=\"https:\/\/contextoanalisisperiodistico.com\/wp-content\/uploads\/2023\/10\/screenshot_20231021_191049_whatsapp1455303641512032734-300x174.jpg\" alt=\"\" class=\"wp-image-20167\" srcset=\"https:\/\/contextoanalisisperiodistico.com\/wp-content\/uploads\/2023\/10\/screenshot_20231021_191049_whatsapp1455303641512032734-300x174.jpg 300w, https:\/\/contextoanalisisperiodistico.com\/wp-content\/uploads\/2023\/10\/screenshot_20231021_191049_whatsapp1455303641512032734.jpg 711w\" sizes=\"(max-width: 300px) 100vw, 300px\" \/><\/figure>\n\n\n\n<p>La Fundaci\u00f3n Nino, agradeci\u00f3 la confianza de compartir esta maravillosa experiencia.<\/p>\n","protected":false},"excerpt":{"rendered":"<p>La Fundaci\u00f3n Nino, se\u00f1al\u00f3 que las y los ni\u00f1os son el principal motor para seguir&#8230;<\/p>\n","protected":false},"author":4,"featured_media":20165,"comment_status":"","ping_status":"open","sticky":false,"template":"","format":"standard","meta":{"footnotes":""},"categories":[9],"tags":[],"jetpack_sharing_enabled":true,"featured_image_urls":{"full":["https:\/\/contextoanalisisperiodistico.com\/wp-content\/uploads\/2023\/10\/Screenshot_20231021_191020_WhatsApp.jpg",707,410,false],"thumbnail":["https:\/\/contextoanalisisperiodistico.com\/wp-content\/uploads\/2023\/10\/Screenshot_20231021_191020_WhatsApp-150x150.jpg",150,150,true],"medium":["https:\/\/contextoanalisisperiodistico.com\/wp-content\/uploads\/2023\/10\/Screenshot_20231021_191020_WhatsApp-300x174.jpg",300,174,true],"medium_large":["https:\/\/contextoanalisisperiodistico.com\/wp-content\/uploads\/2023\/10\/Screenshot_20231021_191020_WhatsApp.jpg",640,371,false],"large":["https:\/\/contextoanalisisperiodistico.com\/wp-content\/uploads\/2023\/10\/Screenshot_20231021_191020_WhatsApp.jpg",640,371,false],"1536x1536":["https:\/\/contextoanalisisperiodistico.com\/wp-content\/uploads\/2023\/10\/Screenshot_20231021_191020_WhatsApp.jpg",707,410,false],"2048x2048":["https:\/\/contextoanalisisperiodistico.com\/wp-content\/uploads\/2023\/10\/Screenshot_20231021_191020_WhatsApp.jpg",707,410,false],"covernews-slider-full":["https:\/\/contextoanalisisperiodistico.com\/wp-content\/uploads\/2023\/10\/Screenshot_20231021_191020_WhatsApp.jpg",707,410,false],"covernews-slider-center":["https:\/\/contextoanalisisperiodistico.com\/wp-content\/uploads\/2023\/10\/Screenshot_20231021_191020_WhatsApp.jpg",707,410,false],"covernews-featured":["https:\/\/contextoanalisisperiodistico.com\/wp-content\/uploads\/2023\/10\/Screenshot_20231021_191020_WhatsApp.jpg",707,410,false],"covernews-medium":["https:\/\/contextoanalisisperiodistico.com\/wp-content\/uploads\/2023\/10\/Screenshot_20231021_191020_WhatsApp-540x340.jpg",540,340,true],"covernews-medium-square":["https:\/\/contextoanalisisperiodistico.com\/wp-content\/uploads\/2023\/10\/Screenshot_20231021_191020_WhatsApp-400x250.jpg",400,250,true]},"author_info":{"display_name":"Mario Gir\u00f3n","author_link":"https:\/\/contextoanalisisperiodistico.com\/index.php\/author\/director\/"},"category_info":"<a href=\"https:\/\/contextoanalisisperiodistico.com\/index.php\/category\/politica\/\" rel=\"category tag\">Pol\u00edtica<\/a>","tag_info":"Pol\u00edtica","comment_count":"0","jetpack_featured_media_url":"https:\/\/contextoanalisisperiodistico.com\/wp-content\/uploads\/2023\/10\/Screenshot_20231021_191020_WhatsApp.jpg","_links":{"self":[{"href":"https:\/\/contextoanalisisperiodistico.com\/index.php\/wp-json\/wp\/v2\/posts\/20172"}],"collection":[{"href":"https:\/\/contextoanalisisperiodistico.com\/index.php\/wp-json\/wp\/v2\/posts"}],"about":[{"href":"https:\/\/contextoanalisisperiodistico.com\/index.php\/wp-json\/wp\/v2\/types\/post"}],"author":[{"embeddable":true,"href":"https:\/\/contextoanalisisperiodistico.com\/index.php\/wp-json\/wp\/v2\/users\/4"}],"replies":[{"embeddable":true,"href":"https:\/\/contextoanalisisperiodistico.com\/index.php\/wp-json\/wp\/v2\/comments?post=20172"}],"version-history":[{"count":0,"href":"https:\/\/contextoanalisisperiodistico.com\/index.php\/wp-json\/wp\/v2\/posts\/20172\/revisions"}],"wp:featuredmedia":[{"embeddable":true,"href":"https:\/\/contextoanalisisperiodistico.com\/index.php\/wp-json\/wp\/v2\/media\/20165"}],"wp:attachment":[{"href":"https:\/\/contextoanalisisperiodistico.com\/index.php\/wp-json\/wp\/v2\/media?parent=20172"}],"wp:term":[{"taxonomy":"category","embeddable":true,"href":"https:\/\/contextoanalisisperiodistico.com\/index.php\/wp-json\/wp\/v2\/categories?post=20172"},{"taxonomy":"post_tag","embeddable":true,"href":"https:\/\/contextoanalisisperiodistico.com\/index.php\/wp-json\/wp\/v2\/tags?post=20172"}],"curies":[{"name":"wp","href":"https:\/\/api.w.org\/{rel}","templated":true}]}}