{"id":20162,"date":"2023-10-21T19:02:01","date_gmt":"2023-10-22T01:02:01","guid":{"rendered":"https:\/\/contextoanalisisperiodistico.com\/index.php\/2023\/10\/21\/oaxaca-de-juarez-modelo-de-ciudad-educadora\/"},"modified":"2023-10-21T19:04:31","modified_gmt":"2023-10-22T01:04:31","slug":"oaxaca-de-juarez-modelo-de-ciudad-educadora","status":"publish","type":"post","link":"https:\/\/contextoanalisisperiodistico.com\/index.php\/2023\/10\/21\/oaxaca-de-juarez-modelo-de-ciudad-educadora\/","title":{"rendered":"Oaxaca de Ju\u00e1rez: modelo de Ciudad Educadora"},"content":{"rendered":"<div id=\"fb-root\"><\/div>\n\n<p>\u2022 Francisco Mart\u00ednez Neri, destac\u00f3 la importancia de la transformaci\u00f3n social a trav\u00e9s de la educaci\u00f3n.<\/p>\n\n\n\n<figure class=\"wp-block-image size-large\"><img fetchpriority=\"high\" decoding=\"async\" width=\"1024\" height=\"684\" src=\"https:\/\/contextoanalisisperiodistico.com\/wp-content\/uploads\/2023\/10\/img-20231021-wa0064715237879402551569-1024x684.jpg\" alt=\"\" class=\"wp-image-20161\" srcset=\"https:\/\/contextoanalisisperiodistico.com\/wp-content\/uploads\/2023\/10\/img-20231021-wa0064715237879402551569-1024x684.jpg 1024w, https:\/\/contextoanalisisperiodistico.com\/wp-content\/uploads\/2023\/10\/img-20231021-wa0064715237879402551569-300x200.jpg 300w, https:\/\/contextoanalisisperiodistico.com\/wp-content\/uploads\/2023\/10\/img-20231021-wa0064715237879402551569-768x513.jpg 768w, https:\/\/contextoanalisisperiodistico.com\/wp-content\/uploads\/2023\/10\/img-20231021-wa0064715237879402551569-1536x1026.jpg 1536w, https:\/\/contextoanalisisperiodistico.com\/wp-content\/uploads\/2023\/10\/img-20231021-wa0064715237879402551569.jpg 1579w\" sizes=\"(max-width: 1024px) 100vw, 1024px\" \/><\/figure>\n\n\n\n<figure class=\"wp-block-image\"><img decoding=\"async\" width=\"1024\" height=\"684\" src=\"https:\/\/contextoanalisisperiodistico.com\/wp-content\/uploads\/2023\/10\/img-20231021-wa0066989959209940686936-1024x684.jpg\" alt=\"\" class=\"wp-image-20159\" srcset=\"https:\/\/contextoanalisisperiodistico.com\/wp-content\/uploads\/2023\/10\/img-20231021-wa0066989959209940686936-1024x684.jpg 1024w, https:\/\/contextoanalisisperiodistico.com\/wp-content\/uploads\/2023\/10\/img-20231021-wa0066989959209940686936-300x200.jpg 300w, https:\/\/contextoanalisisperiodistico.com\/wp-content\/uploads\/2023\/10\/img-20231021-wa0066989959209940686936-768x513.jpg 768w, https:\/\/contextoanalisisperiodistico.com\/wp-content\/uploads\/2023\/10\/img-20231021-wa0066989959209940686936-1536x1026.jpg 1536w, https:\/\/contextoanalisisperiodistico.com\/wp-content\/uploads\/2023\/10\/img-20231021-wa0066989959209940686936.jpg 1600w\" sizes=\"(max-width: 1024px) 100vw, 1024px\" \/><\/figure>\n\n\n\n<figure class=\"wp-block-image\"><img decoding=\"async\" width=\"1024\" height=\"684\" src=\"https:\/\/contextoanalisisperiodistico.com\/wp-content\/uploads\/2023\/10\/img-20231021-wa00639044500649314937476-1024x684.jpg\" alt=\"\" class=\"wp-image-20158\" srcset=\"https:\/\/contextoanalisisperiodistico.com\/wp-content\/uploads\/2023\/10\/img-20231021-wa00639044500649314937476-1024x684.jpg 1024w, https:\/\/contextoanalisisperiodistico.com\/wp-content\/uploads\/2023\/10\/img-20231021-wa00639044500649314937476-300x200.jpg 300w, https:\/\/contextoanalisisperiodistico.com\/wp-content\/uploads\/2023\/10\/img-20231021-wa00639044500649314937476-768x513.jpg 768w, https:\/\/contextoanalisisperiodistico.com\/wp-content\/uploads\/2023\/10\/img-20231021-wa00639044500649314937476-1536x1026.jpg 1536w, https:\/\/contextoanalisisperiodistico.com\/wp-content\/uploads\/2023\/10\/img-20231021-wa00639044500649314937476.jpg 1600w\" sizes=\"(max-width: 1024px) 100vw, 1024px\" \/><\/figure>\n\n\n\n<figure class=\"wp-block-image\"><img loading=\"lazy\" decoding=\"async\" width=\"1024\" height=\"684\" src=\"https:\/\/contextoanalisisperiodistico.com\/wp-content\/uploads\/2023\/10\/img-20231021-wa00629095304743684788602-1024x684.jpg\" alt=\"\" class=\"wp-image-20157\" srcset=\"https:\/\/contextoanalisisperiodistico.com\/wp-content\/uploads\/2023\/10\/img-20231021-wa00629095304743684788602-1024x684.jpg 1024w, https:\/\/contextoanalisisperiodistico.com\/wp-content\/uploads\/2023\/10\/img-20231021-wa00629095304743684788602-300x200.jpg 300w, https:\/\/contextoanalisisperiodistico.com\/wp-content\/uploads\/2023\/10\/img-20231021-wa00629095304743684788602-768x513.jpg 768w, https:\/\/contextoanalisisperiodistico.com\/wp-content\/uploads\/2023\/10\/img-20231021-wa00629095304743684788602-1536x1026.jpg 1536w, https:\/\/contextoanalisisperiodistico.com\/wp-content\/uploads\/2023\/10\/img-20231021-wa00629095304743684788602.jpg 1600w\" sizes=\"(max-width: 1024px) 100vw, 1024px\" \/><\/figure>\n\n\n\n<figure class=\"wp-block-image\"><img loading=\"lazy\" decoding=\"async\" width=\"1024\" height=\"684\" src=\"https:\/\/contextoanalisisperiodistico.com\/wp-content\/uploads\/2023\/10\/img-20231021-wa00658853096769647858912-1024x684.jpg\" alt=\"\" class=\"wp-image-20160\" srcset=\"https:\/\/contextoanalisisperiodistico.com\/wp-content\/uploads\/2023\/10\/img-20231021-wa00658853096769647858912-1024x684.jpg 1024w, https:\/\/contextoanalisisperiodistico.com\/wp-content\/uploads\/2023\/10\/img-20231021-wa00658853096769647858912-300x200.jpg 300w, https:\/\/contextoanalisisperiodistico.com\/wp-content\/uploads\/2023\/10\/img-20231021-wa00658853096769647858912-768x513.jpg 768w, https:\/\/contextoanalisisperiodistico.com\/wp-content\/uploads\/2023\/10\/img-20231021-wa00658853096769647858912-1536x1026.jpg 1536w, https:\/\/contextoanalisisperiodistico.com\/wp-content\/uploads\/2023\/10\/img-20231021-wa00658853096769647858912.jpg 1600w\" sizes=\"(max-width: 1024px) 100vw, 1024px\" \/><\/figure>\n\n\n\n<p>Oaxaca de Ju\u00e1rez, Oax., a 21 de octubre de 2023.- Como parte de las actividades de la Feria Internacional del Libro de Oaxaca 2023, el presidente municipal de Oaxaca de Ju\u00e1rez, Francisco Mart\u00ednez Neri present\u00f3 en el Centro Cultural y de Convenciones de Oaxaca, la ponencia Oaxaca de Ju\u00e1rez: Modelo de Ciudad Educadora.<\/p>\n\n\n\n<p>En su intervenci\u00f3n, el edil capitalino, quien ha impulsado esta acci\u00f3n, destac\u00f3 la importancia del concepto de \u00abciudad educadora\u00bb como estrategia fundamental para la construcci\u00f3n de un gobierno municipal progresista y humanista. Este enfoque gubernamental coloca a la educaci\u00f3n en el centro de su proyecto de ciudad, priorizando la participaci\u00f3n ciudadana y fomentando una verdadera transformaci\u00f3n social.<\/p>\n\n\n\n<p>El modelo de ciudad educadora, que ha adoptado la actual administraci\u00f3n municipal, busca inculcar la educaci\u00f3n como una herramienta de transformaci\u00f3n social y promover actitudes y valores que enriquezcan la vida de las ciudadanas y ciudadanos. Oaxaca de Ju\u00e1rez es una de las ciudades que se han proclamado como educadoras en M\u00e9xico, junto a otras como Celaya, Le\u00f3n, Chihuahua, Ciudad de M\u00e9xico, y m\u00e1s. El objetivo es que otras ciudades sigan este camino y promuevan una \u00abrep\u00fablica educadora\u00bb en todo el pa\u00eds.<\/p>\n\n\n\n<p>En este sentido, una ciudad educadora se basa en principios fundamentales, como la educaci\u00f3n inclusiva a lo largo de la vida y la promoci\u00f3n de una cultura de paz y seguridad p\u00fablica. Tambi\u00e9n aborda cuestiones importantes, como el cuidado de los animales y la transformaci\u00f3n de vidas a trav\u00e9s del arte.<br \/>Mart\u00ednez Neri destac\u00f3 la importancia de la educaci\u00f3n continua y c\u00f3mo las expresiones art\u00edsticas cambian la vida de las personas.<\/p>\n\n\n\n<p>El edil subray\u00f3 la necesidad de que la ciudadan\u00eda participe y se comprometa en la construcci\u00f3n de una ciudad educadora. Al final de su ponencia, manifest\u00f3 su deseo de que haya m\u00e1s ciudades educadoras en el pa\u00eds.<\/p>\n\n\n\n<p>\u201cDeseo que estos conceptos hayan resonado en ustedes y que los compartan con otros. M\u00e1s importante a\u00fan, invito a todos a esforzarnos por mejorar nuestro comportamiento\u201d, acot\u00f3.<\/p>\n\n\n\n<p>Al final de su presentaci\u00f3n agradeci\u00f3 a la directora general de la FIL Oaxaca, Vania Res\u00e9ndiz Cerna, y al coordinador de Programaci\u00f3n de la FILO, Guillermo Quijas, por su invaluable contribuci\u00f3n a la promoci\u00f3n de la cultura y la educaci\u00f3n con la FILO.<\/p>\n\n\n\n<p>De esta forma, esta ponencia enmarcada en la Feria Internacional del Libro de Oaxaca 2023, sirvi\u00f3 como plataforma para promover y celebrar el concepto de ciudad educadora, resaltando el compromiso de Oaxaca de Ju\u00e1rez para seguir siendo un ejemplo en este importante movimiento.<\/p>\n","protected":false},"excerpt":{"rendered":"<p>\u2022 Francisco Mart\u00ednez Neri, destac\u00f3 la importancia de la transformaci\u00f3n social a trav\u00e9s de la&#8230;<\/p>\n","protected":false},"author":4,"featured_media":20156,"comment_status":"closed","ping_status":"open","sticky":false,"template":"","format":"standard","meta":{"footnotes":""},"categories":[9],"tags":[],"jetpack_sharing_enabled":true,"featured_image_urls":{"full":["https:\/\/contextoanalisisperiodistico.com\/wp-content\/uploads\/2023\/10\/IMG-20231021-WA0067.jpg",1600,1069,false],"thumbnail":["https:\/\/contextoanalisisperiodistico.com\/wp-content\/uploads\/2023\/10\/IMG-20231021-WA0067-150x150.jpg",150,150,true],"medium":["https:\/\/contextoanalisisperiodistico.com\/wp-content\/uploads\/2023\/10\/IMG-20231021-WA0067-300x200.jpg",300,200,true],"medium_large":["https:\/\/contextoanalisisperiodistico.com\/wp-content\/uploads\/2023\/10\/IMG-20231021-WA0067-768x513.jpg",640,428,true],"large":["https:\/\/contextoanalisisperiodistico.com\/wp-content\/uploads\/2023\/10\/IMG-20231021-WA0067-1024x684.jpg",640,428,true],"1536x1536":["https:\/\/contextoanalisisperiodistico.com\/wp-content\/uploads\/2023\/10\/IMG-20231021-WA0067-1536x1026.jpg",1536,1026,true],"2048x2048":["https:\/\/contextoanalisisperiodistico.com\/wp-content\/uploads\/2023\/10\/IMG-20231021-WA0067.jpg",1600,1069,false],"covernews-slider-full":["https:\/\/contextoanalisisperiodistico.com\/wp-content\/uploads\/2023\/10\/IMG-20231021-WA0067-1115x715.jpg",1115,715,true],"covernews-slider-center":["https:\/\/contextoanalisisperiodistico.com\/wp-content\/uploads\/2023\/10\/IMG-20231021-WA0067-800x500.jpg",800,500,true],"covernews-featured":["https:\/\/contextoanalisisperiodistico.com\/wp-content\/uploads\/2023\/10\/IMG-20231021-WA0067-1024x684.jpg",1024,684,true],"covernews-medium":["https:\/\/contextoanalisisperiodistico.com\/wp-content\/uploads\/2023\/10\/IMG-20231021-WA0067-540x340.jpg",540,340,true],"covernews-medium-square":["https:\/\/contextoanalisisperiodistico.com\/wp-content\/uploads\/2023\/10\/IMG-20231021-WA0067-400x250.jpg",400,250,true]},"author_info":{"display_name":"Mario Gir\u00f3n","author_link":"https:\/\/contextoanalisisperiodistico.com\/index.php\/author\/director\/"},"category_info":"<a href=\"https:\/\/contextoanalisisperiodistico.com\/index.php\/category\/politica\/\" rel=\"category tag\">Pol\u00edtica<\/a>","tag_info":"Pol\u00edtica","comment_count":"0","jetpack_featured_media_url":"https:\/\/contextoanalisisperiodistico.com\/wp-content\/uploads\/2023\/10\/IMG-20231021-WA0067.jpg","_links":{"self":[{"href":"https:\/\/contextoanalisisperiodistico.com\/index.php\/wp-json\/wp\/v2\/posts\/20162"}],"collection":[{"href":"https:\/\/contextoanalisisperiodistico.com\/index.php\/wp-json\/wp\/v2\/posts"}],"about":[{"href":"https:\/\/contextoanalisisperiodistico.com\/index.php\/wp-json\/wp\/v2\/types\/post"}],"author":[{"embeddable":true,"href":"https:\/\/contextoanalisisperiodistico.com\/index.php\/wp-json\/wp\/v2\/users\/4"}],"replies":[{"embeddable":true,"href":"https:\/\/contextoanalisisperiodistico.com\/index.php\/wp-json\/wp\/v2\/comments?post=20162"}],"version-history":[{"count":2,"href":"https:\/\/contextoanalisisperiodistico.com\/index.php\/wp-json\/wp\/v2\/posts\/20162\/revisions"}],"predecessor-version":[{"id":20164,"href":"https:\/\/contextoanalisisperiodistico.com\/index.php\/wp-json\/wp\/v2\/posts\/20162\/revisions\/20164"}],"wp:featuredmedia":[{"embeddable":true,"href":"https:\/\/contextoanalisisperiodistico.com\/index.php\/wp-json\/wp\/v2\/media\/20156"}],"wp:attachment":[{"href":"https:\/\/contextoanalisisperiodistico.com\/index.php\/wp-json\/wp\/v2\/media?parent=20162"}],"wp:term":[{"taxonomy":"category","embeddable":true,"href":"https:\/\/contextoanalisisperiodistico.com\/index.php\/wp-json\/wp\/v2\/categories?post=20162"},{"taxonomy":"post_tag","embeddable":true,"href":"https:\/\/contextoanalisisperiodistico.com\/index.php\/wp-json\/wp\/v2\/tags?post=20162"}],"curies":[{"name":"wp","href":"https:\/\/api.w.org\/{rel}","templated":true}]}}