{"id":20155,"date":"2023-10-21T15:30:53","date_gmt":"2023-10-21T21:30:53","guid":{"rendered":"https:\/\/contextoanalisisperiodistico.com\/index.php\/2023\/10\/21\/pleno-del-ogaipo-resuelve-recursos-de-revision-interpuestos-por-la-sociedad\/"},"modified":"2023-10-21T15:30:53","modified_gmt":"2023-10-21T21:30:53","slug":"pleno-del-ogaipo-resuelve-recursos-de-revision-interpuestos-por-la-sociedad","status":"publish","type":"post","link":"https:\/\/contextoanalisisperiodistico.com\/index.php\/2023\/10\/21\/pleno-del-ogaipo-resuelve-recursos-de-revision-interpuestos-por-la-sociedad\/","title":{"rendered":"Pleno del OGAIPO resuelve recursos de revisi\u00f3n interpuestos por la sociedad"},"content":{"rendered":"<div id=\"fb-root\"><\/div>\n\n<p><strong>\u00a0<\/strong>(*) Garantizado en Oaxaca el acceso a la informaci\u00f3n p\u00fablica <\/p>\n\n\n\n<p>Oaxaca de Ju\u00e1rez, Oaxaca, a 19 de octubre de 2023.- El Pleno del \u00d3rgano Garante de Acceso a la Informaci\u00f3n P\u00fablica, Transparencia, Protecci\u00f3n de Datos Personales y Buen Gobierno del Estado de Oaxaca (OGAIPO) realiz\u00f3 su Vig\u00e9sima Sesi\u00f3n Ordinaria de car\u00e1cter p\u00fablico.&nbsp;<\/p>\n\n\n\n<p>&nbsp;<\/p>\n\n\n\n<p>En el desahogo de la Sesi\u00f3n, el Comisionado Presidente Josu\u00e9 Solana Salmor\u00e1n, y sus hom\u00f3logos de Pleno, Claudia Ivette Soto Pineda, X\u00f3chitl Elizabeth M\u00e9ndez S\u00e1nchez, Mar\u00eda Tanivet Ramos Reyes y Jos\u00e9 Luis Echeverr\u00eda Morales resolvieron recursos de revisi\u00f3n interpuestos por ciudadanos inconformes por el incumplimiento de las instituciones p\u00fablicas del estado para dar respuesta en tiempo y forma a cuestionamientos hechos por la sociedad en diferentes rubros.<\/p>\n\n\n\n<p>&nbsp;<\/p>\n\n\n\n<p>Fueron analizados un total de cincuenta y cinco expedientes en materia de acceso a la informaci\u00f3n; en cuanto a las resoluciones emitidas a estos recursos de revisi\u00f3n, en veintisiete se modific\u00f3 la respuesta del Sujeto obligado, mientras que en dos se ordena la entrega de informaci\u00f3n, en cuatro proyectos se confirma la respuesta, catorce recursos de revisi\u00f3n fueron sobrese\u00eddos y ocho se desecharon.<\/p>\n\n\n\n<p>&nbsp;<\/p>\n\n\n\n<p>Durante la Sesi\u00f3n, el Pleno del OGAIPO aprob\u00f3 un acuerdo relativo a la excusa del Comisionado Jos\u00e9 Luis Echeverr\u00eda Morales, para emitir su voto en las resoluciones de dos recursos de revisi\u00f3n. En el mismo orden de ideas, se aprob\u00f3 un acuerdo respecto a la excusa de la Comisionada Mar\u00eda Tanivet Ramos Reyes, para conocer y votar un recurso de revisi\u00f3n.<\/p>\n\n\n\n<p>&nbsp;<\/p>\n\n\n\n<p>Asimismo, como parte del orden del d\u00eda, se aprobaron veinte dict\u00e1menes de incumplimiento respecto a las fracciones revisadas que establece el Programa Anual de Verificaci\u00f3n al Cumplimiento de las Obligaciones de Transparencia 2023, con un t\u00e9rmino de 20 d\u00edas para solventar observaciones.<\/p>\n\n\n\n<p>&nbsp;<\/p>\n\n\n\n<p>Estos dict\u00e1menes corresponden a los siguientes sujetos obligados:&nbsp;Fideicomiso P\u00fablico denominado Oficina de Convenciones y Visitantes de Oaxaca, Secretar\u00eda de Administraci\u00f3n, Instituto Estatal de Educaci\u00f3n para Adultos, Administraci\u00f3n del Patrimonio de la Beneficencia P\u00fablica, Secretariado Ejecutivo del Sistema Estatal de Seguridad P\u00fablica, Instituto de atenci\u00f3n Integral al Migrante Oaxaque\u00f1o, Secretaria de Turismo, Comisi\u00f3n para la Regularizaci\u00f3n de la Tenencia de la Tierra Urbana del Estado de Oaxaca, Secretaria Ejecutiva del Sistema Estatal de Combate a la Corrupci\u00f3n, Comisi\u00f3n Estatal de Arbitraje M\u00e9dico, Partido Revolucionario Institucional, Partido Movimiento Ciudadano, Ayuntamiento de San Jer\u00f3nimo Tlacochahuaya, Ayuntamiento de San Bartolo Coyotepec, Ayuntamiento de Oaxaca de Ju\u00e1rez, Fideicomiso de Fomento para el Estado de Oaxaca y Partido Nueva Alianza.&nbsp;<\/p>\n","protected":false},"excerpt":{"rendered":"<p>\u00a0(*) Garantizado en Oaxaca el acceso a la informaci\u00f3n p\u00fablica Oaxaca de Ju\u00e1rez, Oaxaca, a&#8230;<\/p>\n","protected":false},"author":4,"featured_media":20154,"comment_status":"","ping_status":"open","sticky":false,"template":"","format":"standard","meta":{"footnotes":""},"categories":[9],"tags":[],"jetpack_sharing_enabled":true,"featured_image_urls":{"full":["https:\/\/contextoanalisisperiodistico.com\/wp-content\/uploads\/2023\/10\/XXSesiC3B3nOrdinaria.jpeg",1600,960,false],"thumbnail":["https:\/\/contextoanalisisperiodistico.com\/wp-content\/uploads\/2023\/10\/XXSesiC3B3nOrdinaria-150x150.jpeg",150,150,true],"medium":["https:\/\/contextoanalisisperiodistico.com\/wp-content\/uploads\/2023\/10\/XXSesiC3B3nOrdinaria-300x180.jpeg",300,180,true],"medium_large":["https:\/\/contextoanalisisperiodistico.com\/wp-content\/uploads\/2023\/10\/XXSesiC3B3nOrdinaria-768x461.jpeg",640,384,true],"large":["https:\/\/contextoanalisisperiodistico.com\/wp-content\/uploads\/2023\/10\/XXSesiC3B3nOrdinaria-1024x614.jpeg",640,384,true],"1536x1536":["https:\/\/contextoanalisisperiodistico.com\/wp-content\/uploads\/2023\/10\/XXSesiC3B3nOrdinaria-1536x922.jpeg",1536,922,true],"2048x2048":["https:\/\/contextoanalisisperiodistico.com\/wp-content\/uploads\/2023\/10\/XXSesiC3B3nOrdinaria.jpeg",1600,960,false],"covernews-slider-full":["https:\/\/contextoanalisisperiodistico.com\/wp-content\/uploads\/2023\/10\/XXSesiC3B3nOrdinaria-1115x715.jpeg",1115,715,true],"covernews-slider-center":["https:\/\/contextoanalisisperiodistico.com\/wp-content\/uploads\/2023\/10\/XXSesiC3B3nOrdinaria-800x500.jpeg",800,500,true],"covernews-featured":["https:\/\/contextoanalisisperiodistico.com\/wp-content\/uploads\/2023\/10\/XXSesiC3B3nOrdinaria-1024x614.jpeg",1024,614,true],"covernews-medium":["https:\/\/contextoanalisisperiodistico.com\/wp-content\/uploads\/2023\/10\/XXSesiC3B3nOrdinaria-540x340.jpeg",540,340,true],"covernews-medium-square":["https:\/\/contextoanalisisperiodistico.com\/wp-content\/uploads\/2023\/10\/XXSesiC3B3nOrdinaria-400x250.jpeg",400,250,true]},"author_info":{"display_name":"Mario Gir\u00f3n","author_link":"https:\/\/contextoanalisisperiodistico.com\/index.php\/author\/director\/"},"category_info":"<a href=\"https:\/\/contextoanalisisperiodistico.com\/index.php\/category\/politica\/\" rel=\"category tag\">Pol\u00edtica<\/a>","tag_info":"Pol\u00edtica","comment_count":"0","jetpack_featured_media_url":"https:\/\/contextoanalisisperiodistico.com\/wp-content\/uploads\/2023\/10\/XXSesiC3B3nOrdinaria.jpeg","_links":{"self":[{"href":"https:\/\/contextoanalisisperiodistico.com\/index.php\/wp-json\/wp\/v2\/posts\/20155"}],"collection":[{"href":"https:\/\/contextoanalisisperiodistico.com\/index.php\/wp-json\/wp\/v2\/posts"}],"about":[{"href":"https:\/\/contextoanalisisperiodistico.com\/index.php\/wp-json\/wp\/v2\/types\/post"}],"author":[{"embeddable":true,"href":"https:\/\/contextoanalisisperiodistico.com\/index.php\/wp-json\/wp\/v2\/users\/4"}],"replies":[{"embeddable":true,"href":"https:\/\/contextoanalisisperiodistico.com\/index.php\/wp-json\/wp\/v2\/comments?post=20155"}],"version-history":[{"count":0,"href":"https:\/\/contextoanalisisperiodistico.com\/index.php\/wp-json\/wp\/v2\/posts\/20155\/revisions"}],"wp:featuredmedia":[{"embeddable":true,"href":"https:\/\/contextoanalisisperiodistico.com\/index.php\/wp-json\/wp\/v2\/media\/20154"}],"wp:attachment":[{"href":"https:\/\/contextoanalisisperiodistico.com\/index.php\/wp-json\/wp\/v2\/media?parent=20155"}],"wp:term":[{"taxonomy":"category","embeddable":true,"href":"https:\/\/contextoanalisisperiodistico.com\/index.php\/wp-json\/wp\/v2\/categories?post=20155"},{"taxonomy":"post_tag","embeddable":true,"href":"https:\/\/contextoanalisisperiodistico.com\/index.php\/wp-json\/wp\/v2\/tags?post=20155"}],"curies":[{"name":"wp","href":"https:\/\/api.w.org\/{rel}","templated":true}]}}