{"id":20153,"date":"2023-10-21T15:22:52","date_gmt":"2023-10-21T21:22:52","guid":{"rendered":"https:\/\/contextoanalisisperiodistico.com\/index.php\/2023\/10\/21\/ogaipo-premia-ganadores-del-concurso-infantil-transparent-arte\/"},"modified":"2023-10-21T15:22:52","modified_gmt":"2023-10-21T21:22:52","slug":"ogaipo-premia-ganadores-del-concurso-infantil-transparent-arte","status":"publish","type":"post","link":"https:\/\/contextoanalisisperiodistico.com\/index.php\/2023\/10\/21\/ogaipo-premia-ganadores-del-concurso-infantil-transparent-arte\/","title":{"rendered":"OGAIPO premia ganadores del concurso infantil Transparent-Arte"},"content":{"rendered":"<div id=\"fb-root\"><\/div>\n\n<p>Oaxaca de Ju\u00e1rez, Oaxaca, a 20 de octubre de 2023.- El \u00d3rgano Garante de Acceso a la Informaci\u00f3n P\u00fablica, Transparencia, Protecci\u00f3n de Datos Personales y Buen Gobierno del Estado de Oaxaca (OGAIPO), realiz\u00f3 la ceremonia de premiaci\u00f3n de las ganadoras del Concurso de Dibujo Infantil Transparent-Arte. La Ceremonia se llev\u00f3 a cabo en el Auditorio del OGAIPO, acudieron las ganadoras en compa\u00f1\u00eda de sus tutores para recibir de manera presencial su reconocimiento y el premio correspondiente.<\/p>\n\n\n\n<p>&nbsp;<\/p>\n\n\n\n<p>El concurso tuvo como objetivo, estimular las expresiones creativas de ni\u00f1as y ni\u00f1os de entre 6 y 10 a\u00f1os, promoviendo los valores de la transparencia y el acceso a la informaci\u00f3n en la vida diaria.<\/p>\n\n\n\n<p>&nbsp;<\/p>\n\n\n\n<p>En la convocatoria abierta del concurso se obtuvo una recepci\u00f3n de 57 dibujos elaborados por ni\u00f1as y ni\u00f1os con mensajes positivos relacionados a la importancia de los valores de la transparencia y el acceso a la informaci\u00f3n p\u00fablica. Se cont\u00f3 con la participaci\u00f3n de ni\u00f1as y ni\u00f1os de los Municipios de Valles Centrales del Estado.<\/p>\n\n\n\n<p>&nbsp;<\/p>\n\n\n\n<p>Los trabajos fueron valorados por un jurado conformado por 3 especialistas, entre los que se encontraron la Artista Pl\u00e1stica Adriana de la Rosa, el Artista Pl\u00e1stico Vicente Mesinas y el Activista Social, Osbaldo Reyes Carrera.<\/p>\n\n\n\n<p>&nbsp;<\/p>\n\n\n\n<p>Al respecto, Josu\u00e9 Solana Salmor\u00e1n, Comisionado Presidente del OGAIPO, asegur\u00f3 que para el Consejo General del OGAIPO, es grato contar la presencia de ni\u00f1os y ni\u00f1os, ya que se centra la pol\u00edtica p\u00fablica en la ni\u00f1ez; con la participaci\u00f3n de ni\u00f1as y ni\u00f1os se fomentan los valores desde la ni\u00f1ez. Finalmente agradeci\u00f3 porque con su presencia le dan vida a la casa de la Transparencia.<\/p>\n\n\n\n<p>&nbsp;<\/p>\n\n\n\n<p>Quienes integraron el Jurado, coincidieron en que tener acceso al arte como herramienta para expresarse en espacios que le competen al Estado, cualquier material es suficiente para poder plasmar fue un trabajo dif\u00edcil elegir los trabajos porque todos ten\u00eda calidad.<\/p>\n\n\n\n<p>&nbsp;<\/p>\n\n\n\n<p>Las ganadoras y el ganador, se mostraron felices por el reconocimiento a sus dibujos, el 3er Lugar fue para Ainhoa Inriany, el segundo puesto lo ocup\u00f3 Luna Mildred y el 1er Lugar fue para Vianey. Mientras que M\u00f3nica Victoria y Nisdac fueron acreedores a Menciones honor\u00edficas.&nbsp;<\/p>\n","protected":false},"excerpt":{"rendered":"<p>Oaxaca de Ju\u00e1rez, Oaxaca, a 20 de octubre de 2023.- El \u00d3rgano Garante de Acceso&#8230;<\/p>\n","protected":false},"author":4,"featured_media":20152,"comment_status":"","ping_status":"open","sticky":false,"template":"","format":"standard","meta":{"footnotes":""},"categories":[3],"tags":[],"jetpack_sharing_enabled":true,"featured_image_urls":{"full":["https:\/\/contextoanalisisperiodistico.com\/wp-content\/uploads\/2023\/10\/IMG_9259-scaled.jpg",2560,1707,false],"thumbnail":["https:\/\/contextoanalisisperiodistico.com\/wp-content\/uploads\/2023\/10\/IMG_9259-150x150.jpg",150,150,true],"medium":["https:\/\/contextoanalisisperiodistico.com\/wp-content\/uploads\/2023\/10\/IMG_9259-300x200.jpg",300,200,true],"medium_large":["https:\/\/contextoanalisisperiodistico.com\/wp-content\/uploads\/2023\/10\/IMG_9259-768x512.jpg",640,427,true],"large":["https:\/\/contextoanalisisperiodistico.com\/wp-content\/uploads\/2023\/10\/IMG_9259-1024x683.jpg",640,427,true],"1536x1536":["https:\/\/contextoanalisisperiodistico.com\/wp-content\/uploads\/2023\/10\/IMG_9259-1536x1024.jpg",1536,1024,true],"2048x2048":["https:\/\/contextoanalisisperiodistico.com\/wp-content\/uploads\/2023\/10\/IMG_9259-2048x1365.jpg",2048,1365,true],"covernews-slider-full":["https:\/\/contextoanalisisperiodistico.com\/wp-content\/uploads\/2023\/10\/IMG_9259-1115x715.jpg",1115,715,true],"covernews-slider-center":["https:\/\/contextoanalisisperiodistico.com\/wp-content\/uploads\/2023\/10\/IMG_9259-800x500.jpg",800,500,true],"covernews-featured":["https:\/\/contextoanalisisperiodistico.com\/wp-content\/uploads\/2023\/10\/IMG_9259-1024x683.jpg",1024,683,true],"covernews-medium":["https:\/\/contextoanalisisperiodistico.com\/wp-content\/uploads\/2023\/10\/IMG_9259-540x340.jpg",540,340,true],"covernews-medium-square":["https:\/\/contextoanalisisperiodistico.com\/wp-content\/uploads\/2023\/10\/IMG_9259-400x250.jpg",400,250,true]},"author_info":{"display_name":"Mario Gir\u00f3n","author_link":"https:\/\/contextoanalisisperiodistico.com\/index.php\/author\/director\/"},"category_info":"<a href=\"https:\/\/contextoanalisisperiodistico.com\/index.php\/category\/ciudad\/\" rel=\"category tag\">Ciudad<\/a>","tag_info":"Ciudad","comment_count":"0","jetpack_featured_media_url":"https:\/\/contextoanalisisperiodistico.com\/wp-content\/uploads\/2023\/10\/IMG_9259-scaled.jpg","_links":{"self":[{"href":"https:\/\/contextoanalisisperiodistico.com\/index.php\/wp-json\/wp\/v2\/posts\/20153"}],"collection":[{"href":"https:\/\/contextoanalisisperiodistico.com\/index.php\/wp-json\/wp\/v2\/posts"}],"about":[{"href":"https:\/\/contextoanalisisperiodistico.com\/index.php\/wp-json\/wp\/v2\/types\/post"}],"author":[{"embeddable":true,"href":"https:\/\/contextoanalisisperiodistico.com\/index.php\/wp-json\/wp\/v2\/users\/4"}],"replies":[{"embeddable":true,"href":"https:\/\/contextoanalisisperiodistico.com\/index.php\/wp-json\/wp\/v2\/comments?post=20153"}],"version-history":[{"count":0,"href":"https:\/\/contextoanalisisperiodistico.com\/index.php\/wp-json\/wp\/v2\/posts\/20153\/revisions"}],"wp:featuredmedia":[{"embeddable":true,"href":"https:\/\/contextoanalisisperiodistico.com\/index.php\/wp-json\/wp\/v2\/media\/20152"}],"wp:attachment":[{"href":"https:\/\/contextoanalisisperiodistico.com\/index.php\/wp-json\/wp\/v2\/media?parent=20153"}],"wp:term":[{"taxonomy":"category","embeddable":true,"href":"https:\/\/contextoanalisisperiodistico.com\/index.php\/wp-json\/wp\/v2\/categories?post=20153"},{"taxonomy":"post_tag","embeddable":true,"href":"https:\/\/contextoanalisisperiodistico.com\/index.php\/wp-json\/wp\/v2\/tags?post=20153"}],"curies":[{"name":"wp","href":"https:\/\/api.w.org\/{rel}","templated":true}]}}