{"id":20151,"date":"2023-10-21T13:30:13","date_gmt":"2023-10-21T19:30:13","guid":{"rendered":"https:\/\/contextoanalisisperiodistico.com\/index.php\/2023\/10\/21\/realiza-sso-bailaton-rosa-para-promover-adopcion-de-estilos-de-vida-activos-y-saludables\/"},"modified":"2023-10-21T13:30:13","modified_gmt":"2023-10-21T19:30:13","slug":"realiza-sso-bailaton-rosa-para-promover-adopcion-de-estilos-de-vida-activos-y-saludables","status":"publish","type":"post","link":"https:\/\/contextoanalisisperiodistico.com\/index.php\/2023\/10\/21\/realiza-sso-bailaton-rosa-para-promover-adopcion-de-estilos-de-vida-activos-y-saludables\/","title":{"rendered":"Realiza SSO Bailat\u00f3n Rosa para promover adopci\u00f3n de estilos de vida activos y saludables"},"content":{"rendered":"<div id=\"fb-root\"><\/div>\n\n<p>\u2022 Esta iniciativa fue una oportunidad para dar a conocer que el ejercicio es factor protector contra el c\u00e1ncer de mama<\/p>\n\n\n\n<p><br>Oaxaca de Ju\u00e1rez, Oax., 21 de octubre de 2023.- M\u00fasica, alegr\u00eda y entusiasmo se vivi\u00f3 la ma\u00f1ana de este s\u00e1bado en el Bailat\u00f3n Rosa, actividad deportiva que logr\u00f3 congregar a las familias oaxaque\u00f1as con el prop\u00f3sito de fomentar la detecci\u00f3n oportuna del C\u00e1ncer de Mama (CaMa) y promover la adopci\u00f3n de un estilo de vida activo y saludable.<\/p>\n\n\n\n<figure class=\"wp-block-image size-large\"><img fetchpriority=\"high\" decoding=\"async\" width=\"1024\" height=\"576\" src=\"https:\/\/contextoanalisisperiodistico.com\/wp-content\/uploads\/2023\/10\/img-20231021-wa0033501329140962644398-1024x576.jpg\" alt=\"\" class=\"wp-image-20150\" srcset=\"https:\/\/contextoanalisisperiodistico.com\/wp-content\/uploads\/2023\/10\/img-20231021-wa0033501329140962644398-1024x576.jpg 1024w, https:\/\/contextoanalisisperiodistico.com\/wp-content\/uploads\/2023\/10\/img-20231021-wa0033501329140962644398-300x169.jpg 300w, https:\/\/contextoanalisisperiodistico.com\/wp-content\/uploads\/2023\/10\/img-20231021-wa0033501329140962644398-768x432.jpg 768w, https:\/\/contextoanalisisperiodistico.com\/wp-content\/uploads\/2023\/10\/img-20231021-wa0033501329140962644398-1536x864.jpg 1536w, https:\/\/contextoanalisisperiodistico.com\/wp-content\/uploads\/2023\/10\/img-20231021-wa0033501329140962644398.jpg 1600w\" sizes=\"(max-width: 1024px) 100vw, 1024px\" \/><\/figure>\n\n\n\n<figure class=\"wp-block-image\"><img decoding=\"async\" width=\"1024\" height=\"576\" src=\"https:\/\/contextoanalisisperiodistico.com\/wp-content\/uploads\/2023\/10\/img-20231021-wa00343562023760077471956-1024x576.jpg\" alt=\"\" class=\"wp-image-20149\" srcset=\"https:\/\/contextoanalisisperiodistico.com\/wp-content\/uploads\/2023\/10\/img-20231021-wa00343562023760077471956-1024x576.jpg 1024w, https:\/\/contextoanalisisperiodistico.com\/wp-content\/uploads\/2023\/10\/img-20231021-wa00343562023760077471956-300x169.jpg 300w, https:\/\/contextoanalisisperiodistico.com\/wp-content\/uploads\/2023\/10\/img-20231021-wa00343562023760077471956-768x432.jpg 768w, https:\/\/contextoanalisisperiodistico.com\/wp-content\/uploads\/2023\/10\/img-20231021-wa00343562023760077471956-1536x864.jpg 1536w, https:\/\/contextoanalisisperiodistico.com\/wp-content\/uploads\/2023\/10\/img-20231021-wa00343562023760077471956.jpg 1600w\" sizes=\"(max-width: 1024px) 100vw, 1024px\" \/><\/figure>\n\n\n\n<figure class=\"wp-block-image\"><img decoding=\"async\" width=\"1024\" height=\"576\" src=\"https:\/\/contextoanalisisperiodistico.com\/wp-content\/uploads\/2023\/10\/img-20231021-wa00311378995019655534592-1024x576.jpg\" alt=\"\" class=\"wp-image-20147\" srcset=\"https:\/\/contextoanalisisperiodistico.com\/wp-content\/uploads\/2023\/10\/img-20231021-wa00311378995019655534592-1024x576.jpg 1024w, https:\/\/contextoanalisisperiodistico.com\/wp-content\/uploads\/2023\/10\/img-20231021-wa00311378995019655534592-300x169.jpg 300w, https:\/\/contextoanalisisperiodistico.com\/wp-content\/uploads\/2023\/10\/img-20231021-wa00311378995019655534592-768x432.jpg 768w, https:\/\/contextoanalisisperiodistico.com\/wp-content\/uploads\/2023\/10\/img-20231021-wa00311378995019655534592-1536x864.jpg 1536w, https:\/\/contextoanalisisperiodistico.com\/wp-content\/uploads\/2023\/10\/img-20231021-wa00311378995019655534592.jpg 1600w\" sizes=\"(max-width: 1024px) 100vw, 1024px\" \/><\/figure>\n\n\n\n<figure class=\"wp-block-image\"><img loading=\"lazy\" decoding=\"async\" width=\"1024\" height=\"576\" src=\"https:\/\/contextoanalisisperiodistico.com\/wp-content\/uploads\/2023\/10\/img-20231021-wa00326671346513592233238-1024x576.jpg\" alt=\"\" class=\"wp-image-20148\" srcset=\"https:\/\/contextoanalisisperiodistico.com\/wp-content\/uploads\/2023\/10\/img-20231021-wa00326671346513592233238-1024x576.jpg 1024w, https:\/\/contextoanalisisperiodistico.com\/wp-content\/uploads\/2023\/10\/img-20231021-wa00326671346513592233238-300x169.jpg 300w, https:\/\/contextoanalisisperiodistico.com\/wp-content\/uploads\/2023\/10\/img-20231021-wa00326671346513592233238-768x432.jpg 768w, https:\/\/contextoanalisisperiodistico.com\/wp-content\/uploads\/2023\/10\/img-20231021-wa00326671346513592233238-1536x864.jpg 1536w, https:\/\/contextoanalisisperiodistico.com\/wp-content\/uploads\/2023\/10\/img-20231021-wa00326671346513592233238.jpg 1600w\" sizes=\"(max-width: 1024px) 100vw, 1024px\" \/><\/figure>\n\n\n\n<p>El Parque Ju\u00e1rez El Llano fue el espacio en donde mujeres y hombres al ritmo de la m\u00fasica desafiaron su capacidad y resistencia f\u00edsica en esta iniciativa que fue una oportunidad para dar a conocer que el ejercicio es factor protector contra esta enfermedad, y fue la ocasi\u00f3n para honrar las historias de las oaxaque\u00f1as que han enfrentado un diagn\u00f3stico positivo.<\/p>\n\n\n\n<p>Durante el evento, la jefa de departamento de C\u00e1ncer a nivel estatal de los Servicios de Salud de Oaxaca (SSO), Nancy Doroteo Castillejos hizo un llamado a la poblaci\u00f3n para compartir la informaci\u00f3n que salva vidas, para que todas las mujeres conozcan de la importancia de la autoexploraci\u00f3n e identificaci\u00f3n de factores de riesgo en esta patolog\u00eda.<\/p>\n\n\n\n<p>\u201cLa autoexploraci\u00f3n mamaria entre el s\u00e9ptimo y d\u00e9cimo d\u00eda posteriores al inicio de la menstruaci\u00f3n y la revisi\u00f3n cl\u00ednica por personal de salud, al menos una vez al a\u00f1o, debe ser parte de los h\u00e1bitos de vida de las oaxaque\u00f1as\u201d, enfatiz\u00f3.<\/p>\n\n\n\n<p>Tambi\u00e9n recalc\u00f3 que la actividad f\u00edsica es un aliado para reducir el riesgo de padecer un carcinoma maligno, ayuda a disminuir los efectos secundarios de los tratamientos, y puede mejorar el pron\u00f3stico y la supervivencia.<\/p>\n\n\n\n<p>Explic\u00f3 que el c\u00e1ncer tiene un car\u00e1cter multifactorial, sin embargo, se ha observado que las mujeres con un estilo de vida sedentario tienen mayor riesgo de desarrollar c\u00e1ncer de mama a lo largo de su vida en comparaci\u00f3n con las mujeres que realizan actividad f\u00edsica de manera constante, sumado a una dieta balanceada, peso correspondiente a la estatura y la eliminaci\u00f3n de actividades nocivas como fumar o beber en exceso.<\/p>\n\n\n\n<p>Finalmente, la funcionaria agradeci\u00f3 a las y los participantes que correspondieron a este llamado y se solidarizaron en la lucha contra esta enfermedad que sigue siendo la primera causa de muerte en las oaxaque\u00f1as.<\/p>\n\n\n\n<p>-0-<\/p>\n","protected":false},"excerpt":{"rendered":"<p>\u2022 Esta iniciativa fue una oportunidad para dar a conocer que el ejercicio es factor&#8230;<\/p>\n","protected":false},"author":4,"featured_media":20146,"comment_status":"","ping_status":"open","sticky":false,"template":"","format":"standard","meta":{"footnotes":""},"categories":[92],"tags":[],"jetpack_sharing_enabled":true,"featured_image_urls":{"full":["https:\/\/contextoanalisisperiodistico.com\/wp-content\/uploads\/2023\/10\/IMG-20231021-WA0030.jpg",1600,900,false],"thumbnail":["https:\/\/contextoanalisisperiodistico.com\/wp-content\/uploads\/2023\/10\/IMG-20231021-WA0030-150x150.jpg",150,150,true],"medium":["https:\/\/contextoanalisisperiodistico.com\/wp-content\/uploads\/2023\/10\/IMG-20231021-WA0030-300x169.jpg",300,169,true],"medium_large":["https:\/\/contextoanalisisperiodistico.com\/wp-content\/uploads\/2023\/10\/IMG-20231021-WA0030-768x432.jpg",640,360,true],"large":["https:\/\/contextoanalisisperiodistico.com\/wp-content\/uploads\/2023\/10\/IMG-20231021-WA0030-1024x576.jpg",640,360,true],"1536x1536":["https:\/\/contextoanalisisperiodistico.com\/wp-content\/uploads\/2023\/10\/IMG-20231021-WA0030-1536x864.jpg",1536,864,true],"2048x2048":["https:\/\/contextoanalisisperiodistico.com\/wp-content\/uploads\/2023\/10\/IMG-20231021-WA0030.jpg",1600,900,false],"covernews-slider-full":["https:\/\/contextoanalisisperiodistico.com\/wp-content\/uploads\/2023\/10\/IMG-20231021-WA0030-1115x715.jpg",1115,715,true],"covernews-slider-center":["https:\/\/contextoanalisisperiodistico.com\/wp-content\/uploads\/2023\/10\/IMG-20231021-WA0030-800x500.jpg",800,500,true],"covernews-featured":["https:\/\/contextoanalisisperiodistico.com\/wp-content\/uploads\/2023\/10\/IMG-20231021-WA0030-1024x576.jpg",1024,576,true],"covernews-medium":["https:\/\/contextoanalisisperiodistico.com\/wp-content\/uploads\/2023\/10\/IMG-20231021-WA0030-540x340.jpg",540,340,true],"covernews-medium-square":["https:\/\/contextoanalisisperiodistico.com\/wp-content\/uploads\/2023\/10\/IMG-20231021-WA0030-400x250.jpg",400,250,true]},"author_info":{"display_name":"Mario Gir\u00f3n","author_link":"https:\/\/contextoanalisisperiodistico.com\/index.php\/author\/director\/"},"category_info":"<a href=\"https:\/\/contextoanalisisperiodistico.com\/index.php\/category\/salud\/\" rel=\"category tag\">Salud<\/a>","tag_info":"Salud","comment_count":"0","jetpack_featured_media_url":"https:\/\/contextoanalisisperiodistico.com\/wp-content\/uploads\/2023\/10\/IMG-20231021-WA0030.jpg","_links":{"self":[{"href":"https:\/\/contextoanalisisperiodistico.com\/index.php\/wp-json\/wp\/v2\/posts\/20151"}],"collection":[{"href":"https:\/\/contextoanalisisperiodistico.com\/index.php\/wp-json\/wp\/v2\/posts"}],"about":[{"href":"https:\/\/contextoanalisisperiodistico.com\/index.php\/wp-json\/wp\/v2\/types\/post"}],"author":[{"embeddable":true,"href":"https:\/\/contextoanalisisperiodistico.com\/index.php\/wp-json\/wp\/v2\/users\/4"}],"replies":[{"embeddable":true,"href":"https:\/\/contextoanalisisperiodistico.com\/index.php\/wp-json\/wp\/v2\/comments?post=20151"}],"version-history":[{"count":0,"href":"https:\/\/contextoanalisisperiodistico.com\/index.php\/wp-json\/wp\/v2\/posts\/20151\/revisions"}],"wp:featuredmedia":[{"embeddable":true,"href":"https:\/\/contextoanalisisperiodistico.com\/index.php\/wp-json\/wp\/v2\/media\/20146"}],"wp:attachment":[{"href":"https:\/\/contextoanalisisperiodistico.com\/index.php\/wp-json\/wp\/v2\/media?parent=20151"}],"wp:term":[{"taxonomy":"category","embeddable":true,"href":"https:\/\/contextoanalisisperiodistico.com\/index.php\/wp-json\/wp\/v2\/categories?post=20151"},{"taxonomy":"post_tag","embeddable":true,"href":"https:\/\/contextoanalisisperiodistico.com\/index.php\/wp-json\/wp\/v2\/tags?post=20151"}],"curies":[{"name":"wp","href":"https:\/\/api.w.org\/{rel}","templated":true}]}}