{"id":20141,"date":"2023-10-21T12:13:30","date_gmt":"2023-10-21T18:13:30","guid":{"rendered":"https:\/\/contextoanalisisperiodistico.com\/index.php\/2023\/10\/21\/william-arroyo-consigue-el-primer-oro-panamericano-para-mexico-en-santiago-2023\/"},"modified":"2023-10-21T12:13:30","modified_gmt":"2023-10-21T18:13:30","slug":"william-arroyo-consigue-el-primer-oro-panamericano-para-mexico-en-santiago-2023","status":"publish","type":"post","link":"https:\/\/contextoanalisisperiodistico.com\/index.php\/2023\/10\/21\/william-arroyo-consigue-el-primer-oro-panamericano-para-mexico-en-santiago-2023\/","title":{"rendered":"<em>William Arroyo consigue el primer oro panamericano para M\u00e9xico en Santiago 2023<\/em>"},"content":{"rendered":"<div id=\"fb-root\"><\/div>\n\n<p>Oaxaca de Ju\u00e1rez, Oax. 21 de octubre de 2023.- El takwondoin William de Jes\u00fas Arroyo Reyes se consagra como uno de los mejores atletas en la historia del deporte oaxaque\u00f1o al conseguir la primera medalla de oro para M\u00e9xico y para Oaxaca en los Juegos Panamericanos Santiago 2023 que se celebran en Chile.<\/p>\n\n\n\n<figure class=\"wp-block-image size-large\"><img fetchpriority=\"high\" decoding=\"async\" width=\"640\" height=\"427\" src=\"https:\/\/contextoanalisisperiodistico.com\/wp-content\/uploads\/2023\/10\/img-20231021-wa0012998820674924578213.jpg\" alt=\"\" class=\"wp-image-20139\" srcset=\"https:\/\/contextoanalisisperiodistico.com\/wp-content\/uploads\/2023\/10\/img-20231021-wa0012998820674924578213.jpg 640w, https:\/\/contextoanalisisperiodistico.com\/wp-content\/uploads\/2023\/10\/img-20231021-wa0012998820674924578213-300x200.jpg 300w\" sizes=\"(max-width: 640px) 100vw, 640px\" \/><\/figure>\n\n\n\n<figure class=\"wp-block-image\"><img decoding=\"async\" width=\"300\" height=\"200\" src=\"https:\/\/contextoanalisisperiodistico.com\/wp-content\/uploads\/2023\/10\/img-20231021-wa00103483189043799558889-300x200.jpg\" alt=\"\" class=\"wp-image-20138\" srcset=\"https:\/\/contextoanalisisperiodistico.com\/wp-content\/uploads\/2023\/10\/img-20231021-wa00103483189043799558889-300x200.jpg 300w, https:\/\/contextoanalisisperiodistico.com\/wp-content\/uploads\/2023\/10\/img-20231021-wa00103483189043799558889.jpg 640w\" sizes=\"(max-width: 300px) 100vw, 300px\" \/><\/figure>\n\n\n\n<figure class=\"wp-block-image\"><img decoding=\"async\" width=\"1024\" height=\"682\" src=\"https:\/\/contextoanalisisperiodistico.com\/wp-content\/uploads\/2023\/10\/img-20231021-wa00093484162094930066953-1024x682.jpg\" alt=\"\" class=\"wp-image-20140\" srcset=\"https:\/\/contextoanalisisperiodistico.com\/wp-content\/uploads\/2023\/10\/img-20231021-wa00093484162094930066953-1024x682.jpg 1024w, https:\/\/contextoanalisisperiodistico.com\/wp-content\/uploads\/2023\/10\/img-20231021-wa00093484162094930066953-300x200.jpg 300w, https:\/\/contextoanalisisperiodistico.com\/wp-content\/uploads\/2023\/10\/img-20231021-wa00093484162094930066953-768x512.jpg 768w, https:\/\/contextoanalisisperiodistico.com\/wp-content\/uploads\/2023\/10\/img-20231021-wa00093484162094930066953-1536x1023.jpg 1536w, https:\/\/contextoanalisisperiodistico.com\/wp-content\/uploads\/2023\/10\/img-20231021-wa00093484162094930066953.jpg 1600w\" sizes=\"(max-width: 1024px) 100vw, 1024px\" \/><\/figure>\n\n\n\n<p>El originario de San Juan Bautista Tuxtepec se subi\u00f3 a lo m\u00e1s alto del podio tras imponerse en la final al nicarag\u00fcense Elian Ortega con una puntuaci\u00f3n de 7.850 en la modalidad individual varonil en Taekwondo Poomsae.<\/p>\n\n\n\n<p>Junto a su padre y entrenador V\u00edctor Hugo Arroyo Granados, el tricampe\u00f3n mundial le dio a Oaxaca m\u00e1s de 20 preseas doradas en la Olimpiada Nacional, y ha continuado su exitosa trayectoria en justas internacionales consagr\u00e1ndose como uno de los mejores exponentes del taekwondo.<\/p>\n\n\n\n<p>El deportista oaxaque\u00f1o se encuentra representando a M\u00e9xico en los Juegos Panamericanos Santiago 2023 que se llevan a cabo del 20 de octubre al 5 de noviembre en Santiago de Chile.<\/p>\n\n\n\n<p>Cabe destacar que el atleta, quien ha sido tres veces campe\u00f3n mundial en su especialidad, obtuvo su pase luego de obtener la medalla de oro en los Juegos Centroamericanos y del Caribe San Salvador 2023.<\/p>\n\n\n\n<p>William de Jes\u00fas Arroyo Reyes es considerado un \u00edcono del deporte oaxaque\u00f1o por las 23 medallas de oro que le ha dado al estado en la Olimpiada Nacional, y las tres veces que ha sido nominado Premio Estatal del Deporte.<\/p>\n\n\n\n<p>-0-<\/p>\n","protected":false},"excerpt":{"rendered":"<p>Oaxaca de Ju\u00e1rez, Oax. 21 de octubre de 2023.- El takwondoin William de Jes\u00fas Arroyo&#8230;<\/p>\n","protected":false},"author":4,"featured_media":20137,"comment_status":"","ping_status":"open","sticky":false,"template":"","format":"standard","meta":{"footnotes":""},"categories":[9],"tags":[],"jetpack_sharing_enabled":true,"featured_image_urls":{"full":["https:\/\/contextoanalisisperiodistico.com\/wp-content\/uploads\/2023\/10\/IMG-20231021-WA0008.jpg",640,427,false],"thumbnail":["https:\/\/contextoanalisisperiodistico.com\/wp-content\/uploads\/2023\/10\/IMG-20231021-WA0008-150x150.jpg",150,150,true],"medium":["https:\/\/contextoanalisisperiodistico.com\/wp-content\/uploads\/2023\/10\/IMG-20231021-WA0008-300x200.jpg",300,200,true],"medium_large":["https:\/\/contextoanalisisperiodistico.com\/wp-content\/uploads\/2023\/10\/IMG-20231021-WA0008.jpg",640,427,false],"large":["https:\/\/contextoanalisisperiodistico.com\/wp-content\/uploads\/2023\/10\/IMG-20231021-WA0008.jpg",640,427,false],"1536x1536":["https:\/\/contextoanalisisperiodistico.com\/wp-content\/uploads\/2023\/10\/IMG-20231021-WA0008.jpg",640,427,false],"2048x2048":["https:\/\/contextoanalisisperiodistico.com\/wp-content\/uploads\/2023\/10\/IMG-20231021-WA0008.jpg",640,427,false],"covernews-slider-full":["https:\/\/contextoanalisisperiodistico.com\/wp-content\/uploads\/2023\/10\/IMG-20231021-WA0008.jpg",640,427,false],"covernews-slider-center":["https:\/\/contextoanalisisperiodistico.com\/wp-content\/uploads\/2023\/10\/IMG-20231021-WA0008.jpg",640,427,false],"covernews-featured":["https:\/\/contextoanalisisperiodistico.com\/wp-content\/uploads\/2023\/10\/IMG-20231021-WA0008.jpg",640,427,false],"covernews-medium":["https:\/\/contextoanalisisperiodistico.com\/wp-content\/uploads\/2023\/10\/IMG-20231021-WA0008-540x340.jpg",540,340,true],"covernews-medium-square":["https:\/\/contextoanalisisperiodistico.com\/wp-content\/uploads\/2023\/10\/IMG-20231021-WA0008-400x250.jpg",400,250,true]},"author_info":{"display_name":"Mario Gir\u00f3n","author_link":"https:\/\/contextoanalisisperiodistico.com\/index.php\/author\/director\/"},"category_info":"<a href=\"https:\/\/contextoanalisisperiodistico.com\/index.php\/category\/politica\/\" rel=\"category tag\">Pol\u00edtica<\/a>","tag_info":"Pol\u00edtica","comment_count":"0","jetpack_featured_media_url":"https:\/\/contextoanalisisperiodistico.com\/wp-content\/uploads\/2023\/10\/IMG-20231021-WA0008.jpg","_links":{"self":[{"href":"https:\/\/contextoanalisisperiodistico.com\/index.php\/wp-json\/wp\/v2\/posts\/20141"}],"collection":[{"href":"https:\/\/contextoanalisisperiodistico.com\/index.php\/wp-json\/wp\/v2\/posts"}],"about":[{"href":"https:\/\/contextoanalisisperiodistico.com\/index.php\/wp-json\/wp\/v2\/types\/post"}],"author":[{"embeddable":true,"href":"https:\/\/contextoanalisisperiodistico.com\/index.php\/wp-json\/wp\/v2\/users\/4"}],"replies":[{"embeddable":true,"href":"https:\/\/contextoanalisisperiodistico.com\/index.php\/wp-json\/wp\/v2\/comments?post=20141"}],"version-history":[{"count":0,"href":"https:\/\/contextoanalisisperiodistico.com\/index.php\/wp-json\/wp\/v2\/posts\/20141\/revisions"}],"wp:featuredmedia":[{"embeddable":true,"href":"https:\/\/contextoanalisisperiodistico.com\/index.php\/wp-json\/wp\/v2\/media\/20137"}],"wp:attachment":[{"href":"https:\/\/contextoanalisisperiodistico.com\/index.php\/wp-json\/wp\/v2\/media?parent=20141"}],"wp:term":[{"taxonomy":"category","embeddable":true,"href":"https:\/\/contextoanalisisperiodistico.com\/index.php\/wp-json\/wp\/v2\/categories?post=20141"},{"taxonomy":"post_tag","embeddable":true,"href":"https:\/\/contextoanalisisperiodistico.com\/index.php\/wp-json\/wp\/v2\/tags?post=20141"}],"curies":[{"name":"wp","href":"https:\/\/api.w.org\/{rel}","templated":true}]}}