{"id":20124,"date":"2023-10-20T18:00:13","date_gmt":"2023-10-21T00:00:13","guid":{"rendered":"https:\/\/contextoanalisisperiodistico.com\/index.php\/2023\/10\/20\/lamenta-gobernador-de-oaxaca-deceso-de-titular-de-ceabien\/"},"modified":"2023-10-20T18:00:13","modified_gmt":"2023-10-21T00:00:13","slug":"lamenta-gobernador-de-oaxaca-deceso-de-titular-de-ceabien","status":"publish","type":"post","link":"https:\/\/contextoanalisisperiodistico.com\/index.php\/2023\/10\/20\/lamenta-gobernador-de-oaxaca-deceso-de-titular-de-ceabien\/","title":{"rendered":"Lamenta Gobernador de Oaxaca deceso de titular de Ceabien"},"content":{"rendered":"<div id=\"fb-root\"><\/div>\n\n<p>Oaxaca de Ju\u00e1rez, Oax. 20 de octubre de 2023.- El Gobernador del Estado de Oaxaca Salom\u00f3n Jara Cruz lament\u00f3 el deceso del titular de la Comisi\u00f3n Estatal del Agua para el Bienestar (Ceabien), Raciel Cabrera Garc\u00eda.<\/p>\n\n\n\n<p>A trav\u00e9s de un mensaje en la red social X, el Mandatario estatal inform\u00f3 lo siguiente: \u201cRecib\u00ed la lamentable noticia de que nuestro compa\u00f1ero Raciel Cabrera, quien ten\u00eda a su cargo la Comisi\u00f3n Estatal del Agua para el Bienestar, falleci\u00f3 en un fatal accidente cuando realizaba una gira de trabajo. La noticia me consterna y me llena de tristeza. Env\u00edo un abrazo y toda mi solidaridad a su familia\u201d.<\/p>\n\n\n\n<p>En el accidente tambi\u00e9n falleci\u00f3 Lilia S.F.G. colaboradora de la dependencia, y una tercera persona result\u00f3 herida, quien fue trasladada a la unidad m\u00e9dica m\u00e1s cercana para recibir la atenci\u00f3n adecuada.<\/p>\n\n\n\n<p>Derivado de este lamentable suceso, el titular del Poder Ejecutivo inform\u00f3 que suspendi\u00f3 la gira de trabajo prevista para este viernes.<\/p>\n\n\n\n<p>De manera inmediata, el Gobierno del Estado estableci\u00f3 comunicaci\u00f3n con los familiares para reiterar su apoyo en este dif\u00edcil momento.<br \/>-0-<\/p>\n","protected":false},"excerpt":{"rendered":"<p>Oaxaca de Ju\u00e1rez, Oax. 20 de octubre de 2023.- El Gobernador del Estado de Oaxaca&#8230;<\/p>\n","protected":false},"author":4,"featured_media":20123,"comment_status":"","ping_status":"open","sticky":false,"template":"","format":"standard","meta":{"footnotes":""},"categories":[9],"tags":[],"jetpack_sharing_enabled":true,"featured_image_urls":{"full":["https:\/\/contextoanalisisperiodistico.com\/wp-content\/uploads\/2023\/10\/IMG-20231020-WA0055.jpg",1080,1080,false],"thumbnail":["https:\/\/contextoanalisisperiodistico.com\/wp-content\/uploads\/2023\/10\/IMG-20231020-WA0055-150x150.jpg",150,150,true],"medium":["https:\/\/contextoanalisisperiodistico.com\/wp-content\/uploads\/2023\/10\/IMG-20231020-WA0055-300x300.jpg",300,300,true],"medium_large":["https:\/\/contextoanalisisperiodistico.com\/wp-content\/uploads\/2023\/10\/IMG-20231020-WA0055-768x768.jpg",640,640,true],"large":["https:\/\/contextoanalisisperiodistico.com\/wp-content\/uploads\/2023\/10\/IMG-20231020-WA0055-1024x1024.jpg",640,640,true],"1536x1536":["https:\/\/contextoanalisisperiodistico.com\/wp-content\/uploads\/2023\/10\/IMG-20231020-WA0055.jpg",1080,1080,false],"2048x2048":["https:\/\/contextoanalisisperiodistico.com\/wp-content\/uploads\/2023\/10\/IMG-20231020-WA0055.jpg",1080,1080,false],"covernews-slider-full":["https:\/\/contextoanalisisperiodistico.com\/wp-content\/uploads\/2023\/10\/IMG-20231020-WA0055-1080x715.jpg",1080,715,true],"covernews-slider-center":["https:\/\/contextoanalisisperiodistico.com\/wp-content\/uploads\/2023\/10\/IMG-20231020-WA0055-800x500.jpg",800,500,true],"covernews-featured":["https:\/\/contextoanalisisperiodistico.com\/wp-content\/uploads\/2023\/10\/IMG-20231020-WA0055-1024x1024.jpg",1024,1024,true],"covernews-medium":["https:\/\/contextoanalisisperiodistico.com\/wp-content\/uploads\/2023\/10\/IMG-20231020-WA0055-540x340.jpg",540,340,true],"covernews-medium-square":["https:\/\/contextoanalisisperiodistico.com\/wp-content\/uploads\/2023\/10\/IMG-20231020-WA0055-400x250.jpg",400,250,true]},"author_info":{"display_name":"Mario Gir\u00f3n","author_link":"https:\/\/contextoanalisisperiodistico.com\/index.php\/author\/director\/"},"category_info":"<a href=\"https:\/\/contextoanalisisperiodistico.com\/index.php\/category\/politica\/\" rel=\"category tag\">Pol\u00edtica<\/a>","tag_info":"Pol\u00edtica","comment_count":"0","jetpack_featured_media_url":"https:\/\/contextoanalisisperiodistico.com\/wp-content\/uploads\/2023\/10\/IMG-20231020-WA0055.jpg","_links":{"self":[{"href":"https:\/\/contextoanalisisperiodistico.com\/index.php\/wp-json\/wp\/v2\/posts\/20124"}],"collection":[{"href":"https:\/\/contextoanalisisperiodistico.com\/index.php\/wp-json\/wp\/v2\/posts"}],"about":[{"href":"https:\/\/contextoanalisisperiodistico.com\/index.php\/wp-json\/wp\/v2\/types\/post"}],"author":[{"embeddable":true,"href":"https:\/\/contextoanalisisperiodistico.com\/index.php\/wp-json\/wp\/v2\/users\/4"}],"replies":[{"embeddable":true,"href":"https:\/\/contextoanalisisperiodistico.com\/index.php\/wp-json\/wp\/v2\/comments?post=20124"}],"version-history":[{"count":0,"href":"https:\/\/contextoanalisisperiodistico.com\/index.php\/wp-json\/wp\/v2\/posts\/20124\/revisions"}],"wp:featuredmedia":[{"embeddable":true,"href":"https:\/\/contextoanalisisperiodistico.com\/index.php\/wp-json\/wp\/v2\/media\/20123"}],"wp:attachment":[{"href":"https:\/\/contextoanalisisperiodistico.com\/index.php\/wp-json\/wp\/v2\/media?parent=20124"}],"wp:term":[{"taxonomy":"category","embeddable":true,"href":"https:\/\/contextoanalisisperiodistico.com\/index.php\/wp-json\/wp\/v2\/categories?post=20124"},{"taxonomy":"post_tag","embeddable":true,"href":"https:\/\/contextoanalisisperiodistico.com\/index.php\/wp-json\/wp\/v2\/tags?post=20124"}],"curies":[{"name":"wp","href":"https:\/\/api.w.org\/{rel}","templated":true}]}}