{"id":20114,"date":"2023-10-20T17:37:50","date_gmt":"2023-10-20T23:37:50","guid":{"rendered":"https:\/\/contextoanalisisperiodistico.com\/index.php\/2023\/10\/20\/con-sello-municipal-de-casaoaxaca-siempre-vive-nunca-muere-dias-de-muertos-2023\/"},"modified":"2023-10-20T17:39:48","modified_gmt":"2023-10-20T23:39:48","slug":"con-sello-municipal-de-casaoaxaca-siempre-vive-nunca-muere-dias-de-muertos-2023","status":"publish","type":"post","link":"https:\/\/contextoanalisisperiodistico.com\/index.php\/2023\/10\/20\/con-sello-municipal-de-casaoaxaca-siempre-vive-nunca-muere-dias-de-muertos-2023\/","title":{"rendered":"Con sello municipal de casa:<br>\u201cOaxaca Siempre Vive, Nunca Muere\u201d"},"content":{"rendered":"<div id=\"fb-root\"><\/div>\n\n<p>D\u00edas de Muertos 2023 <\/p>\n\n\n\n<p>Mario GIR\u00d3N<\/p>\n\n\n\n<p><br \/>La festividad D\u00eda de Muertos 2023: \u201cOaxaca Siempre Vive, Nunca Muere\u201d se presentar\u00e1 como el sello de la administraci\u00f3n municipal de Francisco Mart\u00ednez Neri, desde la perspectiva de una ciudad educadora y con el objetivo de fomentar y rescatar nuestras tradiciones, destac\u00f3 el secretario de Fomento Tur\u00edstico, \u00c1ngel Osorio Morales.<\/p>\n\n\n\n<p><br \/>De su parte, el presidente municipal, Francisco Mart\u00ednez Neri, destac\u00f3 que Oaxaca de Ju\u00e1rez ratificar\u00e1 su primer\u00edsimo lugar nacional ofreciendo al mundo la actividad \u201cD\u00edas de Muertos\u201d, en donde tambi\u00e9n destaca el trabajo de la Ciudad de M\u00e9xico y Michoac\u00e1n.<\/p>\n\n\n\n<p><br \/>Sucedi\u00f3 est\u00e1 ma\u00f1ana en la presentaci\u00f3n de las actividades \u201cOaxaca Siempre Vive, Nunca Muere\u201d, D\u00edas de Muertos 2023, a partir del 28 de octubre al 2 de noviembre, en dos sedes principales, Plaza de la Danza y jard\u00edn El Pa\u00f1uelito, ello, se estableci\u00f3, con el fin de reducir la presi\u00f3n sobre los espacios p\u00fablicos en jardines capitalinos.<\/p>\n\n\n\n<p><br \/>El edil capitalino, Mart\u00ednez Neri, agreg\u00f3:<\/p>\n\n\n\n<p>\u201cComo en ninguna otra ciudad de M\u00e9xico, en Oaxaca abundan expresiones de recordatorio a los que ya se fueron. En cada casa un altar. Es una caracter\u00edstica fundamental. La otra, la gente exterioriza esta actividad en balcones y puertas. El capitalino sale a la calle. La gente come de manera especial en estos d\u00edas, mole, chocolate, pan de yema, caracter\u00edstico de oaxaque\u00f1os\u201d.<\/p>\n\n\n\n<p><br \/>\u201cTodo el conjunto de estas expresiones pl\u00e1sticas, sirven para que el visitante camine calles, llegando a nuestra arquitectura luciendo de manera extraordinaria; entonces se enamoran de estas expresiones pl\u00e1sticas\u201d, a\u00f1adi\u00f3.<\/p>\n\n\n\n<p><br \/>Presentes, en la sede capitalina del Archivo Hist\u00f3rico Municipal, en la ceremonia del anuncio de la festividad municipal con motivo del D\u00eda de Muertos: la Mtra. Bernarda G\u00f3mez Rivas, presidenta honoraria del DIF Municipal; adem\u00e1s de Leticia Valle Mijangos, secretaria de Arte y Cultura y Getzamani G\u00f3mez Mart\u00ednez, jefa de la Unidad de Panteones.<\/p>\n\n\n\n<p><br \/>El titular de Fomento Tur\u00edstico, Osorio Morales inform\u00f3:<\/p>\n\n\n\n<p><br \/>\u201cLa festividad D\u00edas de Muertos se trata de un concepto surgido el a\u00f1o pasado a propuesta de la Mtra. Bernarda G\u00f3mez Bernal con el objetivo de unificar todas las actividades municipales en torno a esta celebraci\u00f3n tan importante para oaxaque\u00f1os, nacionales y visitantes extranjeros\u201d.<\/p>\n\n\n\n<p>Agreg\u00f3: \u201cla edici\u00f3n 2023 tiene objetivos m\u00faltiples, por ejemplo, fomento y rescate de nuestras tradiciones; generaci\u00f3n de espacios de convivencia para la ciudadan\u00eda; promoci\u00f3n del arte y la cultura, as\u00ed como estimular la actividad tur\u00edstica potenciando el impacto promocional de Oaxaca de Ju\u00e1rez como destino\u201d.<\/p>\n\n\n\n<p>Explic\u00f3: \u201cel cartel de este a\u00f1o es una pieza original del artista pl\u00e1stico, Josu\u00e9 L\u00f3pez Garc\u00eda, un grabado titulado \u201c2 de noviembre en alguna colonia\u201d; se trata de una visi\u00f3n contempor\u00e1nea y fresca. El artista forma parte del colectivo taller La Chicharra\u201d.<\/p>\n\n\n\n<p>Finalmente, Getsemani G\u00f3mez Mart\u00ednez, jefa de la Unidad de Panteones, explic\u00f3:<\/p>\n\n\n\n<p>\u201cEstar\u00e1 abierto el pante\u00f3n San Miguel. Solo dos pasillos cerrados por tema de protecci\u00f3n civil derivado de una obra de restauraci\u00f3n por da\u00f1os derivados de sismos, por lo que cerrar\u00e1n el \u00e1rea de pasillos Oriente y Norte y, abierto al p\u00fablico, alas Sur y Poniente, as\u00ed como toda el \u00e1rea central de fosas.<\/p>\n\n\n\n<figure class=\"wp-block-image size-large\"><img fetchpriority=\"high\" decoding=\"async\" width=\"1024\" height=\"684\" src=\"https:\/\/contextoanalisisperiodistico.com\/wp-content\/uploads\/2023\/10\/img-20231020-wa00385955574916082730492-1024x684.jpg\" alt=\"\" class=\"wp-image-20109\" srcset=\"https:\/\/contextoanalisisperiodistico.com\/wp-content\/uploads\/2023\/10\/img-20231020-wa00385955574916082730492-1024x684.jpg 1024w, https:\/\/contextoanalisisperiodistico.com\/wp-content\/uploads\/2023\/10\/img-20231020-wa00385955574916082730492-300x200.jpg 300w, https:\/\/contextoanalisisperiodistico.com\/wp-content\/uploads\/2023\/10\/img-20231020-wa00385955574916082730492-768x513.jpg 768w, https:\/\/contextoanalisisperiodistico.com\/wp-content\/uploads\/2023\/10\/img-20231020-wa00385955574916082730492-1536x1026.jpg 1536w, https:\/\/contextoanalisisperiodistico.com\/wp-content\/uploads\/2023\/10\/img-20231020-wa00385955574916082730492.jpg 1600w\" sizes=\"(max-width: 1024px) 100vw, 1024px\" \/><\/figure>\n\n\n\n<figure class=\"wp-block-image\"><img decoding=\"async\" width=\"662\" height=\"1024\" src=\"https:\/\/contextoanalisisperiodistico.com\/wp-content\/uploads\/2023\/10\/img-20231020-wa00306246041145049219122-662x1024.jpg\" alt=\"\" class=\"wp-image-20111\" srcset=\"https:\/\/contextoanalisisperiodistico.com\/wp-content\/uploads\/2023\/10\/img-20231020-wa00306246041145049219122-662x1024.jpg 662w, https:\/\/contextoanalisisperiodistico.com\/wp-content\/uploads\/2023\/10\/img-20231020-wa00306246041145049219122-194x300.jpg 194w, https:\/\/contextoanalisisperiodistico.com\/wp-content\/uploads\/2023\/10\/img-20231020-wa00306246041145049219122-768x1187.jpg 768w, https:\/\/contextoanalisisperiodistico.com\/wp-content\/uploads\/2023\/10\/img-20231020-wa00306246041145049219122-994x1536.jpg 994w, https:\/\/contextoanalisisperiodistico.com\/wp-content\/uploads\/2023\/10\/img-20231020-wa00306246041145049219122-1024x1583.jpg 1024w, https:\/\/contextoanalisisperiodistico.com\/wp-content\/uploads\/2023\/10\/img-20231020-wa00306246041145049219122.jpg 1035w\" sizes=\"(max-width: 662px) 100vw, 662px\" \/><\/figure>\n\n\n\n<figure class=\"wp-block-image\"><img decoding=\"async\" width=\"662\" height=\"1024\" src=\"https:\/\/contextoanalisisperiodistico.com\/wp-content\/uploads\/2023\/10\/img-20231020-wa0029240112205730148227-662x1024.jpg\" alt=\"\" class=\"wp-image-20110\" srcset=\"https:\/\/contextoanalisisperiodistico.com\/wp-content\/uploads\/2023\/10\/img-20231020-wa0029240112205730148227-662x1024.jpg 662w, https:\/\/contextoanalisisperiodistico.com\/wp-content\/uploads\/2023\/10\/img-20231020-wa0029240112205730148227-194x300.jpg 194w, https:\/\/contextoanalisisperiodistico.com\/wp-content\/uploads\/2023\/10\/img-20231020-wa0029240112205730148227-768x1187.jpg 768w, https:\/\/contextoanalisisperiodistico.com\/wp-content\/uploads\/2023\/10\/img-20231020-wa0029240112205730148227-994x1536.jpg 994w, https:\/\/contextoanalisisperiodistico.com\/wp-content\/uploads\/2023\/10\/img-20231020-wa0029240112205730148227-1024x1583.jpg 1024w, https:\/\/contextoanalisisperiodistico.com\/wp-content\/uploads\/2023\/10\/img-20231020-wa0029240112205730148227.jpg 1035w\" sizes=\"(max-width: 662px) 100vw, 662px\" \/><\/figure>\n\n\n\n<figure class=\"wp-block-image\"><img loading=\"lazy\" decoding=\"async\" width=\"662\" height=\"1024\" src=\"https:\/\/contextoanalisisperiodistico.com\/wp-content\/uploads\/2023\/10\/img-20231020-wa00285975296194321979099-662x1024.jpg\" alt=\"\" class=\"wp-image-20113\" srcset=\"https:\/\/contextoanalisisperiodistico.com\/wp-content\/uploads\/2023\/10\/img-20231020-wa00285975296194321979099-662x1024.jpg 662w, https:\/\/contextoanalisisperiodistico.com\/wp-content\/uploads\/2023\/10\/img-20231020-wa00285975296194321979099-194x300.jpg 194w, https:\/\/contextoanalisisperiodistico.com\/wp-content\/uploads\/2023\/10\/img-20231020-wa00285975296194321979099-768x1187.jpg 768w, https:\/\/contextoanalisisperiodistico.com\/wp-content\/uploads\/2023\/10\/img-20231020-wa00285975296194321979099-994x1536.jpg 994w, https:\/\/contextoanalisisperiodistico.com\/wp-content\/uploads\/2023\/10\/img-20231020-wa00285975296194321979099-1024x1583.jpg 1024w, https:\/\/contextoanalisisperiodistico.com\/wp-content\/uploads\/2023\/10\/img-20231020-wa00285975296194321979099.jpg 1035w\" sizes=\"(max-width: 662px) 100vw, 662px\" \/><\/figure>\n\n\n\n<figure class=\"wp-block-image\"><img loading=\"lazy\" decoding=\"async\" width=\"662\" height=\"1024\" src=\"https:\/\/contextoanalisisperiodistico.com\/wp-content\/uploads\/2023\/10\/img-20231020-wa00275024930071945188667-662x1024.jpg\" alt=\"\" class=\"wp-image-20112\" srcset=\"https:\/\/contextoanalisisperiodistico.com\/wp-content\/uploads\/2023\/10\/img-20231020-wa00275024930071945188667-662x1024.jpg 662w, https:\/\/contextoanalisisperiodistico.com\/wp-content\/uploads\/2023\/10\/img-20231020-wa00275024930071945188667-194x300.jpg 194w, https:\/\/contextoanalisisperiodistico.com\/wp-content\/uploads\/2023\/10\/img-20231020-wa00275024930071945188667-768x1187.jpg 768w, https:\/\/contextoanalisisperiodistico.com\/wp-content\/uploads\/2023\/10\/img-20231020-wa00275024930071945188667-994x1536.jpg 994w, https:\/\/contextoanalisisperiodistico.com\/wp-content\/uploads\/2023\/10\/img-20231020-wa00275024930071945188667-1024x1583.jpg 1024w, https:\/\/contextoanalisisperiodistico.com\/wp-content\/uploads\/2023\/10\/img-20231020-wa00275024930071945188667.jpg 1035w\" sizes=\"(max-width: 662px) 100vw, 662px\" \/><\/figure>\n\n\n\n<p>La funcionaria invit\u00f3: \u201cciudadanos que tenga sepulcros en los pasillos Oriente y Norte de la secci\u00f3n nichos, asistir previo al 29 de octubre o posterior al 3 de noviembre\u201d.<\/p>\n\n\n\n<figure class=\"wp-block-video\"><video controls src=\"https:\/\/contextoanalisisperiodistico.com\/wp-content\/uploads\/2023\/10\/20231020_105943.mp4\"><\/video><\/figure>\n","protected":false},"excerpt":{"rendered":"<p>D\u00edas de Muertos 2023 Mario GIR\u00d3N La festividad D\u00eda de Muertos 2023: \u201cOaxaca Siempre Vive,&#8230;<\/p>\n","protected":false},"author":4,"featured_media":20107,"comment_status":"closed","ping_status":"open","sticky":false,"template":"","format":"standard","meta":{"footnotes":""},"categories":[9],"tags":[],"jetpack_sharing_enabled":true,"featured_image_urls":{"full":["https:\/\/contextoanalisisperiodistico.com\/wp-content\/uploads\/2023\/10\/IMG-20231020-WA0037.jpg",1600,1069,false],"thumbnail":["https:\/\/contextoanalisisperiodistico.com\/wp-content\/uploads\/2023\/10\/IMG-20231020-WA0037-150x150.jpg",150,150,true],"medium":["https:\/\/contextoanalisisperiodistico.com\/wp-content\/uploads\/2023\/10\/IMG-20231020-WA0037-300x200.jpg",300,200,true],"medium_large":["https:\/\/contextoanalisisperiodistico.com\/wp-content\/uploads\/2023\/10\/IMG-20231020-WA0037-768x513.jpg",640,428,true],"large":["https:\/\/contextoanalisisperiodistico.com\/wp-content\/uploads\/2023\/10\/IMG-20231020-WA0037-1024x684.jpg",640,428,true],"1536x1536":["https:\/\/contextoanalisisperiodistico.com\/wp-content\/uploads\/2023\/10\/IMG-20231020-WA0037-1536x1026.jpg",1536,1026,true],"2048x2048":["https:\/\/contextoanalisisperiodistico.com\/wp-content\/uploads\/2023\/10\/IMG-20231020-WA0037.jpg",1600,1069,false],"covernews-slider-full":["https:\/\/contextoanalisisperiodistico.com\/wp-content\/uploads\/2023\/10\/IMG-20231020-WA0037-1115x715.jpg",1115,715,true],"covernews-slider-center":["https:\/\/contextoanalisisperiodistico.com\/wp-content\/uploads\/2023\/10\/IMG-20231020-WA0037-800x500.jpg",800,500,true],"covernews-featured":["https:\/\/contextoanalisisperiodistico.com\/wp-content\/uploads\/2023\/10\/IMG-20231020-WA0037-1024x684.jpg",1024,684,true],"covernews-medium":["https:\/\/contextoanalisisperiodistico.com\/wp-content\/uploads\/2023\/10\/IMG-20231020-WA0037-540x340.jpg",540,340,true],"covernews-medium-square":["https:\/\/contextoanalisisperiodistico.com\/wp-content\/uploads\/2023\/10\/IMG-20231020-WA0037-400x250.jpg",400,250,true]},"author_info":{"display_name":"Mario Gir\u00f3n","author_link":"https:\/\/contextoanalisisperiodistico.com\/index.php\/author\/director\/"},"category_info":"<a href=\"https:\/\/contextoanalisisperiodistico.com\/index.php\/category\/politica\/\" rel=\"category tag\">Pol\u00edtica<\/a>","tag_info":"Pol\u00edtica","comment_count":"0","jetpack_featured_media_url":"https:\/\/contextoanalisisperiodistico.com\/wp-content\/uploads\/2023\/10\/IMG-20231020-WA0037.jpg","_links":{"self":[{"href":"https:\/\/contextoanalisisperiodistico.com\/index.php\/wp-json\/wp\/v2\/posts\/20114"}],"collection":[{"href":"https:\/\/contextoanalisisperiodistico.com\/index.php\/wp-json\/wp\/v2\/posts"}],"about":[{"href":"https:\/\/contextoanalisisperiodistico.com\/index.php\/wp-json\/wp\/v2\/types\/post"}],"author":[{"embeddable":true,"href":"https:\/\/contextoanalisisperiodistico.com\/index.php\/wp-json\/wp\/v2\/users\/4"}],"replies":[{"embeddable":true,"href":"https:\/\/contextoanalisisperiodistico.com\/index.php\/wp-json\/wp\/v2\/comments?post=20114"}],"version-history":[{"count":1,"href":"https:\/\/contextoanalisisperiodistico.com\/index.php\/wp-json\/wp\/v2\/posts\/20114\/revisions"}],"predecessor-version":[{"id":20115,"href":"https:\/\/contextoanalisisperiodistico.com\/index.php\/wp-json\/wp\/v2\/posts\/20114\/revisions\/20115"}],"wp:featuredmedia":[{"embeddable":true,"href":"https:\/\/contextoanalisisperiodistico.com\/index.php\/wp-json\/wp\/v2\/media\/20107"}],"wp:attachment":[{"href":"https:\/\/contextoanalisisperiodistico.com\/index.php\/wp-json\/wp\/v2\/media?parent=20114"}],"wp:term":[{"taxonomy":"category","embeddable":true,"href":"https:\/\/contextoanalisisperiodistico.com\/index.php\/wp-json\/wp\/v2\/categories?post=20114"},{"taxonomy":"post_tag","embeddable":true,"href":"https:\/\/contextoanalisisperiodistico.com\/index.php\/wp-json\/wp\/v2\/tags?post=20114"}],"curies":[{"name":"wp","href":"https:\/\/api.w.org\/{rel}","templated":true}]}}