{"id":20091,"date":"2023-10-19T20:46:57","date_gmt":"2023-10-20T02:46:57","guid":{"rendered":"https:\/\/contextoanalisisperiodistico.com\/index.php\/2023\/10\/19\/oaxaca-el-quinto-estado-mas-seguro-del-pais-durante-septiembre\/"},"modified":"2023-10-19T20:46:57","modified_gmt":"2023-10-20T02:46:57","slug":"oaxaca-el-quinto-estado-mas-seguro-del-pais-durante-septiembre","status":"publish","type":"post","link":"https:\/\/contextoanalisisperiodistico.com\/index.php\/2023\/10\/19\/oaxaca-el-quinto-estado-mas-seguro-del-pais-durante-septiembre\/","title":{"rendered":"Oaxaca el quinto estado m\u00e1s seguro del pa\u00eds durante septiembre"},"content":{"rendered":"<div id=\"fb-root\"><\/div>\n\n<p>\u2022 Solicitar\u00e1 Gobierno del Estado desaparici\u00f3n de poderes en San Mart\u00edn Itunyoso tras emboscada en la que muri\u00f3 el s\u00edndico municipal y su familia<\/p>\n\n\n\n<p>Oaxaca de Ju\u00e1rez, Oax. 19 de octubre de 2023.- El secretario de Gobierno, Jes\u00fas Romero L\u00f3pez, present\u00f3 el reporte del Centro Nacional de Informaci\u00f3n del Secretariado Ejecutivo del Sistema Nacional de Seguridad P\u00fablica (SESNSP) en el cual destaca que Oaxaca se ubic\u00f3 como el quinto estado m\u00e1s seguro del pa\u00eds, al registrar una menor comisi\u00f3n de delitos durante el pasado mes de septiembre.<\/p>\n\n\n\n<p>En la conferencia de prensa del Gabinete de Seguridad que encabeza, detall\u00f3 que Oaxaca es una de las entidades que registr\u00f3, durante el mes de septiembre de 2023, menor comisi\u00f3n de delitos por cada 100 mil habitantes.<\/p>\n\n\n\n<p>Resalt\u00f3 que de enero a septiembre de este a\u00f1o, Oaxaca ocup\u00f3 el octavo lugar a nivel nacional de los estados con la menor comisi\u00f3n de delitos por cada 100 mil habitantes.<\/p>\n\n\n\n<p>Ante estos datos, reiter\u00f3 que el Gobernador Salom\u00f3n Jara Cruz se ha colocado dentro del ranking de los mandatarios con m\u00e1s participaci\u00f3n en las mesas de seguridad en todo el pa\u00eds, lo que habla del compromiso que mantiene con la seguridad al ser un tema prioritario para su gabinete.<\/p>\n\n\n\n<p>El encargado de la pol\u00edtica interna afirm\u00f3 que no es con operativos como el Gobierno del Estado reducir\u00e1 los \u00edndices delictivos sino con acciones de prevenci\u00f3n.<\/p>\n\n\n\n<p>Respecto a la emboscada que se registr\u00f3 en la entrada de San Mart\u00edn Itunyoso el pasado 17 de octubre contra el s\u00edndico municipal Andr\u00e9s G.R., que viajaba en su veh\u00edculo acompa\u00f1ado de su esposa e hija y fueron asesinados, manifest\u00f3 que este hecho forma parte de un conflicto pol\u00edtico-social entre dos grupos que se disputan el poder y los recursos econ\u00f3micos.<\/p>\n\n\n\n<p>Asegur\u00f3 que la Secretar\u00eda de Gobierno tiene 22 mesas documentadas de este conflicto, por el que se ha invitado a dialogar al s\u00edndico y al presidente municipal.<\/p>\n\n\n\n<p>Adelant\u00f3 que como parte de sus facultades estaba preparando una solicitud al Congreso del Estado para la desaparici\u00f3n de poderes ante la pugna por el poder y recursos econ\u00f3micos, para que cuando haya condiciones se convoque a elecciones.<\/p>\n\n\n\n<p>Puntualiz\u00f3 que la Fiscal\u00eda General del Estado de Oaxaca se encuentra realizando las investigaciones correspondientes por lo que los responsables tendr\u00e1n que asumir las consecuencias de este hecho.<br \/>-0-<\/p>\n\n\n\n<figure class=\"wp-block-image size-large\"><img fetchpriority=\"high\" decoding=\"async\" width=\"1024\" height=\"682\" src=\"https:\/\/contextoanalisisperiodistico.com\/wp-content\/uploads\/2023\/10\/img-20231019-wa01887452042803275643990-1024x682.jpg\" alt=\"\" class=\"wp-image-20090\" srcset=\"https:\/\/contextoanalisisperiodistico.com\/wp-content\/uploads\/2023\/10\/img-20231019-wa01887452042803275643990-1024x682.jpg 1024w, https:\/\/contextoanalisisperiodistico.com\/wp-content\/uploads\/2023\/10\/img-20231019-wa01887452042803275643990-300x200.jpg 300w, https:\/\/contextoanalisisperiodistico.com\/wp-content\/uploads\/2023\/10\/img-20231019-wa01887452042803275643990-768x512.jpg 768w, https:\/\/contextoanalisisperiodistico.com\/wp-content\/uploads\/2023\/10\/img-20231019-wa01887452042803275643990-1536x1023.jpg 1536w, https:\/\/contextoanalisisperiodistico.com\/wp-content\/uploads\/2023\/10\/img-20231019-wa01887452042803275643990.jpg 1600w\" sizes=\"(max-width: 1024px) 100vw, 1024px\" \/><\/figure>\n","protected":false},"excerpt":{"rendered":"<p>\u2022 Solicitar\u00e1 Gobierno del Estado desaparici\u00f3n de poderes en San Mart\u00edn Itunyoso tras emboscada en&#8230;<\/p>\n","protected":false},"author":4,"featured_media":20089,"comment_status":"","ping_status":"open","sticky":false,"template":"","format":"standard","meta":{"footnotes":""},"categories":[9],"tags":[],"jetpack_sharing_enabled":true,"featured_image_urls":{"full":["https:\/\/contextoanalisisperiodistico.com\/wp-content\/uploads\/2023\/10\/IMG-20231019-WA0187.jpg",1600,1066,false],"thumbnail":["https:\/\/contextoanalisisperiodistico.com\/wp-content\/uploads\/2023\/10\/IMG-20231019-WA0187-150x150.jpg",150,150,true],"medium":["https:\/\/contextoanalisisperiodistico.com\/wp-content\/uploads\/2023\/10\/IMG-20231019-WA0187-300x200.jpg",300,200,true],"medium_large":["https:\/\/contextoanalisisperiodistico.com\/wp-content\/uploads\/2023\/10\/IMG-20231019-WA0187-768x512.jpg",640,427,true],"large":["https:\/\/contextoanalisisperiodistico.com\/wp-content\/uploads\/2023\/10\/IMG-20231019-WA0187-1024x682.jpg",640,426,true],"1536x1536":["https:\/\/contextoanalisisperiodistico.com\/wp-content\/uploads\/2023\/10\/IMG-20231019-WA0187-1536x1023.jpg",1536,1023,true],"2048x2048":["https:\/\/contextoanalisisperiodistico.com\/wp-content\/uploads\/2023\/10\/IMG-20231019-WA0187.jpg",1600,1066,false],"covernews-slider-full":["https:\/\/contextoanalisisperiodistico.com\/wp-content\/uploads\/2023\/10\/IMG-20231019-WA0187-1115x715.jpg",1115,715,true],"covernews-slider-center":["https:\/\/contextoanalisisperiodistico.com\/wp-content\/uploads\/2023\/10\/IMG-20231019-WA0187-800x500.jpg",800,500,true],"covernews-featured":["https:\/\/contextoanalisisperiodistico.com\/wp-content\/uploads\/2023\/10\/IMG-20231019-WA0187-1024x682.jpg",1024,682,true],"covernews-medium":["https:\/\/contextoanalisisperiodistico.com\/wp-content\/uploads\/2023\/10\/IMG-20231019-WA0187-540x340.jpg",540,340,true],"covernews-medium-square":["https:\/\/contextoanalisisperiodistico.com\/wp-content\/uploads\/2023\/10\/IMG-20231019-WA0187-400x250.jpg",400,250,true]},"author_info":{"display_name":"Mario Gir\u00f3n","author_link":"https:\/\/contextoanalisisperiodistico.com\/index.php\/author\/director\/"},"category_info":"<a href=\"https:\/\/contextoanalisisperiodistico.com\/index.php\/category\/politica\/\" rel=\"category tag\">Pol\u00edtica<\/a>","tag_info":"Pol\u00edtica","comment_count":"0","jetpack_featured_media_url":"https:\/\/contextoanalisisperiodistico.com\/wp-content\/uploads\/2023\/10\/IMG-20231019-WA0187.jpg","_links":{"self":[{"href":"https:\/\/contextoanalisisperiodistico.com\/index.php\/wp-json\/wp\/v2\/posts\/20091"}],"collection":[{"href":"https:\/\/contextoanalisisperiodistico.com\/index.php\/wp-json\/wp\/v2\/posts"}],"about":[{"href":"https:\/\/contextoanalisisperiodistico.com\/index.php\/wp-json\/wp\/v2\/types\/post"}],"author":[{"embeddable":true,"href":"https:\/\/contextoanalisisperiodistico.com\/index.php\/wp-json\/wp\/v2\/users\/4"}],"replies":[{"embeddable":true,"href":"https:\/\/contextoanalisisperiodistico.com\/index.php\/wp-json\/wp\/v2\/comments?post=20091"}],"version-history":[{"count":0,"href":"https:\/\/contextoanalisisperiodistico.com\/index.php\/wp-json\/wp\/v2\/posts\/20091\/revisions"}],"wp:featuredmedia":[{"embeddable":true,"href":"https:\/\/contextoanalisisperiodistico.com\/index.php\/wp-json\/wp\/v2\/media\/20089"}],"wp:attachment":[{"href":"https:\/\/contextoanalisisperiodistico.com\/index.php\/wp-json\/wp\/v2\/media?parent=20091"}],"wp:term":[{"taxonomy":"category","embeddable":true,"href":"https:\/\/contextoanalisisperiodistico.com\/index.php\/wp-json\/wp\/v2\/categories?post=20091"},{"taxonomy":"post_tag","embeddable":true,"href":"https:\/\/contextoanalisisperiodistico.com\/index.php\/wp-json\/wp\/v2\/tags?post=20091"}],"curies":[{"name":"wp","href":"https:\/\/api.w.org\/{rel}","templated":true}]}}