{"id":20083,"date":"2023-10-19T20:11:03","date_gmt":"2023-10-20T02:11:03","guid":{"rendered":"https:\/\/contextoanalisisperiodistico.com\/index.php\/2023\/10\/19\/anuncian-inversion-para-caminos-y-cultura-en-san-juan-cacahuatepec\/"},"modified":"2023-10-19T20:11:03","modified_gmt":"2023-10-20T02:11:03","slug":"anuncian-inversion-para-caminos-y-cultura-en-san-juan-cacahuatepec","status":"publish","type":"post","link":"https:\/\/contextoanalisisperiodistico.com\/index.php\/2023\/10\/19\/anuncian-inversion-para-caminos-y-cultura-en-san-juan-cacahuatepec\/","title":{"rendered":"<em>Anuncian inversi\u00f3n para caminos y cultura en San Juan Cacahuatepec<\/em>"},"content":{"rendered":"<div id=\"fb-root\"><\/div>\n\n<p>\u2022 La tierra del universal de \u00c1lvaro Carrillo ser\u00e1 beneficiada con m\u00e1s de 28 millones de pesos como parte del programa Trabajo que Transforma tu Municipio<\/p>\n\n\n\n<figure class=\"wp-block-image size-large\"><img fetchpriority=\"high\" decoding=\"async\" width=\"731\" height=\"489\" src=\"https:\/\/contextoanalisisperiodistico.com\/wp-content\/uploads\/2023\/10\/img-20231019-wa01742058263776202170788.jpg\" alt=\"\" class=\"wp-image-20078\" srcset=\"https:\/\/contextoanalisisperiodistico.com\/wp-content\/uploads\/2023\/10\/img-20231019-wa01742058263776202170788.jpg 731w, https:\/\/contextoanalisisperiodistico.com\/wp-content\/uploads\/2023\/10\/img-20231019-wa01742058263776202170788-300x201.jpg 300w\" sizes=\"(max-width: 731px) 100vw, 731px\" \/><\/figure>\n\n\n\n<figure class=\"wp-block-image\"><img decoding=\"async\" width=\"300\" height=\"198\" src=\"https:\/\/contextoanalisisperiodistico.com\/wp-content\/uploads\/2023\/10\/img-20231019-wa01715237524380154855109-300x198.jpg\" alt=\"\" class=\"wp-image-20079\" srcset=\"https:\/\/contextoanalisisperiodistico.com\/wp-content\/uploads\/2023\/10\/img-20231019-wa01715237524380154855109-300x198.jpg 300w, https:\/\/contextoanalisisperiodistico.com\/wp-content\/uploads\/2023\/10\/img-20231019-wa01715237524380154855109.jpg 733w\" sizes=\"(max-width: 300px) 100vw, 300px\" \/><\/figure>\n\n\n\n<figure class=\"wp-block-image\"><img decoding=\"async\" width=\"300\" height=\"188\" src=\"https:\/\/contextoanalisisperiodistico.com\/wp-content\/uploads\/2023\/10\/img-20231019-wa01735973911506116651169-300x188.jpg\" alt=\"\" class=\"wp-image-20082\" srcset=\"https:\/\/contextoanalisisperiodistico.com\/wp-content\/uploads\/2023\/10\/img-20231019-wa01735973911506116651169-300x188.jpg 300w, https:\/\/contextoanalisisperiodistico.com\/wp-content\/uploads\/2023\/10\/img-20231019-wa01735973911506116651169-768x480.jpg 768w, https:\/\/contextoanalisisperiodistico.com\/wp-content\/uploads\/2023\/10\/img-20231019-wa01735973911506116651169-540x340.jpg 540w, https:\/\/contextoanalisisperiodistico.com\/wp-content\/uploads\/2023\/10\/img-20231019-wa01735973911506116651169-400x250.jpg 400w, https:\/\/contextoanalisisperiodistico.com\/wp-content\/uploads\/2023\/10\/img-20231019-wa01735973911506116651169.jpg 776w\" sizes=\"(max-width: 300px) 100vw, 300px\" \/><\/figure>\n\n\n\n<figure class=\"wp-block-image\"><img loading=\"lazy\" decoding=\"async\" width=\"300\" height=\"199\" src=\"https:\/\/contextoanalisisperiodistico.com\/wp-content\/uploads\/2023\/10\/img-20231019-wa01707297287486420435103-300x199.jpg\" alt=\"\" class=\"wp-image-20080\" srcset=\"https:\/\/contextoanalisisperiodistico.com\/wp-content\/uploads\/2023\/10\/img-20231019-wa01707297287486420435103-300x199.jpg 300w, https:\/\/contextoanalisisperiodistico.com\/wp-content\/uploads\/2023\/10\/img-20231019-wa01707297287486420435103.jpg 733w\" sizes=\"(max-width: 300px) 100vw, 300px\" \/><\/figure>\n\n\n\n<figure class=\"wp-block-image\"><img loading=\"lazy\" decoding=\"async\" width=\"300\" height=\"200\" src=\"https:\/\/contextoanalisisperiodistico.com\/wp-content\/uploads\/2023\/10\/img-20231019-wa01754753173571912140099-300x200.jpg\" alt=\"\" class=\"wp-image-20081\" srcset=\"https:\/\/contextoanalisisperiodistico.com\/wp-content\/uploads\/2023\/10\/img-20231019-wa01754753173571912140099-300x200.jpg 300w, https:\/\/contextoanalisisperiodistico.com\/wp-content\/uploads\/2023\/10\/img-20231019-wa01754753173571912140099.jpg 731w\" sizes=\"(max-width: 300px) 100vw, 300px\" \/><\/figure>\n\n\n\n<p>San Juan Cacahuatepec, Oax. 19 de octubre de 2023.- La tierra que vio nacer al coste\u00f1o universal \u00c1lvaro Carrillo Alarc\u00f3n tendr\u00e1 acciones de desarrollo para su poblaci\u00f3n, como la construcci\u00f3n de caminos y la reconstrucci\u00f3n del templo de la comunidad, anunci\u00f3 el Gobernador Salom\u00f3n Jara Cruz.<\/p>\n\n\n\n<p>Al acudir a San Juan Cacahuatepec para dar a conocer un monto de inversi\u00f3n superior a los 28 millones de pesos, el Mandatario estatal inform\u00f3 que a trav\u00e9s de Caminos Bienestar (Cabien) se realizar\u00e1 la rehabilitaci\u00f3n de la carretera M\u00e1rtires de Tacubaya a esta localidad con una inversi\u00f3n de 10 millones de pesos.<\/p>\n\n\n\n<p>Asimismo, se atender\u00e1 la rehabilitaci\u00f3n de la carretera que va de San Juan Cacahuatepec a Buena Vista, con una inversi\u00f3n de 5 millones de pesos, para con ello garantizar una movilidad digna a las y los habitantes del lugar.<\/p>\n\n\n\n<p>Mediante el Instituto del Patrimonio Cultural del Estado de Oaxaca (Inpac) se dar\u00e1 continuidad a la restauraci\u00f3n del Templo de San Juan Bautista, afectado por los sismos de a\u00f1os pasados, con un importe total de 3 millones de pesos.<\/p>\n\n\n\n<p>En tanto, la Secretar\u00eda de Infraestructuras y Comunicaciones (Sinfra), aplicar\u00e1 recursos por el orden de 1 mill\u00f3n 190 mil 591 pesos para la ejecuci\u00f3n de la obra de construcci\u00f3n de pavimento con concreto hidr\u00e1ulico en la calle Iturbide de la localidad.<\/p>\n\n\n\n<p>\u201cEn este gobierno estamos presentando el proyecto de gobierno llamado Trabajo que Transforma tu Municipio, por ello estamos visitando los 570 municipios, porque somos un gobierno cercano al pueblo, a las comunidades y sus autoridades; de esta manera estamos bridando atenci\u00f3n directa a las y los presidentes municipales\u201d, subray\u00f3 Jara Cruz acompa\u00f1ado de la Presidenta Honoraria del Sistema para el Desarrollo Integral de la Familia (DIF) Oaxaca, Irma Bola\u00f1os Quijano.<\/p>\n\n\n\n<p>Con la asistencia del presidente municipal de San Juan Cacahuatepec, Pedro Mart\u00ednez Barroso se dio a conocer que a trav\u00e9s de los Servicios de Salud de Oaxaca (SSO) se destinar\u00e1 1 mill\u00f3n 33 mil 977 pesos para la adquisici\u00f3n de medicamentos.<\/p>\n\n\n\n<p>La Secretar\u00eda de Fomento Agroalimentario y Desarrollo Rural (Sefader), con el apoyo del Gobierno Federal, actualmente aportan 602 mil 562 pesos para dar atenci\u00f3n al ganado y mejorar las condiciones de sanidad animal.<\/p>\n\n\n\n<p>Tambi\u00e9n se dio a conocer que la Secretar\u00eda de Finanzas (Sefin) realiz\u00f3 hasta el mes de agosto el dep\u00f3sito a las arcas municipales de 393 mil 824 pesos como parte del Fondo Compensatorio, a fin de que sean aplicados en las necesidades y carencias m\u00e1s apremiantes de la municipalidad.<\/p>\n\n\n\n<p>En materia educativa, el Instituto Oaxaque\u00f1o Constructor de Infraestructura Educativa (Iocied), invertir\u00e1 en equipamiento para aulas de centros educativos de nivel medio superior, as\u00ed como la construcci\u00f3n de techado en una escuela primaria, por un monto total de 3 millones 249 mil 740 pesos.<\/p>\n\n\n\n<p>Asimismo, se dar\u00e1 atenci\u00f3n a ocho solicitudes que fueron presentadas por la ciudadan\u00eda y recabadas por representantes de la dependencia estatal.<\/p>\n\n\n\n<p>Por su parte, el Sistema DIF Oaxaca apoyar\u00e1 a los grupos prioritarios de la localidad con un importe total de 1 mill\u00f3n 728 mil 460 pesos, para fortalecer los programas alimentarios y abonar a la nutrici\u00f3n de las familias.<\/p>\n\n\n\n<p>En tanto, la Direcci\u00f3n de Vivienda Bienestar apoyar\u00e1 a las familias que m\u00e1s lo necesitan con 725 mil pesos.<\/p>\n\n\n\n<p>Al hacer uso de la voz, el presidente municipal de San Juan Cacahuatepec Pedro Mart\u00ednez Barroso hizo hincapi\u00e9 en fortalecer la identidad de las familias de la poblaci\u00f3n a trav\u00e9s de la m\u00fasica, legado cultural que se ha compartido de generaci\u00f3n en generaci\u00f3n.<\/p>\n\n\n\n<p>\u201cEs justo que este pueblo resalte de nuevo, y por qu\u00e9 no, encontrar al pr\u00f3ximo \u00c1lvaro Carrillo dentro de nuestras juventudes. Confiamos en que esta petici\u00f3n ser\u00e1 escuchada por nuestro Gobernador y estamos seguros que la canci\u00f3n Sabor a m\u00ed, El Andariego y El Amuleto, nuevamente resonar\u00e1n en nuestros corazones\u201d, concluy\u00f3 el edil.<\/p>\n\n\n\n<p>-0-<\/p>\n","protected":false},"excerpt":{"rendered":"<p>\u2022 La tierra del universal de \u00c1lvaro Carrillo ser\u00e1 beneficiada con m\u00e1s de 28 millones&#8230;<\/p>\n","protected":false},"author":4,"featured_media":20077,"comment_status":"","ping_status":"open","sticky":false,"template":"","format":"standard","meta":{"footnotes":""},"categories":[9],"tags":[],"jetpack_sharing_enabled":true,"featured_image_urls":{"full":["https:\/\/contextoanalisisperiodistico.com\/wp-content\/uploads\/2023\/10\/IMG-20231019-WA0172.jpg",732,487,false],"thumbnail":["https:\/\/contextoanalisisperiodistico.com\/wp-content\/uploads\/2023\/10\/IMG-20231019-WA0172-150x150.jpg",150,150,true],"medium":["https:\/\/contextoanalisisperiodistico.com\/wp-content\/uploads\/2023\/10\/IMG-20231019-WA0172-300x200.jpg",300,200,true],"medium_large":["https:\/\/contextoanalisisperiodistico.com\/wp-content\/uploads\/2023\/10\/IMG-20231019-WA0172.jpg",640,426,false],"large":["https:\/\/contextoanalisisperiodistico.com\/wp-content\/uploads\/2023\/10\/IMG-20231019-WA0172.jpg",640,426,false],"1536x1536":["https:\/\/contextoanalisisperiodistico.com\/wp-content\/uploads\/2023\/10\/IMG-20231019-WA0172.jpg",732,487,false],"2048x2048":["https:\/\/contextoanalisisperiodistico.com\/wp-content\/uploads\/2023\/10\/IMG-20231019-WA0172.jpg",732,487,false],"covernews-slider-full":["https:\/\/contextoanalisisperiodistico.com\/wp-content\/uploads\/2023\/10\/IMG-20231019-WA0172.jpg",732,487,false],"covernews-slider-center":["https:\/\/contextoanalisisperiodistico.com\/wp-content\/uploads\/2023\/10\/IMG-20231019-WA0172.jpg",732,487,false],"covernews-featured":["https:\/\/contextoanalisisperiodistico.com\/wp-content\/uploads\/2023\/10\/IMG-20231019-WA0172.jpg",732,487,false],"covernews-medium":["https:\/\/contextoanalisisperiodistico.com\/wp-content\/uploads\/2023\/10\/IMG-20231019-WA0172-540x340.jpg",540,340,true],"covernews-medium-square":["https:\/\/contextoanalisisperiodistico.com\/wp-content\/uploads\/2023\/10\/IMG-20231019-WA0172-400x250.jpg",400,250,true]},"author_info":{"display_name":"Mario Gir\u00f3n","author_link":"https:\/\/contextoanalisisperiodistico.com\/index.php\/author\/director\/"},"category_info":"<a href=\"https:\/\/contextoanalisisperiodistico.com\/index.php\/category\/politica\/\" rel=\"category tag\">Pol\u00edtica<\/a>","tag_info":"Pol\u00edtica","comment_count":"0","jetpack_featured_media_url":"https:\/\/contextoanalisisperiodistico.com\/wp-content\/uploads\/2023\/10\/IMG-20231019-WA0172.jpg","_links":{"self":[{"href":"https:\/\/contextoanalisisperiodistico.com\/index.php\/wp-json\/wp\/v2\/posts\/20083"}],"collection":[{"href":"https:\/\/contextoanalisisperiodistico.com\/index.php\/wp-json\/wp\/v2\/posts"}],"about":[{"href":"https:\/\/contextoanalisisperiodistico.com\/index.php\/wp-json\/wp\/v2\/types\/post"}],"author":[{"embeddable":true,"href":"https:\/\/contextoanalisisperiodistico.com\/index.php\/wp-json\/wp\/v2\/users\/4"}],"replies":[{"embeddable":true,"href":"https:\/\/contextoanalisisperiodistico.com\/index.php\/wp-json\/wp\/v2\/comments?post=20083"}],"version-history":[{"count":0,"href":"https:\/\/contextoanalisisperiodistico.com\/index.php\/wp-json\/wp\/v2\/posts\/20083\/revisions"}],"wp:featuredmedia":[{"embeddable":true,"href":"https:\/\/contextoanalisisperiodistico.com\/index.php\/wp-json\/wp\/v2\/media\/20077"}],"wp:attachment":[{"href":"https:\/\/contextoanalisisperiodistico.com\/index.php\/wp-json\/wp\/v2\/media?parent=20083"}],"wp:term":[{"taxonomy":"category","embeddable":true,"href":"https:\/\/contextoanalisisperiodistico.com\/index.php\/wp-json\/wp\/v2\/categories?post=20083"},{"taxonomy":"post_tag","embeddable":true,"href":"https:\/\/contextoanalisisperiodistico.com\/index.php\/wp-json\/wp\/v2\/tags?post=20083"}],"curies":[{"name":"wp","href":"https:\/\/api.w.org\/{rel}","templated":true}]}}