{"id":20073,"date":"2023-10-19T19:24:15","date_gmt":"2023-10-20T01:24:15","guid":{"rendered":"https:\/\/contextoanalisisperiodistico.com\/index.php\/2023\/10\/19\/martires-de-tacubaya-recibe-el-nuevo-modelo-de-atencion-del-gobierno-del-estado\/"},"modified":"2023-10-19T19:24:15","modified_gmt":"2023-10-20T01:24:15","slug":"martires-de-tacubaya-recibe-el-nuevo-modelo-de-atencion-del-gobierno-del-estado","status":"publish","type":"post","link":"https:\/\/contextoanalisisperiodistico.com\/index.php\/2023\/10\/19\/martires-de-tacubaya-recibe-el-nuevo-modelo-de-atencion-del-gobierno-del-estado\/","title":{"rendered":"<em>M\u00e1rtires de Tacubaya recibe el nuevo modelo de atenci\u00f3n del Gobierno del Estado<\/em>"},"content":{"rendered":"<div id=\"fb-root\"><\/div>\n\n<p>\u2022 El Mandatario Salom\u00f3n Jara Cruz, en su gira de trabajo por la regi\u00f3n de la Costa, inform\u00f3 que se apoyar\u00e1 a la localidad con 14 millones 55 mil pesos<\/p>\n\n\n\n<figure class=\"wp-block-image size-large\"><img fetchpriority=\"high\" decoding=\"async\" width=\"732\" height=\"488\" src=\"https:\/\/contextoanalisisperiodistico.com\/wp-content\/uploads\/2023\/10\/img-20231019-wa01648365154464824805559.jpg\" alt=\"\" class=\"wp-image-20070\" srcset=\"https:\/\/contextoanalisisperiodistico.com\/wp-content\/uploads\/2023\/10\/img-20231019-wa01648365154464824805559.jpg 732w, https:\/\/contextoanalisisperiodistico.com\/wp-content\/uploads\/2023\/10\/img-20231019-wa01648365154464824805559-300x200.jpg 300w\" sizes=\"(max-width: 732px) 100vw, 732px\" \/><\/figure>\n\n\n\n<figure class=\"wp-block-image\"><img decoding=\"async\" width=\"1024\" height=\"683\" src=\"https:\/\/contextoanalisisperiodistico.com\/wp-content\/uploads\/2023\/10\/img-20231019-wa01596966108559234554734-1024x683.jpg\" alt=\"\" class=\"wp-image-20072\" srcset=\"https:\/\/contextoanalisisperiodistico.com\/wp-content\/uploads\/2023\/10\/img-20231019-wa01596966108559234554734-1024x683.jpg 1024w, https:\/\/contextoanalisisperiodistico.com\/wp-content\/uploads\/2023\/10\/img-20231019-wa01596966108559234554734-300x200.jpg 300w, https:\/\/contextoanalisisperiodistico.com\/wp-content\/uploads\/2023\/10\/img-20231019-wa01596966108559234554734-768x512.jpg 768w, https:\/\/contextoanalisisperiodistico.com\/wp-content\/uploads\/2023\/10\/img-20231019-wa01596966108559234554734.jpg 1280w\" sizes=\"(max-width: 1024px) 100vw, 1024px\" \/><\/figure>\n\n\n\n<figure class=\"wp-block-image\"><img decoding=\"async\" width=\"300\" height=\"201\" src=\"https:\/\/contextoanalisisperiodistico.com\/wp-content\/uploads\/2023\/10\/img-20231019-wa01633564606015626744851-300x201.jpg\" alt=\"\" class=\"wp-image-20071\" srcset=\"https:\/\/contextoanalisisperiodistico.com\/wp-content\/uploads\/2023\/10\/img-20231019-wa01633564606015626744851-300x201.jpg 300w, https:\/\/contextoanalisisperiodistico.com\/wp-content\/uploads\/2023\/10\/img-20231019-wa01633564606015626744851.jpg 732w\" sizes=\"(max-width: 300px) 100vw, 300px\" \/><\/figure>\n\n\n\n<p>M\u00e1rtires de Tacubaya, Oax. 19 de octubre de 2023.- La regi\u00f3n Costa transita, al igual que toda la entidad, hacia la transformaci\u00f3n de la vida p\u00fablica del pa\u00eds, y para dar continuidad a la estrategia Trabajo que Transforma tu Municipio, el Gobernador Salom\u00f3n Jara Cruz visit\u00f3 M\u00e1rtires de Tacubaya.<\/p>\n\n\n\n<p>Acompa\u00f1ado de la Presidenta Honoraria del Sistema para el Desarrollo Integral de la Familia (DIF) Oaxaca, Irma Bola\u00f1os Quijano y de la presidenta municipal Rosa Minerva Guzm\u00e1n Dom\u00ednguez, el Mandatario oaxaque\u00f1o inform\u00f3 que el Gobierno del Estado apoyar\u00e1 a la localidad con la aplicaci\u00f3n transparente de 14 millones 55 mil pesos.<\/p>\n\n\n\n<p>\u201cEste es un gobierno del pueblo y para el pueblo, un gobierno de territorio, por eso solo estamos en Palacio dos d\u00edas, a partir de las 5:00 horas, y los dem\u00e1s d\u00edas seguimos recorriendo todos los municipios de Oaxaca, los 570, para ayudarles a sacar adelante a nuestros pueblos\u201d, comparti\u00f3 Jara Cruz.<\/p>\n\n\n\n<p>En materia de salud, a trav\u00e9s de los Servicios de Salud de Oaxaca (SSO) apoyar\u00e1 a la comunidad con 750 mil 477 pesos en medicamentos para la Unidad M\u00e9dica.<\/p>\n\n\n\n<p>Por su parte, la Secretar\u00eda de Fomento Agroalimentario y Desarrollo Rural (Sefader) inform\u00f3 que se han emprendido acciones para dar atenci\u00f3n y cuidado al ganado bovino en 36 ranchos de la localidad, con un apoyo conjunto con el Gobierno Federal que asciende a los 83 mil 112 pesos.<\/p>\n\n\n\n<p>Se dio a conocer que en M\u00e1rtires de Tacubaya se apoya a jefas de familia con la tarjeta Margarita Maza, con una inversi\u00f3n de 240 mil pesos, adem\u00e1s de tener proyectado acercar las Caravanas Bienestar a trav\u00e9s de la Secretar\u00eda de Bienestar, Tequio e Inclusi\u00f3n (Sebienti) en coordinaci\u00f3n con otras dependencias de la administraci\u00f3n estatal.<\/p>\n\n\n\n<p>La Secretar\u00eda de Finanzas (Sefin) realiz\u00f3 el dep\u00f3sito de 46 mil 455 pesos correspondientes al Fondo Compensatorio, hasta el mes de agosto, recurso econ\u00f3mico que es entregado de manera directa a las autoridades municipales sin intermediarios.<\/p>\n\n\n\n<p>Mediante el Secretariado Ejecutivo del Sistema Estatal de Seguridad P\u00fablica (SESESP) se dio a conocer que se apoyar\u00e1 a la comunidad con los procesos de certificaci\u00f3n de la corporaci\u00f3n a trav\u00e9s del Centro de Control y Confianza, a fin de fortalecer el sistema municipal de seguridad.<\/p>\n\n\n\n<p>El Sistema DIF Oaxaca, beneficia a las familias que m\u00e1s lo requieren con el Programa de Comedores Populares para el Bienestar, en el que se destinan m\u00e1s de 450 mil pesos. En tanto, a trav\u00e9s del programa de Alimentaci\u00f3n Escolar se beneficia con m\u00e1s de 189 mil pesos, y para Grupos Prioritarios con 650 mil pesos, para hacer un total de 649 mil 119 pesos en apoyos por parte del organismo asistencial.<\/p>\n\n\n\n<p>A su vez, la Comisi\u00f3n Estatal del Agua para el Bienestar (Ceabien) anunci\u00f3 que actualmente se ejecuta una obra de ampliaci\u00f3n del sistema de agua potable con una inversi\u00f3n superior a un mill\u00f3n 995 mil pesos, presentando un avance de 50 por ciento.<\/p>\n\n\n\n<p>En materia educativa, el Instituto Estatal de Educaci\u00f3n P\u00fablica del Estado de Oaxaca (IEEPO) atender\u00e1 planteles educativos de nivel b\u00e1sico por recursos econ\u00f3micos que ascienden a los 385 mil pesos y por indicaciones del titular del Ejecutivo estatal se atender\u00e1n planteamientos y solicitudes de la comunidad.<\/p>\n\n\n\n<p>En tanto, la Direcci\u00f3n de Caminos Bienestar (Cabien) anunci\u00f3 que se llevar\u00e1 a cabo la rehabilitaci\u00f3n de la carretera M\u00e1rtires de Tacubaya a San Juan Cacahuatepec, en una primera etapa, por 10 millones de pesos.<\/p>\n\n\n\n<p>Por su parte el Instituto Oaxaque\u00f1o Constructor de Infraestructura Educativa (Iocied) recibi\u00f3 seis solicitudes para el mejoramiento de las condiciones de un jard\u00edn de ni\u00f1os, de escuelas primarias, secundarias, y del Instituto de Estudios de Bachillerato del Estado de Oaxaca (IEBO), a lo que se comprometieron a dar seguimiento y realizar las supervisiones y evaluaciones t\u00e9cnicas pertinentes.<\/p>\n\n\n\n<p>-0-<\/p>\n","protected":false},"excerpt":{"rendered":"<p>\u2022 El Mandatario Salom\u00f3n Jara Cruz, en su gira de trabajo por la regi\u00f3n de&#8230;<\/p>\n","protected":false},"author":4,"featured_media":20069,"comment_status":"","ping_status":"open","sticky":false,"template":"","format":"standard","meta":{"footnotes":""},"categories":[9],"tags":[],"jetpack_sharing_enabled":true,"featured_image_urls":{"full":["https:\/\/contextoanalisisperiodistico.com\/wp-content\/uploads\/2023\/10\/IMG-20231019-WA0162.jpg",732,487,false],"thumbnail":["https:\/\/contextoanalisisperiodistico.com\/wp-content\/uploads\/2023\/10\/IMG-20231019-WA0162-150x150.jpg",150,150,true],"medium":["https:\/\/contextoanalisisperiodistico.com\/wp-content\/uploads\/2023\/10\/IMG-20231019-WA0162-300x200.jpg",300,200,true],"medium_large":["https:\/\/contextoanalisisperiodistico.com\/wp-content\/uploads\/2023\/10\/IMG-20231019-WA0162.jpg",640,426,false],"large":["https:\/\/contextoanalisisperiodistico.com\/wp-content\/uploads\/2023\/10\/IMG-20231019-WA0162.jpg",640,426,false],"1536x1536":["https:\/\/contextoanalisisperiodistico.com\/wp-content\/uploads\/2023\/10\/IMG-20231019-WA0162.jpg",732,487,false],"2048x2048":["https:\/\/contextoanalisisperiodistico.com\/wp-content\/uploads\/2023\/10\/IMG-20231019-WA0162.jpg",732,487,false],"covernews-slider-full":["https:\/\/contextoanalisisperiodistico.com\/wp-content\/uploads\/2023\/10\/IMG-20231019-WA0162.jpg",732,487,false],"covernews-slider-center":["https:\/\/contextoanalisisperiodistico.com\/wp-content\/uploads\/2023\/10\/IMG-20231019-WA0162.jpg",732,487,false],"covernews-featured":["https:\/\/contextoanalisisperiodistico.com\/wp-content\/uploads\/2023\/10\/IMG-20231019-WA0162.jpg",732,487,false],"covernews-medium":["https:\/\/contextoanalisisperiodistico.com\/wp-content\/uploads\/2023\/10\/IMG-20231019-WA0162-540x340.jpg",540,340,true],"covernews-medium-square":["https:\/\/contextoanalisisperiodistico.com\/wp-content\/uploads\/2023\/10\/IMG-20231019-WA0162-400x250.jpg",400,250,true]},"author_info":{"display_name":"Mario Gir\u00f3n","author_link":"https:\/\/contextoanalisisperiodistico.com\/index.php\/author\/director\/"},"category_info":"<a href=\"https:\/\/contextoanalisisperiodistico.com\/index.php\/category\/politica\/\" rel=\"category tag\">Pol\u00edtica<\/a>","tag_info":"Pol\u00edtica","comment_count":"0","jetpack_featured_media_url":"https:\/\/contextoanalisisperiodistico.com\/wp-content\/uploads\/2023\/10\/IMG-20231019-WA0162.jpg","_links":{"self":[{"href":"https:\/\/contextoanalisisperiodistico.com\/index.php\/wp-json\/wp\/v2\/posts\/20073"}],"collection":[{"href":"https:\/\/contextoanalisisperiodistico.com\/index.php\/wp-json\/wp\/v2\/posts"}],"about":[{"href":"https:\/\/contextoanalisisperiodistico.com\/index.php\/wp-json\/wp\/v2\/types\/post"}],"author":[{"embeddable":true,"href":"https:\/\/contextoanalisisperiodistico.com\/index.php\/wp-json\/wp\/v2\/users\/4"}],"replies":[{"embeddable":true,"href":"https:\/\/contextoanalisisperiodistico.com\/index.php\/wp-json\/wp\/v2\/comments?post=20073"}],"version-history":[{"count":0,"href":"https:\/\/contextoanalisisperiodistico.com\/index.php\/wp-json\/wp\/v2\/posts\/20073\/revisions"}],"wp:featuredmedia":[{"embeddable":true,"href":"https:\/\/contextoanalisisperiodistico.com\/index.php\/wp-json\/wp\/v2\/media\/20069"}],"wp:attachment":[{"href":"https:\/\/contextoanalisisperiodistico.com\/index.php\/wp-json\/wp\/v2\/media?parent=20073"}],"wp:term":[{"taxonomy":"category","embeddable":true,"href":"https:\/\/contextoanalisisperiodistico.com\/index.php\/wp-json\/wp\/v2\/categories?post=20073"},{"taxonomy":"post_tag","embeddable":true,"href":"https:\/\/contextoanalisisperiodistico.com\/index.php\/wp-json\/wp\/v2\/tags?post=20073"}],"curies":[{"name":"wp","href":"https:\/\/api.w.org\/{rel}","templated":true}]}}