{"id":20062,"date":"2023-10-19T19:14:15","date_gmt":"2023-10-20T01:14:15","guid":{"rendered":"https:\/\/contextoanalisisperiodistico.com\/index.php\/2023\/10\/19\/con-entrega-de-apoyos-dif-oaxaca-cobija-al-pueblo-de-ayotzintepec\/"},"modified":"2023-10-19T19:14:15","modified_gmt":"2023-10-20T01:14:15","slug":"con-entrega-de-apoyos-dif-oaxaca-cobija-al-pueblo-de-ayotzintepec","status":"publish","type":"post","link":"https:\/\/contextoanalisisperiodistico.com\/index.php\/2023\/10\/19\/con-entrega-de-apoyos-dif-oaxaca-cobija-al-pueblo-de-ayotzintepec\/","title":{"rendered":"<em>Con entrega de apoyos, DIF Oaxaca cobija al pueblo de Ayotzintepec<\/em>"},"content":{"rendered":"<div id=\"fb-root\"><\/div>\n\n<p>\u2022 La Presidenta Honoraria del organismo, Irma Bola\u00f1os Quijano visit\u00f3 este municipio de la Cuenca del Papaloapan para entregar dotaciones alimentarias, lentes de vista cansada, aparatos funcionales y juguetes<\/p>\n\n\n\n<p>\u2022 La poblaci\u00f3n tambi\u00e9n recibi\u00f3 atenci\u00f3n integral durante la visita de la Caravana de Unidades de Cuidados DIF<\/p>\n\n\n\n<p>Ayotzintepec, Oax., 19 de octubre de 2023.- De acuerdo con la se\u00f1ora Alejandrina Velasco Mendoza, originaria de este municipio de la Cuenca del Papaloapan, su localidad hab\u00eda permanecido durante a\u00f1os en el olvido gubernamental, a diferencia de esta administraci\u00f3n con la que reciben atenci\u00f3n en su alimentaci\u00f3n y salud por parte del Sistema para el Desarrollo Integral de la Familia (DIF) Oaxaca.<\/p>\n\n\n\n<p>En este encuentro cercano con quienes m\u00e1s lo necesita, la Presidenta Honoraria del organismo, Irma Bola\u00f1os Quijano entreg\u00f3 250 dotaciones como parte del Programa de Atenci\u00f3n Alimentaria a Grupos Prioritarios y del subprograma Comedores Populares para el Bienestar.<\/p>\n\n\n\n<p>As\u00ed como 82 lentes de vista cansada y 45 aparatos funcionales como andaderas, bastones y sillas de ruedas.<\/p>\n\n\n\n<p>Con estas acciones, el organismo da cobertura a la carencia por acceso a la alimentaci\u00f3n y seguridad social, consideradas como unas de las principales necesidades que ten\u00eda registrada la Secretar\u00eda de Econom\u00eda del Gobierno Federal desde el a\u00f1o 2020.<\/p>\n\n\n\n<p>\u201cAgradezco este apoyo que me entregaron porque vivo con mi nieto y tengo discapacidad, adem\u00e1s que ya estoy grande\u201d, expres\u00f3 Velasco Mendoza.<\/p>\n\n\n\n<p>En su mensaje dirigido a la poblaci\u00f3n, Bola\u00f1os Quijano mencion\u00f3 que adem\u00e1s de estos apoyos, el municipio ha recibido atenci\u00f3n de salud integral a trav\u00e9s de la Caravana de Unidades de Cuidados DIF, cuyos servicios son gratuitos para beneficio de quienes m\u00e1s lo necesitan.<\/p>\n\n\n\n<p>\u201cSi se acercan a la delegada regional y a la presidenta del Comit\u00e9 Municipal del DIF, pueden ampliar el Programa de Atenci\u00f3n Alimentaria a Grupos Prioritarios y de esta manera se podr\u00e1 entregar apoyos alimentarios a m\u00e1s abuelitas y abuelitos. Ojal\u00e1 los centros escolares tambi\u00e9n puedan inscribirse en el Programa de Alimentaci\u00f3n Escolar\u201d, destac\u00f3 la Presidenta Honoraria.<\/p>\n\n\n\n<p>Lo anterior, debido a que los desayunos calientes que brinda este programa -dijo- pueden ayudarle a las ni\u00f1as y ni\u00f1os a tener un mejor rendimiento escolar.<\/p>\n\n\n\n<p>Como prioridad al cari\u00f1o y cuidado de la ni\u00f1ez, la Presidenta Honoraria tambi\u00e9n comparti\u00f3 un momento de alegr\u00eda con 200 ni\u00f1as y ni\u00f1os al hacerles entrega de un juguete para sus tardes de juego.<\/p>\n\n\n\n<p>Cabe destacar que durante su visita por este pueblo chinanteco, el organismo estatal a trav\u00e9s de la Caravana de Unidades de Cuidados DIF brind\u00f3 676 servicios de salud correspondientes a medicina general, ginecolog\u00eda, odontolog\u00eda y pediatr\u00eda.<br \/>Adem\u00e1s de la renovaci\u00f3n de 137 actas de nacimiento y 60 cortes de cabello a las personas que requirieron el servicio.<\/p>\n\n\n\n<p>-0-<\/p>\n\n\n\n<figure class=\"wp-block-image size-large\"><img fetchpriority=\"high\" decoding=\"async\" width=\"1024\" height=\"683\" src=\"https:\/\/contextoanalisisperiodistico.com\/wp-content\/uploads\/2023\/10\/img-20231019-wa01559190965133898458290-1024x683.jpg\" alt=\"\" class=\"wp-image-20057\" srcset=\"https:\/\/contextoanalisisperiodistico.com\/wp-content\/uploads\/2023\/10\/img-20231019-wa01559190965133898458290-1024x683.jpg 1024w, https:\/\/contextoanalisisperiodistico.com\/wp-content\/uploads\/2023\/10\/img-20231019-wa01559190965133898458290-300x200.jpg 300w, https:\/\/contextoanalisisperiodistico.com\/wp-content\/uploads\/2023\/10\/img-20231019-wa01559190965133898458290-768x512.jpg 768w, https:\/\/contextoanalisisperiodistico.com\/wp-content\/uploads\/2023\/10\/img-20231019-wa01559190965133898458290.jpg 1280w\" sizes=\"(max-width: 1024px) 100vw, 1024px\" \/><\/figure>\n\n\n\n<figure class=\"wp-block-image\"><img decoding=\"async\" width=\"1024\" height=\"683\" src=\"https:\/\/contextoanalisisperiodistico.com\/wp-content\/uploads\/2023\/10\/img-20231019-wa01574974718306349166257-1024x683.jpg\" alt=\"\" class=\"wp-image-20059\" srcset=\"https:\/\/contextoanalisisperiodistico.com\/wp-content\/uploads\/2023\/10\/img-20231019-wa01574974718306349166257-1024x683.jpg 1024w, https:\/\/contextoanalisisperiodistico.com\/wp-content\/uploads\/2023\/10\/img-20231019-wa01574974718306349166257-300x200.jpg 300w, https:\/\/contextoanalisisperiodistico.com\/wp-content\/uploads\/2023\/10\/img-20231019-wa01574974718306349166257-768x512.jpg 768w, https:\/\/contextoanalisisperiodistico.com\/wp-content\/uploads\/2023\/10\/img-20231019-wa01574974718306349166257.jpg 1280w\" sizes=\"(max-width: 1024px) 100vw, 1024px\" \/><\/figure>\n\n\n\n<figure class=\"wp-block-image\"><img decoding=\"async\" width=\"1024\" height=\"683\" src=\"https:\/\/contextoanalisisperiodistico.com\/wp-content\/uploads\/2023\/10\/img-20231019-wa01595432205143626532865-1024x683.jpg\" alt=\"\" class=\"wp-image-20061\" srcset=\"https:\/\/contextoanalisisperiodistico.com\/wp-content\/uploads\/2023\/10\/img-20231019-wa01595432205143626532865-1024x683.jpg 1024w, https:\/\/contextoanalisisperiodistico.com\/wp-content\/uploads\/2023\/10\/img-20231019-wa01595432205143626532865-300x200.jpg 300w, https:\/\/contextoanalisisperiodistico.com\/wp-content\/uploads\/2023\/10\/img-20231019-wa01595432205143626532865-768x512.jpg 768w, https:\/\/contextoanalisisperiodistico.com\/wp-content\/uploads\/2023\/10\/img-20231019-wa01595432205143626532865.jpg 1280w\" sizes=\"(max-width: 1024px) 100vw, 1024px\" \/><\/figure>\n\n\n\n<figure class=\"wp-block-image\"><img loading=\"lazy\" decoding=\"async\" width=\"1024\" height=\"683\" src=\"https:\/\/contextoanalisisperiodistico.com\/wp-content\/uploads\/2023\/10\/img-20231019-wa0156348340254153730214-1024x683.jpg\" alt=\"\" class=\"wp-image-20060\" srcset=\"https:\/\/contextoanalisisperiodistico.com\/wp-content\/uploads\/2023\/10\/img-20231019-wa0156348340254153730214-1024x683.jpg 1024w, https:\/\/contextoanalisisperiodistico.com\/wp-content\/uploads\/2023\/10\/img-20231019-wa0156348340254153730214-300x200.jpg 300w, https:\/\/contextoanalisisperiodistico.com\/wp-content\/uploads\/2023\/10\/img-20231019-wa0156348340254153730214-768x512.jpg 768w, https:\/\/contextoanalisisperiodistico.com\/wp-content\/uploads\/2023\/10\/img-20231019-wa0156348340254153730214.jpg 1280w\" sizes=\"(max-width: 1024px) 100vw, 1024px\" \/><\/figure>\n\n\n\n<figure class=\"wp-block-image\"><img loading=\"lazy\" decoding=\"async\" width=\"1024\" height=\"682\" src=\"https:\/\/contextoanalisisperiodistico.com\/wp-content\/uploads\/2023\/10\/img-20231019-wa01521921826999559813696-1024x682.jpg\" alt=\"\" class=\"wp-image-20058\" srcset=\"https:\/\/contextoanalisisperiodistico.com\/wp-content\/uploads\/2023\/10\/img-20231019-wa01521921826999559813696-1024x682.jpg 1024w, https:\/\/contextoanalisisperiodistico.com\/wp-content\/uploads\/2023\/10\/img-20231019-wa01521921826999559813696-300x200.jpg 300w, https:\/\/contextoanalisisperiodistico.com\/wp-content\/uploads\/2023\/10\/img-20231019-wa01521921826999559813696-768x512.jpg 768w, https:\/\/contextoanalisisperiodistico.com\/wp-content\/uploads\/2023\/10\/img-20231019-wa01521921826999559813696.jpg 1280w\" sizes=\"(max-width: 1024px) 100vw, 1024px\" \/><\/figure>\n","protected":false},"excerpt":{"rendered":"<p>\u2022 La Presidenta Honoraria del organismo, Irma Bola\u00f1os Quijano visit\u00f3 este municipio de la Cuenca&#8230;<\/p>\n","protected":false},"author":4,"featured_media":20056,"comment_status":"","ping_status":"open","sticky":false,"template":"","format":"standard","meta":{"footnotes":""},"categories":[9],"tags":[],"jetpack_sharing_enabled":true,"featured_image_urls":{"full":["https:\/\/contextoanalisisperiodistico.com\/wp-content\/uploads\/2023\/10\/IMG-20231019-WA0158.jpg",1280,854,false],"thumbnail":["https:\/\/contextoanalisisperiodistico.com\/wp-content\/uploads\/2023\/10\/IMG-20231019-WA0158-150x150.jpg",150,150,true],"medium":["https:\/\/contextoanalisisperiodistico.com\/wp-content\/uploads\/2023\/10\/IMG-20231019-WA0158-300x200.jpg",300,200,true],"medium_large":["https:\/\/contextoanalisisperiodistico.com\/wp-content\/uploads\/2023\/10\/IMG-20231019-WA0158-768x512.jpg",640,427,true],"large":["https:\/\/contextoanalisisperiodistico.com\/wp-content\/uploads\/2023\/10\/IMG-20231019-WA0158-1024x683.jpg",640,427,true],"1536x1536":["https:\/\/contextoanalisisperiodistico.com\/wp-content\/uploads\/2023\/10\/IMG-20231019-WA0158.jpg",1280,854,false],"2048x2048":["https:\/\/contextoanalisisperiodistico.com\/wp-content\/uploads\/2023\/10\/IMG-20231019-WA0158.jpg",1280,854,false],"covernews-slider-full":["https:\/\/contextoanalisisperiodistico.com\/wp-content\/uploads\/2023\/10\/IMG-20231019-WA0158-1115x715.jpg",1115,715,true],"covernews-slider-center":["https:\/\/contextoanalisisperiodistico.com\/wp-content\/uploads\/2023\/10\/IMG-20231019-WA0158-800x500.jpg",800,500,true],"covernews-featured":["https:\/\/contextoanalisisperiodistico.com\/wp-content\/uploads\/2023\/10\/IMG-20231019-WA0158-1024x683.jpg",1024,683,true],"covernews-medium":["https:\/\/contextoanalisisperiodistico.com\/wp-content\/uploads\/2023\/10\/IMG-20231019-WA0158-540x340.jpg",540,340,true],"covernews-medium-square":["https:\/\/contextoanalisisperiodistico.com\/wp-content\/uploads\/2023\/10\/IMG-20231019-WA0158-400x250.jpg",400,250,true]},"author_info":{"display_name":"Mario Gir\u00f3n","author_link":"https:\/\/contextoanalisisperiodistico.com\/index.php\/author\/director\/"},"category_info":"<a href=\"https:\/\/contextoanalisisperiodistico.com\/index.php\/category\/politica\/\" rel=\"category tag\">Pol\u00edtica<\/a>","tag_info":"Pol\u00edtica","comment_count":"0","jetpack_featured_media_url":"https:\/\/contextoanalisisperiodistico.com\/wp-content\/uploads\/2023\/10\/IMG-20231019-WA0158.jpg","_links":{"self":[{"href":"https:\/\/contextoanalisisperiodistico.com\/index.php\/wp-json\/wp\/v2\/posts\/20062"}],"collection":[{"href":"https:\/\/contextoanalisisperiodistico.com\/index.php\/wp-json\/wp\/v2\/posts"}],"about":[{"href":"https:\/\/contextoanalisisperiodistico.com\/index.php\/wp-json\/wp\/v2\/types\/post"}],"author":[{"embeddable":true,"href":"https:\/\/contextoanalisisperiodistico.com\/index.php\/wp-json\/wp\/v2\/users\/4"}],"replies":[{"embeddable":true,"href":"https:\/\/contextoanalisisperiodistico.com\/index.php\/wp-json\/wp\/v2\/comments?post=20062"}],"version-history":[{"count":0,"href":"https:\/\/contextoanalisisperiodistico.com\/index.php\/wp-json\/wp\/v2\/posts\/20062\/revisions"}],"wp:featuredmedia":[{"embeddable":true,"href":"https:\/\/contextoanalisisperiodistico.com\/index.php\/wp-json\/wp\/v2\/media\/20056"}],"wp:attachment":[{"href":"https:\/\/contextoanalisisperiodistico.com\/index.php\/wp-json\/wp\/v2\/media?parent=20062"}],"wp:term":[{"taxonomy":"category","embeddable":true,"href":"https:\/\/contextoanalisisperiodistico.com\/index.php\/wp-json\/wp\/v2\/categories?post=20062"},{"taxonomy":"post_tag","embeddable":true,"href":"https:\/\/contextoanalisisperiodistico.com\/index.php\/wp-json\/wp\/v2\/tags?post=20062"}],"curies":[{"name":"wp","href":"https:\/\/api.w.org\/{rel}","templated":true}]}}