{"id":20048,"date":"2023-10-19T18:50:42","date_gmt":"2023-10-20T00:50:42","guid":{"rendered":"https:\/\/contextoanalisisperiodistico.com\/index.php\/2023\/10\/19\/ayuntamiento-capitalino-reafirma-compromiso-en-la-busqueda-de-soluciones-adecuadas-y-justas\/"},"modified":"2023-10-19T18:50:42","modified_gmt":"2023-10-20T00:50:42","slug":"ayuntamiento-capitalino-reafirma-compromiso-en-la-busqueda-de-soluciones-adecuadas-y-justas","status":"publish","type":"post","link":"https:\/\/contextoanalisisperiodistico.com\/index.php\/2023\/10\/19\/ayuntamiento-capitalino-reafirma-compromiso-en-la-busqueda-de-soluciones-adecuadas-y-justas\/","title":{"rendered":"Ayuntamiento capitalino reafirma compromiso en la b\u00fasqueda de soluciones adecuadas y justas"},"content":{"rendered":"<div id=\"fb-root\"><\/div>\n\n<p>Comunicado.- Personal del municipio de Oaxaca de Ju\u00e1rez, en colaboraci\u00f3n con representantes del gobierno federal y estatal, iniciaron una mesa de di\u00e1logo con personas dedicadas a la prestaci\u00f3n de servicios de viaje.<\/p>\n\n\n\n<p>La administraci\u00f3n municipal, encabezada por el edil, Francisco Mart\u00ednez Neri, est\u00e1 abierta al di\u00e1logo y a la cooperaci\u00f3n, en coordinaci\u00f3n con representantes de la SCT y el gobierno estatal.<\/p>\n\n\n\n<p>Con estas acciones se reafirma el compromiso de trabajar en conjunto con todas las partes interesadas para buscar soluciones adecuadas y justas que beneficien a la comunidad de Oaxaca de Ju\u00e1rez y a los prestadores de servicios de viaje.<\/p>\n","protected":false},"excerpt":{"rendered":"<p>Comunicado.- Personal del municipio de Oaxaca de Ju\u00e1rez, en colaboraci\u00f3n con representantes del gobierno federal&#8230;<\/p>\n","protected":false},"author":4,"featured_media":20047,"comment_status":"","ping_status":"open","sticky":false,"template":"","format":"standard","meta":{"footnotes":""},"categories":[9],"tags":[],"jetpack_sharing_enabled":true,"featured_image_urls":{"full":["https:\/\/contextoanalisisperiodistico.com\/wp-content\/uploads\/2023\/10\/IMG-20231019-WA0134.jpg",1600,1200,false],"thumbnail":["https:\/\/contextoanalisisperiodistico.com\/wp-content\/uploads\/2023\/10\/IMG-20231019-WA0134-150x150.jpg",150,150,true],"medium":["https:\/\/contextoanalisisperiodistico.com\/wp-content\/uploads\/2023\/10\/IMG-20231019-WA0134-300x225.jpg",300,225,true],"medium_large":["https:\/\/contextoanalisisperiodistico.com\/wp-content\/uploads\/2023\/10\/IMG-20231019-WA0134-768x576.jpg",640,480,true],"large":["https:\/\/contextoanalisisperiodistico.com\/wp-content\/uploads\/2023\/10\/IMG-20231019-WA0134-1024x768.jpg",640,480,true],"1536x1536":["https:\/\/contextoanalisisperiodistico.com\/wp-content\/uploads\/2023\/10\/IMG-20231019-WA0134-1536x1152.jpg",1536,1152,true],"2048x2048":["https:\/\/contextoanalisisperiodistico.com\/wp-content\/uploads\/2023\/10\/IMG-20231019-WA0134.jpg",1600,1200,false],"covernews-slider-full":["https:\/\/contextoanalisisperiodistico.com\/wp-content\/uploads\/2023\/10\/IMG-20231019-WA0134-1115x715.jpg",1115,715,true],"covernews-slider-center":["https:\/\/contextoanalisisperiodistico.com\/wp-content\/uploads\/2023\/10\/IMG-20231019-WA0134-800x500.jpg",800,500,true],"covernews-featured":["https:\/\/contextoanalisisperiodistico.com\/wp-content\/uploads\/2023\/10\/IMG-20231019-WA0134-1024x768.jpg",1024,768,true],"covernews-medium":["https:\/\/contextoanalisisperiodistico.com\/wp-content\/uploads\/2023\/10\/IMG-20231019-WA0134-540x340.jpg",540,340,true],"covernews-medium-square":["https:\/\/contextoanalisisperiodistico.com\/wp-content\/uploads\/2023\/10\/IMG-20231019-WA0134-400x250.jpg",400,250,true]},"author_info":{"display_name":"Mario Gir\u00f3n","author_link":"https:\/\/contextoanalisisperiodistico.com\/index.php\/author\/director\/"},"category_info":"<a href=\"https:\/\/contextoanalisisperiodistico.com\/index.php\/category\/politica\/\" rel=\"category tag\">Pol\u00edtica<\/a>","tag_info":"Pol\u00edtica","comment_count":"0","jetpack_featured_media_url":"https:\/\/contextoanalisisperiodistico.com\/wp-content\/uploads\/2023\/10\/IMG-20231019-WA0134.jpg","_links":{"self":[{"href":"https:\/\/contextoanalisisperiodistico.com\/index.php\/wp-json\/wp\/v2\/posts\/20048"}],"collection":[{"href":"https:\/\/contextoanalisisperiodistico.com\/index.php\/wp-json\/wp\/v2\/posts"}],"about":[{"href":"https:\/\/contextoanalisisperiodistico.com\/index.php\/wp-json\/wp\/v2\/types\/post"}],"author":[{"embeddable":true,"href":"https:\/\/contextoanalisisperiodistico.com\/index.php\/wp-json\/wp\/v2\/users\/4"}],"replies":[{"embeddable":true,"href":"https:\/\/contextoanalisisperiodistico.com\/index.php\/wp-json\/wp\/v2\/comments?post=20048"}],"version-history":[{"count":0,"href":"https:\/\/contextoanalisisperiodistico.com\/index.php\/wp-json\/wp\/v2\/posts\/20048\/revisions"}],"wp:featuredmedia":[{"embeddable":true,"href":"https:\/\/contextoanalisisperiodistico.com\/index.php\/wp-json\/wp\/v2\/media\/20047"}],"wp:attachment":[{"href":"https:\/\/contextoanalisisperiodistico.com\/index.php\/wp-json\/wp\/v2\/media?parent=20048"}],"wp:term":[{"taxonomy":"category","embeddable":true,"href":"https:\/\/contextoanalisisperiodistico.com\/index.php\/wp-json\/wp\/v2\/categories?post=20048"},{"taxonomy":"post_tag","embeddable":true,"href":"https:\/\/contextoanalisisperiodistico.com\/index.php\/wp-json\/wp\/v2\/tags?post=20048"}],"curies":[{"name":"wp","href":"https:\/\/api.w.org\/{rel}","templated":true}]}}