{"id":20036,"date":"2023-10-19T13:05:27","date_gmt":"2023-10-19T19:05:27","guid":{"rendered":"https:\/\/contextoanalisisperiodistico.com\/index.php\/2023\/10\/19\/autopista-barranca-larga-ventanilla-sinonimo-de-desarrollo-economico-para-comunidades-oaxaquenas\/"},"modified":"2023-10-19T13:05:27","modified_gmt":"2023-10-19T19:05:27","slug":"autopista-barranca-larga-ventanilla-sinonimo-de-desarrollo-economico-para-comunidades-oaxaquenas","status":"publish","type":"post","link":"https:\/\/contextoanalisisperiodistico.com\/index.php\/2023\/10\/19\/autopista-barranca-larga-ventanilla-sinonimo-de-desarrollo-economico-para-comunidades-oaxaquenas\/","title":{"rendered":"Autopista Barranca Larga-Ventanilla, sin\u00f3nimo de desarrollo econ\u00f3mico para comunidades oaxaque\u00f1as"},"content":{"rendered":"<div id=\"fb-root\"><\/div>\n\n<p>\u2022 El secretario de Gobierno Jes\u00fas Romero destac\u00f3 los beneficios que obtendr\u00e1n las comunidades por las que pasa esta importante vialidad<\/p>\n\n\n\n<p>Oaxaca de Ju\u00e1rez, Oax. 19 de octubre de 2023.- Junto al Gobernador de Oaxaca Salom\u00f3n Jara Cruz, el secretario de Gobierno, Jes\u00fas Romero L\u00f3pez, visit\u00f3 el municipio de San Pablo Coatl\u00e1n, en la regi\u00f3n de la Sierra Sur.<\/p>\n\n\n\n<p>Como parte de la estrategia Trabajo que Transforma tu Municipio, el encargado de la pol\u00edtica interna estatal refrend\u00f3 el compromiso del Presidente Andr\u00e9s Manuel L\u00f3pez Obrador y del Mandatario estatal, quienes, dijo, tienen la firme convicci\u00f3n de que el pueblo es primero.<\/p>\n\n\n\n<p>Frente a las y los pobladores y el presidente municipal, Abraham L\u00f3pez Mart\u00ednez, el Secretario de Gobierno resalt\u00f3 los beneficios que sus comunidades obtendr\u00e1n con la construcci\u00f3n de la autopista Barranca Larga-Ventanilla, junto a un gobierno que est\u00e1 impulsando la Transformaci\u00f3n, \u00abun gobierno que camina de la mano del Presidente Andr\u00e9s Manuel L\u00f3pez Obrador y que tiene la convicci\u00f3n que primero los pobres, no como en el pasado, cuando este proyecto estuvo abandonado por 18 a\u00f1os\u00bb.<\/p>\n\n\n\n<p>Jes\u00fas Romero asegur\u00f3 que se est\u00e1 a unos d\u00edas de que se concrete este sue\u00f1o que ha tenido dificultades, pero que hoy despu\u00e9s de mucho tiempo se har\u00e1 realidad gracias al apoyo del Presidente y del Gobernador Salom\u00f3n Jara.<\/p>\n\n\n\n<p>En la gira de trabajo en la que acompa\u00f1\u00f3 al Gobernador, tambi\u00e9n acudieron al municipio de San Sebasti\u00e1n Coatl\u00e1n, donde agradeci\u00f3 el apoyo de las y los pobladores de esta comunidad para concretar la autopista hacia la costa oaxaque\u00f1a.<\/p>\n\n\n\n<p>\u00abHoy est\u00e1 presente nuestro Gobernador Salom\u00f3n Jara Cruz con una pol\u00edtica distinta a la que hac\u00edan los otros gobiernos, hoy la pol\u00edtica es de territorio y no de escritorio, hoy la pol\u00edtica es de contacto con el pueblo para resolver sus necesidades, es una pol\u00edtica cercana a la gente y al pueblo que beneficia a los m\u00e1s pobres, tal como lo ha dicho nuestro Presidente \u00ab.<\/p>\n\n\n\n<p>Frente a todas las y los asistentes, el secretario destac\u00f3 los compromisos que se han asumido por parte del Gobierno del Estado. Reconoci\u00f3 que fueron reuniones dif\u00edciles las que se llevaron a cabo con las autoridades de San Sebasti\u00e1n, ya que al pueblo lo hab\u00edan enga\u00f1ado muchas veces.<\/p>\n\n\n\n<p>\u00abDe aqu\u00ed fue donde dimos a conocer un fraude escandaloso, en donde el gobierno anterior dice que entreg\u00f3 22 millones de pesos a la autoridad municipal pasada para comprar cloro, por eso hemos pedido indagar si se entreg\u00f3 ese recurso millonario para sanear el agua, y muchas otras cosas en las que la molestia de la poblaci\u00f3n era genuina derivado de tantos enga\u00f1os\u00bb, asegur\u00f3.<\/p>\n\n\n\n<p>Manifest\u00f3 que ante esta postura se propuso una ruta distinta, con la presencia del Gobernador Salom\u00f3n Jara Cruz para avanzar en las necesidades de las agencias de San Sebasti\u00e1n Coatl\u00e1n.<\/p>\n\n\n\n<p>\u00abHoy esta confianza ha permitido que la obra de la autopista contin\u00fae, que no haya interrupciones, que los trabajos avancen y se pueda construir despu\u00e9s de muchos a\u00f1os\u00bb.<\/p>\n\n\n\n<p>Finalmente, Romero L\u00f3pez record\u00f3 que las y los pobladores de Cieneguilla tardaban en promedio de 6 a 8 horas para llegar a la ciudad de Oaxaca, hoy con la obra de la autopista tardan una hora y media o dos, m\u00e1ximo, en llegar a la capital oaxaque\u00f1a, detonando con ello el desarrollo econ\u00f3mico de la regi\u00f3n<br \/>-0-<\/p>\n\n\n\n<p><\/p>\n\n\n\n<figure class=\"wp-block-image size-large\"><img fetchpriority=\"high\" decoding=\"async\" width=\"1024\" height=\"682\" src=\"https:\/\/contextoanalisisperiodistico.com\/wp-content\/uploads\/2023\/10\/img-20231019-wa00922356757683714740097.jpg\" alt=\"\" class=\"wp-image-20033\" srcset=\"https:\/\/contextoanalisisperiodistico.com\/wp-content\/uploads\/2023\/10\/img-20231019-wa00922356757683714740097.jpg 1024w, https:\/\/contextoanalisisperiodistico.com\/wp-content\/uploads\/2023\/10\/img-20231019-wa00922356757683714740097-300x200.jpg 300w, https:\/\/contextoanalisisperiodistico.com\/wp-content\/uploads\/2023\/10\/img-20231019-wa00922356757683714740097-768x512.jpg 768w\" sizes=\"(max-width: 1024px) 100vw, 1024px\" \/><\/figure>\n\n\n\n<figure class=\"wp-block-image\"><img decoding=\"async\" width=\"1024\" height=\"771\" src=\"https:\/\/contextoanalisisperiodistico.com\/wp-content\/uploads\/2023\/10\/img-20231019-wa00935985372298123550771-1024x771.jpg\" alt=\"\" class=\"wp-image-20035\" srcset=\"https:\/\/contextoanalisisperiodistico.com\/wp-content\/uploads\/2023\/10\/img-20231019-wa00935985372298123550771-1024x771.jpg 1024w, https:\/\/contextoanalisisperiodistico.com\/wp-content\/uploads\/2023\/10\/img-20231019-wa00935985372298123550771-300x226.jpg 300w, https:\/\/contextoanalisisperiodistico.com\/wp-content\/uploads\/2023\/10\/img-20231019-wa00935985372298123550771-768x578.jpg 768w, https:\/\/contextoanalisisperiodistico.com\/wp-content\/uploads\/2023\/10\/img-20231019-wa00935985372298123550771-1536x1156.jpg 1536w, https:\/\/contextoanalisisperiodistico.com\/wp-content\/uploads\/2023\/10\/img-20231019-wa00935985372298123550771.jpg 1600w\" sizes=\"(max-width: 1024px) 100vw, 1024px\" \/><\/figure>\n\n\n\n<figure class=\"wp-block-image\"><img decoding=\"async\" width=\"300\" height=\"200\" src=\"https:\/\/contextoanalisisperiodistico.com\/wp-content\/uploads\/2023\/10\/img-20231019-wa00906422195237727184629-300x200.jpg\" alt=\"\" class=\"wp-image-20034\" srcset=\"https:\/\/contextoanalisisperiodistico.com\/wp-content\/uploads\/2023\/10\/img-20231019-wa00906422195237727184629-300x200.jpg 300w, https:\/\/contextoanalisisperiodistico.com\/wp-content\/uploads\/2023\/10\/img-20231019-wa00906422195237727184629-768x512.jpg 768w, https:\/\/contextoanalisisperiodistico.com\/wp-content\/uploads\/2023\/10\/img-20231019-wa00906422195237727184629.jpg 1024w\" sizes=\"(max-width: 300px) 100vw, 300px\" \/><\/figure>\n","protected":false},"excerpt":{"rendered":"<p>\u2022 El secretario de Gobierno Jes\u00fas Romero destac\u00f3 los beneficios que obtendr\u00e1n las comunidades por&#8230;<\/p>\n","protected":false},"author":4,"featured_media":20032,"comment_status":"","ping_status":"open","sticky":false,"template":"","format":"standard","meta":{"footnotes":""},"categories":[9],"tags":[],"jetpack_sharing_enabled":true,"featured_image_urls":{"full":["https:\/\/contextoanalisisperiodistico.com\/wp-content\/uploads\/2023\/10\/IMG-20231019-WA0091.jpg",1024,768,false],"thumbnail":["https:\/\/contextoanalisisperiodistico.com\/wp-content\/uploads\/2023\/10\/IMG-20231019-WA0091-150x150.jpg",150,150,true],"medium":["https:\/\/contextoanalisisperiodistico.com\/wp-content\/uploads\/2023\/10\/IMG-20231019-WA0091-300x225.jpg",300,225,true],"medium_large":["https:\/\/contextoanalisisperiodistico.com\/wp-content\/uploads\/2023\/10\/IMG-20231019-WA0091-768x576.jpg",640,480,true],"large":["https:\/\/contextoanalisisperiodistico.com\/wp-content\/uploads\/2023\/10\/IMG-20231019-WA0091.jpg",640,480,false],"1536x1536":["https:\/\/contextoanalisisperiodistico.com\/wp-content\/uploads\/2023\/10\/IMG-20231019-WA0091.jpg",1024,768,false],"2048x2048":["https:\/\/contextoanalisisperiodistico.com\/wp-content\/uploads\/2023\/10\/IMG-20231019-WA0091.jpg",1024,768,false],"covernews-slider-full":["https:\/\/contextoanalisisperiodistico.com\/wp-content\/uploads\/2023\/10\/IMG-20231019-WA0091-1024x715.jpg",1024,715,true],"covernews-slider-center":["https:\/\/contextoanalisisperiodistico.com\/wp-content\/uploads\/2023\/10\/IMG-20231019-WA0091-800x500.jpg",800,500,true],"covernews-featured":["https:\/\/contextoanalisisperiodistico.com\/wp-content\/uploads\/2023\/10\/IMG-20231019-WA0091.jpg",1024,768,false],"covernews-medium":["https:\/\/contextoanalisisperiodistico.com\/wp-content\/uploads\/2023\/10\/IMG-20231019-WA0091-540x340.jpg",540,340,true],"covernews-medium-square":["https:\/\/contextoanalisisperiodistico.com\/wp-content\/uploads\/2023\/10\/IMG-20231019-WA0091-400x250.jpg",400,250,true]},"author_info":{"display_name":"Mario Gir\u00f3n","author_link":"https:\/\/contextoanalisisperiodistico.com\/index.php\/author\/director\/"},"category_info":"<a href=\"https:\/\/contextoanalisisperiodistico.com\/index.php\/category\/politica\/\" rel=\"category tag\">Pol\u00edtica<\/a>","tag_info":"Pol\u00edtica","comment_count":"0","jetpack_featured_media_url":"https:\/\/contextoanalisisperiodistico.com\/wp-content\/uploads\/2023\/10\/IMG-20231019-WA0091.jpg","_links":{"self":[{"href":"https:\/\/contextoanalisisperiodistico.com\/index.php\/wp-json\/wp\/v2\/posts\/20036"}],"collection":[{"href":"https:\/\/contextoanalisisperiodistico.com\/index.php\/wp-json\/wp\/v2\/posts"}],"about":[{"href":"https:\/\/contextoanalisisperiodistico.com\/index.php\/wp-json\/wp\/v2\/types\/post"}],"author":[{"embeddable":true,"href":"https:\/\/contextoanalisisperiodistico.com\/index.php\/wp-json\/wp\/v2\/users\/4"}],"replies":[{"embeddable":true,"href":"https:\/\/contextoanalisisperiodistico.com\/index.php\/wp-json\/wp\/v2\/comments?post=20036"}],"version-history":[{"count":0,"href":"https:\/\/contextoanalisisperiodistico.com\/index.php\/wp-json\/wp\/v2\/posts\/20036\/revisions"}],"wp:featuredmedia":[{"embeddable":true,"href":"https:\/\/contextoanalisisperiodistico.com\/index.php\/wp-json\/wp\/v2\/media\/20032"}],"wp:attachment":[{"href":"https:\/\/contextoanalisisperiodistico.com\/index.php\/wp-json\/wp\/v2\/media?parent=20036"}],"wp:term":[{"taxonomy":"category","embeddable":true,"href":"https:\/\/contextoanalisisperiodistico.com\/index.php\/wp-json\/wp\/v2\/categories?post=20036"},{"taxonomy":"post_tag","embeddable":true,"href":"https:\/\/contextoanalisisperiodistico.com\/index.php\/wp-json\/wp\/v2\/tags?post=20036"}],"curies":[{"name":"wp","href":"https:\/\/api.w.org\/{rel}","templated":true}]}}