{"id":20031,"date":"2023-10-19T12:12:25","date_gmt":"2023-10-19T18:12:25","guid":{"rendered":"https:\/\/contextoanalisisperiodistico.com\/index.php\/2023\/10\/19\/parroquia-de-nuestra-senora-del-rosario-rinde-culto-al-senor-del-rayo\/"},"modified":"2023-10-19T12:12:25","modified_gmt":"2023-10-19T18:12:25","slug":"parroquia-de-nuestra-senora-del-rosario-rinde-culto-al-senor-del-rayo","status":"publish","type":"post","link":"https:\/\/contextoanalisisperiodistico.com\/index.php\/2023\/10\/19\/parroquia-de-nuestra-senora-del-rosario-rinde-culto-al-senor-del-rayo\/","title":{"rendered":"Parroquia de Nuestra Se\u00f1ora del Rosario rinde culto al Se\u00f1or del Rayo"},"content":{"rendered":"<div id=\"fb-root\"><\/div>\n\n<p>Catedral de Nuestra Se\u00f1ora de la Asunci\u00f3n, Oax., 18 de Octubre.- En continuidad con las actividades religiosas programadas por la Festividad Anual del Se\u00f1or del Rayo, celebradas en la Parroquia del Sagrario Metropolitano de esta Santa Iglesia de la Catedral de Oaxaca, correspondi\u00f3 a los cat\u00f3licos de la Bas\u00edlica de Nuestra Se\u00f1ora de la Soledad y Rector\u00eda de San Jos\u00e9 de Gracia as\u00ed como a las parroquias de Santa Elena de la Cruz Xoxocotl\u00e1n, San Mat\u00edas Jalatlaco, Nuestra Se\u00f1ora de La Merced, Nuestra Se\u00f1ora del Rosario y Mercado de La Merced rendir culto y participar en la Celebraci\u00f3n Eucar\u00edstica.<\/p>\n\n\n\n<figure class=\"wp-block-image size-large\"><img fetchpriority=\"high\" decoding=\"async\" width=\"1024\" height=\"683\" src=\"https:\/\/contextoanalisisperiodistico.com\/wp-content\/uploads\/2023\/10\/img-20231019-wa00192131872352046004096-1024x683.jpg\" alt=\"\" class=\"wp-image-20029\" srcset=\"https:\/\/contextoanalisisperiodistico.com\/wp-content\/uploads\/2023\/10\/img-20231019-wa00192131872352046004096-1024x683.jpg 1024w, https:\/\/contextoanalisisperiodistico.com\/wp-content\/uploads\/2023\/10\/img-20231019-wa00192131872352046004096-300x200.jpg 300w, https:\/\/contextoanalisisperiodistico.com\/wp-content\/uploads\/2023\/10\/img-20231019-wa00192131872352046004096-768x512.jpg 768w, https:\/\/contextoanalisisperiodistico.com\/wp-content\/uploads\/2023\/10\/img-20231019-wa00192131872352046004096-1536x1024.jpg 1536w, https:\/\/contextoanalisisperiodistico.com\/wp-content\/uploads\/2023\/10\/img-20231019-wa00192131872352046004096.jpg 1599w\" sizes=\"(max-width: 1024px) 100vw, 1024px\" \/><\/figure>\n\n\n\n<figure class=\"wp-block-image\"><img decoding=\"async\" width=\"1024\" height=\"683\" src=\"https:\/\/contextoanalisisperiodistico.com\/wp-content\/uploads\/2023\/10\/img-20231019-wa0018426227197051668922-1024x683.jpg\" alt=\"\" class=\"wp-image-20030\" srcset=\"https:\/\/contextoanalisisperiodistico.com\/wp-content\/uploads\/2023\/10\/img-20231019-wa0018426227197051668922-1024x683.jpg 1024w, https:\/\/contextoanalisisperiodistico.com\/wp-content\/uploads\/2023\/10\/img-20231019-wa0018426227197051668922-300x200.jpg 300w, https:\/\/contextoanalisisperiodistico.com\/wp-content\/uploads\/2023\/10\/img-20231019-wa0018426227197051668922-768x512.jpg 768w, https:\/\/contextoanalisisperiodistico.com\/wp-content\/uploads\/2023\/10\/img-20231019-wa0018426227197051668922-1536x1024.jpg 1536w, https:\/\/contextoanalisisperiodistico.com\/wp-content\/uploads\/2023\/10\/img-20231019-wa0018426227197051668922.jpg 1599w\" sizes=\"(max-width: 1024px) 100vw, 1024px\" \/><\/figure>\n\n\n\n<p>En esta santa sede de la Arquidi\u00f3cesis de Antequera, cuyos datos hist\u00f3ricos refieren que su construcci\u00f3n inici\u00f3 en el a\u00f1o 1535 y consagrado el templo el 12 de junio de 1733, en celebraci\u00f3n religiosa el presb\u00edtero Guadalupe Benjam\u00edn Garc\u00eda Garc\u00eda, quien presidi\u00f3 la Santa Misa, agradeci\u00f3 al Se\u00f1or por todo lo que hemos recibido en la vida.<\/p>\n\n\n\n<p>\u201cCon un coraz\u00f3n agradecido nos reunimos a los pies del Se\u00f1or del Rayo, para agradecerle todo lo que hemos recibido en la vida, de la casa, la familia, el trabajo y la escuela, ponemos nuestras necesidades e intenciones del mundo entero a su pies, para que nuestra vida, la vida del mundo se vaya realizando conforme a su voluntad y, de manera especial, poner a los pies del Se\u00f1or del Rayo, la paz del mundo, la paz de nuestras familias y la paz en nuestro coraz\u00f3n\u201d.<\/p>\n\n\n\n<p>En misa, concelebrada por el presb\u00edtero Ricardo V\u00e1squez Ojeda y en comuni\u00f3n con los presentes, se unieron a la acci\u00f3n de gracias de hermanos de fe que han dado cumplimiento en estas celebraciones. \u201cPedimos salud y protecci\u00f3n al Se\u00f1or del Rayo de salud, amparo y protecci\u00f3n de todas las familias y por el descanso eterno de todos los fieles difuntos; con \u00e9stas intenciones, participemos dignamente en nuestra Eucarist\u00eda, pidiendo perd\u00f3n\u201d.<\/p>\n\n\n\n<p>A su vez, el representante parroquial de Nuestra Se\u00f1ora del Rosario, Ricardo V\u00e1squez Ojeda, en reflexi\u00f3n al Santo Evangelio, seg\u00fan san Lucas (Lc10, 1-9), ante los feligreses se\u00f1alaba: \u201cVenimos con devoci\u00f3n y amor a rendir culto a esta imagen sagrada del Se\u00f1or del Rayo, ponemos en sus manos nuestra vida y compromiso de cristianos, nuestras ilusiones y todo lo que vamos viviendo y nuestros proyectos, pero ojal\u00e1 no solamente sean nuestras necesidades materiales, sino tambi\u00e9n, espirituales, pedirle que nos ayude a ser mejores cristianos, comprometidos y luz del mundo\u201d.<\/p>\n\n\n\n<p>En reflexi\u00f3n, agreg\u00f3 que hoy nuestra iglesia celebra a uno de los cuatro evangelistas. A San Lucas, quien fue un personaje hist\u00f3rico y escribi\u00f3 uno de los cuatro evangelios. Recordemos que hay un solo Evangelio pero hay cuatro versiones distintas la de Mateo, Marcos, Lucas y Juan, mismas que deber\u00edamos leer y estudiar para tener una visi\u00f3n completa del misterio de Cristo, de su misi\u00f3n y obra salvadora.<\/p>\n\n\n\n<p>\u201cAun cuando San Lucas, no conoci\u00f3 directamente a Jes\u00fas, Dios lo llam\u00f3 para ser ap\u00f3stol, y escribi\u00f3 el Evangelio. Escribi\u00f3 acontecimientos que se han cumplido. Dios cumpli\u00f3 su palabra y promesas, son hechos hist\u00f3ricos, por ello nuestra fe es hist\u00f3rica, no una leyenda o mito, por ello, los evangelios narran acontecimientos, es decir, Dios quien se manifiesta en la historia, sobre todo en el verbo, el Hijo, como dice el Evangelio de san Juan: El verbo se hizo carne y habit\u00f3 entre nosotros,<\/p>\n\n\n\n<p>Nuestra fe esta basado en el acontecimiento del Hijo de Dios desde el primer momento y esos testigos oculares lo fueron transmitiendo oralmente y por escrito, mediante los servidores de la palabra, los ap\u00f3stoles y catequistas, quienes tambi\u00e9n lo predicaron.<\/p>\n\n\n\n<p>Tenemos que recibir los evangelios con mucho amor y cari\u00f1o porque fue escrito para nosotros, para mostrarnos el misterio de Cristo y de nuestra salvaci\u00f3n. Profundicemos nuestra fe con solidez y ense\u00f1anza. La fe es una verdad que viene de Dios, por ello san Lucas la escribi\u00f3 para que tengamos certeza de lo que hemos recibido. Dios, le inspir\u00f3 as\u00ed como a algunos hombres para que lo escribieran, todo lo escrito en la Biblia es palabra de Dios.<\/p>\n\n\n\n<p>San Lucas, entre uno de los temas que toma con frecuencia es de la Virgen Mar\u00eda, \u00e9l se inform\u00f3 cuidadosamente, parece que le conoci\u00f3 y ella le platic\u00f3 de viva voz toda su fe, la experiencia que tuvo de Dios. Seguramente le cont\u00f3 much\u00edsimas cosas y lo redujo en \u00e9stas palabras tan bellas que dice la Virgen Mar\u00eda: \u201cY ella guardaba en su coraz\u00f3n, todas estas cosas, ella las guardaba en su coraz\u00f3n\u201d.<\/p>\n\n\n\n<p>As\u00ed, tenemos que ser los cristianos, todas las cosas de Dios guardar en el cofre de nuestro coraz\u00f3n, abr\u00e1monos a las cosas de Dios, guardemos su palabra, la gracia de sus sacramentos y los dones que Dios nos da.&nbsp; Acerqu\u00e9monos al Evangelio, retomemos la palabra de Dios, su predicaci\u00f3n&nbsp; y anuncio, amemos a Cristo, demos raz\u00f3n de nuestra fe como san Lucas.<\/p>\n\n\n\n<p>En presencia de los cat\u00f3licos y de su equipo de Pastoral de su Parroquia de Nuestra Se\u00f1ora del Rosario, congregada en torno a esta festividad patronal del Se\u00f1or del Rayo, V\u00e1squez Ojeda puntualizaba: Que el Se\u00f1or del Rayo nos ayude para crecer en nuestra fe, ser evangelizadores y transmitamos la palabra de Dios, pero para ello, primero tenemos que conocerla, vivirla, difundirla y defenderla\u201d. (Joel JAVIER)<\/p>\n","protected":false},"excerpt":{"rendered":"<p>Catedral de Nuestra Se\u00f1ora de la Asunci\u00f3n, Oax., 18 de Octubre.- En continuidad con las&#8230;<\/p>\n","protected":false},"author":4,"featured_media":20028,"comment_status":"","ping_status":"open","sticky":false,"template":"","format":"standard","meta":{"footnotes":""},"categories":[9],"tags":[],"jetpack_sharing_enabled":true,"featured_image_urls":{"full":["https:\/\/contextoanalisisperiodistico.com\/wp-content\/uploads\/2023\/10\/IMG-20231019-WA0020.jpg",1599,1066,false],"thumbnail":["https:\/\/contextoanalisisperiodistico.com\/wp-content\/uploads\/2023\/10\/IMG-20231019-WA0020-150x150.jpg",150,150,true],"medium":["https:\/\/contextoanalisisperiodistico.com\/wp-content\/uploads\/2023\/10\/IMG-20231019-WA0020-300x200.jpg",300,200,true],"medium_large":["https:\/\/contextoanalisisperiodistico.com\/wp-content\/uploads\/2023\/10\/IMG-20231019-WA0020-768x512.jpg",640,427,true],"large":["https:\/\/contextoanalisisperiodistico.com\/wp-content\/uploads\/2023\/10\/IMG-20231019-WA0020-1024x683.jpg",640,427,true],"1536x1536":["https:\/\/contextoanalisisperiodistico.com\/wp-content\/uploads\/2023\/10\/IMG-20231019-WA0020-1536x1024.jpg",1536,1024,true],"2048x2048":["https:\/\/contextoanalisisperiodistico.com\/wp-content\/uploads\/2023\/10\/IMG-20231019-WA0020.jpg",1599,1066,false],"covernews-slider-full":["https:\/\/contextoanalisisperiodistico.com\/wp-content\/uploads\/2023\/10\/IMG-20231019-WA0020-1115x715.jpg",1115,715,true],"covernews-slider-center":["https:\/\/contextoanalisisperiodistico.com\/wp-content\/uploads\/2023\/10\/IMG-20231019-WA0020-800x500.jpg",800,500,true],"covernews-featured":["https:\/\/contextoanalisisperiodistico.com\/wp-content\/uploads\/2023\/10\/IMG-20231019-WA0020-1024x683.jpg",1024,683,true],"covernews-medium":["https:\/\/contextoanalisisperiodistico.com\/wp-content\/uploads\/2023\/10\/IMG-20231019-WA0020-540x340.jpg",540,340,true],"covernews-medium-square":["https:\/\/contextoanalisisperiodistico.com\/wp-content\/uploads\/2023\/10\/IMG-20231019-WA0020-400x250.jpg",400,250,true]},"author_info":{"display_name":"Mario Gir\u00f3n","author_link":"https:\/\/contextoanalisisperiodistico.com\/index.php\/author\/director\/"},"category_info":"<a href=\"https:\/\/contextoanalisisperiodistico.com\/index.php\/category\/politica\/\" rel=\"category tag\">Pol\u00edtica<\/a>","tag_info":"Pol\u00edtica","comment_count":"0","jetpack_featured_media_url":"https:\/\/contextoanalisisperiodistico.com\/wp-content\/uploads\/2023\/10\/IMG-20231019-WA0020.jpg","_links":{"self":[{"href":"https:\/\/contextoanalisisperiodistico.com\/index.php\/wp-json\/wp\/v2\/posts\/20031"}],"collection":[{"href":"https:\/\/contextoanalisisperiodistico.com\/index.php\/wp-json\/wp\/v2\/posts"}],"about":[{"href":"https:\/\/contextoanalisisperiodistico.com\/index.php\/wp-json\/wp\/v2\/types\/post"}],"author":[{"embeddable":true,"href":"https:\/\/contextoanalisisperiodistico.com\/index.php\/wp-json\/wp\/v2\/users\/4"}],"replies":[{"embeddable":true,"href":"https:\/\/contextoanalisisperiodistico.com\/index.php\/wp-json\/wp\/v2\/comments?post=20031"}],"version-history":[{"count":0,"href":"https:\/\/contextoanalisisperiodistico.com\/index.php\/wp-json\/wp\/v2\/posts\/20031\/revisions"}],"wp:featuredmedia":[{"embeddable":true,"href":"https:\/\/contextoanalisisperiodistico.com\/index.php\/wp-json\/wp\/v2\/media\/20028"}],"wp:attachment":[{"href":"https:\/\/contextoanalisisperiodistico.com\/index.php\/wp-json\/wp\/v2\/media?parent=20031"}],"wp:term":[{"taxonomy":"category","embeddable":true,"href":"https:\/\/contextoanalisisperiodistico.com\/index.php\/wp-json\/wp\/v2\/categories?post=20031"},{"taxonomy":"post_tag","embeddable":true,"href":"https:\/\/contextoanalisisperiodistico.com\/index.php\/wp-json\/wp\/v2\/tags?post=20031"}],"curies":[{"name":"wp","href":"https:\/\/api.w.org\/{rel}","templated":true}]}}