{"id":19992,"date":"2023-10-18T18:46:53","date_gmt":"2023-10-19T00:46:53","guid":{"rendered":"https:\/\/contextoanalisisperiodistico.com\/index.php\/2023\/10\/18\/el-pan-en-oaxaca-urgio-modificar-paquete-presupuestal-2024\/"},"modified":"2023-10-18T18:46:53","modified_gmt":"2023-10-19T00:46:53","slug":"el-pan-en-oaxaca-urgio-modificar-paquete-presupuestal-2024","status":"publish","type":"post","link":"https:\/\/contextoanalisisperiodistico.com\/index.php\/2023\/10\/18\/el-pan-en-oaxaca-urgio-modificar-paquete-presupuestal-2024\/","title":{"rendered":"El PAN en Oaxaca urgi\u00f3 modificar paquete presupuestal 2024"},"content":{"rendered":"<div id=\"fb-root\"><\/div>\n\n<p>*As\u00ed evitar\u00eda al partido oficial siga robando a los mexicanos para hacer \u00abcochinitos\u00bb rumbo al proceso electoral del pr\u00f3ximo a\u00f1o, destac\u00f3 la lidereza, Perla Woolrich Fern\u00e1ndez <\/p>\n\n\n\n<p>\u00a0*Tambi\u00e9n, se pronunci\u00f3 por retomar a favor de M\u00e9xico las reasignaciones presentadas por la senadora X\u00f3chitl G\u00e1lvez en salud, educaci\u00f3n y programas sociales, adem\u00e1s de reducir el monto excesivo de endeudamiento<\/p>\n\n\n\n<p>&nbsp;<\/p>\n\n\n\n<p>Comunicado.- La presidenta del Partido Acci\u00f3n Nacional en Oaxaca, Perla Woolrich Fern\u00e1ndez expuso la urgente necesidad de modificar el paquete econ\u00f3mico 2024, a favor de las y los mexicanos en materia de salud, seguridad, en vez de destinarlo como quiere el partido oficialista, en hacer \u201cguardaditos\u201d o \u201ccochinitos\u201d para el pr\u00f3ximo proceso electoral a favor de la corcholata favorita.<\/p>\n\n\n\n<p>&nbsp;<\/p>\n\n\n\n<p>Expuso que por ello, la senadora X\u00f3chitl G\u00e1lvez present\u00f3 a nombre de las y los legisladores del Frente Amplio por M\u00e9xico una alternativa para reasignar recursos p\u00fablicos y evitar una cat\u00e1strofe tomando en cuenta que el gobierno y la bancada oficial pretenden endeudar al pa\u00eds con un monto de 1.9 billones de pesos; aumentar en 1000% el impuesto al ahorro, adem\u00e1s de no tener transparencia del destino de 15 mil millones de pesos de los fideicomisos del Poder Judicial de la Federaci\u00f3n que afectan directamente a las y los 55 mil trabajadores a nivel nacional.<\/p>\n\n\n\n<figure class=\"wp-block-image size-large\"><img fetchpriority=\"high\" decoding=\"async\" width=\"1024\" height=\"735\" src=\"https:\/\/contextoanalisisperiodistico.com\/wp-content\/uploads\/2023\/10\/img-20231018-wa00896873494903303004130.jpg\" alt=\"\" class=\"wp-image-19991\" srcset=\"https:\/\/contextoanalisisperiodistico.com\/wp-content\/uploads\/2023\/10\/img-20231018-wa00896873494903303004130.jpg 1024w, https:\/\/contextoanalisisperiodistico.com\/wp-content\/uploads\/2023\/10\/img-20231018-wa00896873494903303004130-300x215.jpg 300w, https:\/\/contextoanalisisperiodistico.com\/wp-content\/uploads\/2023\/10\/img-20231018-wa00896873494903303004130-768x551.jpg 768w\" sizes=\"(max-width: 1024px) 100vw, 1024px\" \/><\/figure>\n\n\n\n<p>&nbsp;<\/p>\n\n\n\n<p>Entre los puntos m\u00e1s importantes para modificar el presupuesto 2024, se encuentra el de reducir el alto costo de la deuda, reducir los montos de obras que no han dado resultados como la Refiner\u00eda de Dos Bocas que no ha generado un solo litro de gasolina y destinar mas recursos a la salud, y para que se ampl\u00ede el programa de apoyos a los adultos en plenitud a partir de los 60 a\u00f1os en todo el pa\u00eds.<\/p>\n\n\n\n<p>&nbsp;<\/p>\n\n\n\n<p>Agreg\u00f3 que adicionalmente se buscar\u00e1 que en el \u201cpresupuesto para todos\u201d se incluyan recursos para mejorar la calidad de vida de las y los mexicanos y ser responsable con las finanzas p\u00fablicas.<\/p>\n\n\n\n<p>&nbsp;<\/p>\n\n\n\n<p>\u201cSe busca que e reasignen 133 mil 774 millones de pesos para estados y municipios; se reasignar\u00edan 14 mil mdp para recuperar las estancias infantiles; mil 500 mdp para reducir la mortalidad materna; 200 mdp para las madres buscadoras; as\u00ed como 20 mil mdp para el fortalecimiento de las polic\u00edas federales y estatales, entre otros rubros\u201d.<\/p>\n\n\n\n<p>&nbsp;<\/p>\n\n\n\n<p>&nbsp;Dijo que si de verdad quieren al pueblo, las y los legisladores del partido oficial deben dejarse de ocurrencias, deben eliminar los excesivos gastos de promoci\u00f3n y propaganda de la candidata Sheinbaum y en la entidad los que est\u00e1n destinando las y los legisladores que ya empezaron a hacer campa\u00f1as de forma anticipada y con toda ilegalidad.<\/p>\n\n\n\n<p>&nbsp;<\/p>\n\n\n\n<p>&nbsp;<\/p>\n\n\n\n<p>&nbsp;<\/p>\n","protected":false},"excerpt":{"rendered":"<p>*As\u00ed evitar\u00eda al partido oficial siga robando a los mexicanos para hacer \u00abcochinitos\u00bb rumbo al&#8230;<\/p>\n","protected":false},"author":4,"featured_media":19990,"comment_status":"","ping_status":"open","sticky":false,"template":"","format":"standard","meta":{"footnotes":""},"categories":[9],"tags":[],"jetpack_sharing_enabled":true,"featured_image_urls":{"full":["https:\/\/contextoanalisisperiodistico.com\/wp-content\/uploads\/2023\/10\/IMG-20231018-WA0090.jpg",1024,768,false],"thumbnail":["https:\/\/contextoanalisisperiodistico.com\/wp-content\/uploads\/2023\/10\/IMG-20231018-WA0090-150x150.jpg",150,150,true],"medium":["https:\/\/contextoanalisisperiodistico.com\/wp-content\/uploads\/2023\/10\/IMG-20231018-WA0090-300x225.jpg",300,225,true],"medium_large":["https:\/\/contextoanalisisperiodistico.com\/wp-content\/uploads\/2023\/10\/IMG-20231018-WA0090-768x576.jpg",640,480,true],"large":["https:\/\/contextoanalisisperiodistico.com\/wp-content\/uploads\/2023\/10\/IMG-20231018-WA0090.jpg",640,480,false],"1536x1536":["https:\/\/contextoanalisisperiodistico.com\/wp-content\/uploads\/2023\/10\/IMG-20231018-WA0090.jpg",1024,768,false],"2048x2048":["https:\/\/contextoanalisisperiodistico.com\/wp-content\/uploads\/2023\/10\/IMG-20231018-WA0090.jpg",1024,768,false],"covernews-slider-full":["https:\/\/contextoanalisisperiodistico.com\/wp-content\/uploads\/2023\/10\/IMG-20231018-WA0090-1024x715.jpg",1024,715,true],"covernews-slider-center":["https:\/\/contextoanalisisperiodistico.com\/wp-content\/uploads\/2023\/10\/IMG-20231018-WA0090-800x500.jpg",800,500,true],"covernews-featured":["https:\/\/contextoanalisisperiodistico.com\/wp-content\/uploads\/2023\/10\/IMG-20231018-WA0090.jpg",1024,768,false],"covernews-medium":["https:\/\/contextoanalisisperiodistico.com\/wp-content\/uploads\/2023\/10\/IMG-20231018-WA0090-540x340.jpg",540,340,true],"covernews-medium-square":["https:\/\/contextoanalisisperiodistico.com\/wp-content\/uploads\/2023\/10\/IMG-20231018-WA0090-400x250.jpg",400,250,true]},"author_info":{"display_name":"Mario Gir\u00f3n","author_link":"https:\/\/contextoanalisisperiodistico.com\/index.php\/author\/director\/"},"category_info":"<a href=\"https:\/\/contextoanalisisperiodistico.com\/index.php\/category\/politica\/\" rel=\"category tag\">Pol\u00edtica<\/a>","tag_info":"Pol\u00edtica","comment_count":"0","jetpack_featured_media_url":"https:\/\/contextoanalisisperiodistico.com\/wp-content\/uploads\/2023\/10\/IMG-20231018-WA0090.jpg","_links":{"self":[{"href":"https:\/\/contextoanalisisperiodistico.com\/index.php\/wp-json\/wp\/v2\/posts\/19992"}],"collection":[{"href":"https:\/\/contextoanalisisperiodistico.com\/index.php\/wp-json\/wp\/v2\/posts"}],"about":[{"href":"https:\/\/contextoanalisisperiodistico.com\/index.php\/wp-json\/wp\/v2\/types\/post"}],"author":[{"embeddable":true,"href":"https:\/\/contextoanalisisperiodistico.com\/index.php\/wp-json\/wp\/v2\/users\/4"}],"replies":[{"embeddable":true,"href":"https:\/\/contextoanalisisperiodistico.com\/index.php\/wp-json\/wp\/v2\/comments?post=19992"}],"version-history":[{"count":0,"href":"https:\/\/contextoanalisisperiodistico.com\/index.php\/wp-json\/wp\/v2\/posts\/19992\/revisions"}],"wp:featuredmedia":[{"embeddable":true,"href":"https:\/\/contextoanalisisperiodistico.com\/index.php\/wp-json\/wp\/v2\/media\/19990"}],"wp:attachment":[{"href":"https:\/\/contextoanalisisperiodistico.com\/index.php\/wp-json\/wp\/v2\/media?parent=19992"}],"wp:term":[{"taxonomy":"category","embeddable":true,"href":"https:\/\/contextoanalisisperiodistico.com\/index.php\/wp-json\/wp\/v2\/categories?post=19992"},{"taxonomy":"post_tag","embeddable":true,"href":"https:\/\/contextoanalisisperiodistico.com\/index.php\/wp-json\/wp\/v2\/tags?post=19992"}],"curies":[{"name":"wp","href":"https:\/\/api.w.org\/{rel}","templated":true}]}}