{"id":19980,"date":"2023-10-18T16:12:13","date_gmt":"2023-10-18T22:12:13","guid":{"rendered":"https:\/\/contextoanalisisperiodistico.com\/index.php\/2023\/10\/18\/la-orquesta-sinfonica-que-para-bien-cambio-vidas-en-central-de-abasto\/"},"modified":"2023-10-18T16:12:13","modified_gmt":"2023-10-18T22:12:13","slug":"la-orquesta-sinfonica-que-para-bien-cambio-vidas-en-central-de-abasto","status":"publish","type":"post","link":"https:\/\/contextoanalisisperiodistico.com\/index.php\/2023\/10\/18\/la-orquesta-sinfonica-que-para-bien-cambio-vidas-en-central-de-abasto\/","title":{"rendered":"La Orquesta Sinf\u00f3nica que, para bien, cambi\u00f3 vidas en Central de Abasto"},"content":{"rendered":"<div id=\"fb-root\"><\/div>\n\n<p>18 de octubre, concierto de la Orquesta Sinf\u00f3nica y Coro de la Central de Abasto con Esperanza Azteca, 19 horas, en el Foro 2 y 3, del Centro Cultural y de Convenciones de Oaxaca. <\/p>\n\n\n\n<p>De importancia capital, recalcar que se trata de un proyecto art\u00edstico convertido en realidad y salvador de muchas existencias.<\/p>\n\n\n\n<p>Por ejemplo, este tenor musical cambi\u00f3 para bien la vida de ni\u00f1os, adolescentes e hijos de comerciantes de la Central de Abasto. <\/p>\n\n\n\n<p>No solamente aprendieron a ejecutar un instrumento musical. La evoluci\u00f3n art\u00edstica los llev\u00f3 lejos, hasta alcanzar el bien.<\/p>\n\n\n\n<p>Los protagonistas de la Sinf\u00f3nica obtuvieron la meta: alejarse de la posibilidad de caer en alg\u00fan vicio, no solamente m\u00fasicos, tambi\u00e9n inspiraron a familiares vivir lejos de toda posibilidad de da\u00f1o irreversibles. <\/p>\n","protected":false},"excerpt":{"rendered":"<p>18 de octubre, concierto de la Orquesta Sinf\u00f3nica y Coro de la Central de Abasto&#8230;<\/p>\n","protected":false},"author":4,"featured_media":19979,"comment_status":"","ping_status":"open","sticky":false,"template":"","format":"standard","meta":{"footnotes":""},"categories":[9],"tags":[],"jetpack_sharing_enabled":true,"featured_image_urls":{"full":["https:\/\/contextoanalisisperiodistico.com\/wp-content\/uploads\/2023\/10\/IMG-20231018-WA0039.jpg",1200,1200,false],"thumbnail":["https:\/\/contextoanalisisperiodistico.com\/wp-content\/uploads\/2023\/10\/IMG-20231018-WA0039-150x150.jpg",150,150,true],"medium":["https:\/\/contextoanalisisperiodistico.com\/wp-content\/uploads\/2023\/10\/IMG-20231018-WA0039-300x300.jpg",300,300,true],"medium_large":["https:\/\/contextoanalisisperiodistico.com\/wp-content\/uploads\/2023\/10\/IMG-20231018-WA0039-768x768.jpg",640,640,true],"large":["https:\/\/contextoanalisisperiodistico.com\/wp-content\/uploads\/2023\/10\/IMG-20231018-WA0039-1024x1024.jpg",640,640,true],"1536x1536":["https:\/\/contextoanalisisperiodistico.com\/wp-content\/uploads\/2023\/10\/IMG-20231018-WA0039.jpg",1200,1200,false],"2048x2048":["https:\/\/contextoanalisisperiodistico.com\/wp-content\/uploads\/2023\/10\/IMG-20231018-WA0039.jpg",1200,1200,false],"covernews-slider-full":["https:\/\/contextoanalisisperiodistico.com\/wp-content\/uploads\/2023\/10\/IMG-20231018-WA0039-1115x715.jpg",1115,715,true],"covernews-slider-center":["https:\/\/contextoanalisisperiodistico.com\/wp-content\/uploads\/2023\/10\/IMG-20231018-WA0039-800x500.jpg",800,500,true],"covernews-featured":["https:\/\/contextoanalisisperiodistico.com\/wp-content\/uploads\/2023\/10\/IMG-20231018-WA0039-1024x1024.jpg",1024,1024,true],"covernews-medium":["https:\/\/contextoanalisisperiodistico.com\/wp-content\/uploads\/2023\/10\/IMG-20231018-WA0039-540x340.jpg",540,340,true],"covernews-medium-square":["https:\/\/contextoanalisisperiodistico.com\/wp-content\/uploads\/2023\/10\/IMG-20231018-WA0039-400x250.jpg",400,250,true]},"author_info":{"display_name":"Mario Gir\u00f3n","author_link":"https:\/\/contextoanalisisperiodistico.com\/index.php\/author\/director\/"},"category_info":"<a href=\"https:\/\/contextoanalisisperiodistico.com\/index.php\/category\/politica\/\" rel=\"category tag\">Pol\u00edtica<\/a>","tag_info":"Pol\u00edtica","comment_count":"0","jetpack_featured_media_url":"https:\/\/contextoanalisisperiodistico.com\/wp-content\/uploads\/2023\/10\/IMG-20231018-WA0039.jpg","_links":{"self":[{"href":"https:\/\/contextoanalisisperiodistico.com\/index.php\/wp-json\/wp\/v2\/posts\/19980"}],"collection":[{"href":"https:\/\/contextoanalisisperiodistico.com\/index.php\/wp-json\/wp\/v2\/posts"}],"about":[{"href":"https:\/\/contextoanalisisperiodistico.com\/index.php\/wp-json\/wp\/v2\/types\/post"}],"author":[{"embeddable":true,"href":"https:\/\/contextoanalisisperiodistico.com\/index.php\/wp-json\/wp\/v2\/users\/4"}],"replies":[{"embeddable":true,"href":"https:\/\/contextoanalisisperiodistico.com\/index.php\/wp-json\/wp\/v2\/comments?post=19980"}],"version-history":[{"count":0,"href":"https:\/\/contextoanalisisperiodistico.com\/index.php\/wp-json\/wp\/v2\/posts\/19980\/revisions"}],"wp:featuredmedia":[{"embeddable":true,"href":"https:\/\/contextoanalisisperiodistico.com\/index.php\/wp-json\/wp\/v2\/media\/19979"}],"wp:attachment":[{"href":"https:\/\/contextoanalisisperiodistico.com\/index.php\/wp-json\/wp\/v2\/media?parent=19980"}],"wp:term":[{"taxonomy":"category","embeddable":true,"href":"https:\/\/contextoanalisisperiodistico.com\/index.php\/wp-json\/wp\/v2\/categories?post=19980"},{"taxonomy":"post_tag","embeddable":true,"href":"https:\/\/contextoanalisisperiodistico.com\/index.php\/wp-json\/wp\/v2\/tags?post=19980"}],"curies":[{"name":"wp","href":"https:\/\/api.w.org\/{rel}","templated":true}]}}