{"id":19951,"date":"2023-10-17T19:17:30","date_gmt":"2023-10-18T01:17:30","guid":{"rendered":"https:\/\/contextoanalisisperiodistico.com\/index.php\/2023\/10\/17\/gracias-cumplimos-y-trajimos-alegria-a-ninos-jovenes-y-sus-padres-dona-hortencia-garcia\/"},"modified":"2023-10-17T19:17:30","modified_gmt":"2023-10-18T01:17:30","slug":"gracias-cumplimos-y-trajimos-alegria-a-ninos-jovenes-y-sus-padres-dona-hortencia-garcia","status":"publish","type":"post","link":"https:\/\/contextoanalisisperiodistico.com\/index.php\/2023\/10\/17\/gracias-cumplimos-y-trajimos-alegria-a-ninos-jovenes-y-sus-padres-dona-hortencia-garcia\/","title":{"rendered":"Gracias, cumplimos y trajimos alegr\u00eda a ni\u00f1os, j\u00f3venes y sus padres: Do\u00f1a Hortencia Garc\u00eda"},"content":{"rendered":"<div id=\"fb-root\"><\/div>\n\n<p>Fraccionamiento El Rosario, 17 de Octubre.- Y s\u00ed, as\u00ed como llegaron los propietarios de diversos juegos mec\u00e1nicos \u201cLos jueguitos\u201d, y de m\u00faltiples atracciones para alegrar y convivir con los habitantes de este importante sector poblacional y de otros m\u00e1s ex profeso invitados de otras localidades, as\u00ed tambi\u00e9n, ellos con sus emprendimientos cumplieron con un ciclo en esta hermosa festividad parroquial en honor a la Virgen del Rosario.<\/p>\n\n\n\n<figure class=\"wp-block-image size-large\"><img fetchpriority=\"high\" decoding=\"async\" width=\"1024\" height=\"683\" src=\"https:\/\/contextoanalisisperiodistico.com\/wp-content\/uploads\/2023\/10\/img-20231017-wa00881535590134898361534-1024x683.jpg\" alt=\"\" class=\"wp-image-19950\" srcset=\"https:\/\/contextoanalisisperiodistico.com\/wp-content\/uploads\/2023\/10\/img-20231017-wa00881535590134898361534-1024x683.jpg 1024w, https:\/\/contextoanalisisperiodistico.com\/wp-content\/uploads\/2023\/10\/img-20231017-wa00881535590134898361534-300x200.jpg 300w, https:\/\/contextoanalisisperiodistico.com\/wp-content\/uploads\/2023\/10\/img-20231017-wa00881535590134898361534-768x512.jpg 768w, https:\/\/contextoanalisisperiodistico.com\/wp-content\/uploads\/2023\/10\/img-20231017-wa00881535590134898361534-1536x1024.jpg 1536w, https:\/\/contextoanalisisperiodistico.com\/wp-content\/uploads\/2023\/10\/img-20231017-wa00881535590134898361534.jpg 1599w\" sizes=\"(max-width: 1024px) 100vw, 1024px\" \/><\/figure>\n\n\n\n<p>Con el sigilo de la noche e incluso en horas de la madrugada, trabajando apresuradamente para instalar y con todos los protocolos de seguridad, cuidando cada uno de los detalles para garantizar su funcionamiento, de la misma manera lo hicieron al retirarse, despu\u00e9s de casi una semana, al desinstalar todos sus equipos y dejar limpia lo que fue su zona de trabajo.<\/p>\n\n\n\n<p>Los emprendedores oaxaque\u00f1os compartieron el producto de su tiempo, trabajo e inversi\u00f3n dando m\u00faltiples muestras de su generosidad, amabilidad, educaci\u00f3n y sobre todo fe, al apoyar en esta celebraci\u00f3n con sus equipos mec\u00e1nicos que se sumaron a la algarab\u00eda de esta festividad patronal de distintas maneras.<\/p>\n\n\n\n<p>\u201c!Bienvenidos\u201d, fueron algunas de las palabras que recibieron de algunas voces, de padres que ayer fueron ni\u00f1os y que saben lo que significa para las nuevas generaciones el ver un atractivo de festividad como son los tradicionales \u201cCaballitos\u201d, \u201cCarritos\u201d y sin duda los \u201cCarritos Chocones\u201d, \u201cLas Motos\u201d, \u201cLa Oruga\u201d, \u201cLa Media Rueda\u201d, \u201cLos Tranpolines\u201d, \u201cLos Globos\u201d, \u201cEl T\u00e1gata\u201d, \u201cEl Remolino\u201d, \u201cLa T\u00f3mbola\u201d, \u201cEl Aro de vuelta entera\u201d, \u201cLas Tazas\u201d, \u201cLas Canicas\u201d, entre otros.<\/p>\n\n\n\n<p>Sin duda, fueron voces que les reconocen su dedicaci\u00f3n y compromiso por llevar la alegr\u00eda en las diversas festividades y, sobre todo, por valorar el esfuerzo que cotidianamente hacen en cada localidad en d\u00f3nde se presentan sea por festividad religiosa, social o de cualquier otra \u00edndole.<\/p>\n\n\n\n<p>A ellos, se acercaron personas quienes les reconocen su compromiso y esfuerzo cotidiano, sobre todo, por valorar a quienes durante m\u00e1s de dos a\u00f1os, derivado de la Pandemia del Covid-19, como muchas personas m\u00e1s, tuvieron que paralizar sus actividades en detrimento de su econom\u00eda y, consecuentemente sus familias.<\/p>\n\n\n\n<p>Gracias a Do\u00f1a Hortencia Garc\u00eda Mart\u00ednez, representante de Atracciones Mora-Garc\u00eda as\u00ed como a sus invitados a esta festividad patronal de Nuestra Se\u00f1ora del Rosario en su XVII Aniversario en esta localidad del Fraccionamiento \u201cEl Rosario\u201d.<\/p>\n\n\n\n<p>Gracias tambi\u00e9n a las ni\u00f1as, ni\u00f1os, j\u00f3venes, a todas las familias y personas que colaboraron en estas actividades religiosas como lo fueron y son El Convite, Los rezos del Santo Rosario, Rendidas de&nbsp; Culto, La Calenda, Las Ma\u00f1anitas, la Kermes y las diversas celebraciones eucar\u00edsticas a nuestra Se\u00f1ora del Rosario, presididas por el presb\u00edtero Ricardo V\u00e1squez Ojeda y a su equipo de pastoral, as\u00ed como de todos aquellos que participaron y se sumaron a las actividades sociales,<\/p>\n\n\n\n<p>\u201cA todas, a todos Gracias, que el Se\u00f1or les retribuya en la medida de sus actos por su apoyo en esta magna celebraci\u00f3n religiosa y social puntualizaba do\u00f1a Hortencia Garc\u00eda Mart\u00ednez, cumplimos con traer alegr\u00eda y nuestra gratitud por el recibimiento de personas que comparten alegr\u00eda y fe. Fue y ser\u00e1 siempre una dicha muy grande llevar alegr\u00eda a familias y particularmente a los ni\u00f1os la cual se hizo extensiva a j\u00f3venes y a los padres de los ni\u00f1os\u201d. Conclu\u00eda. (Joel JAVIER)<\/p>\n","protected":false},"excerpt":{"rendered":"<p>Fraccionamiento El Rosario, 17 de Octubre.- Y s\u00ed, as\u00ed como llegaron los propietarios de diversos&#8230;<\/p>\n","protected":false},"author":4,"featured_media":19949,"comment_status":"","ping_status":"open","sticky":false,"template":"","format":"standard","meta":{"footnotes":""},"categories":[7],"tags":[],"jetpack_sharing_enabled":true,"featured_image_urls":{"full":["https:\/\/contextoanalisisperiodistico.com\/wp-content\/uploads\/2023\/10\/IMG-20231017-WA0090.jpg",1599,1066,false],"thumbnail":["https:\/\/contextoanalisisperiodistico.com\/wp-content\/uploads\/2023\/10\/IMG-20231017-WA0090-150x150.jpg",150,150,true],"medium":["https:\/\/contextoanalisisperiodistico.com\/wp-content\/uploads\/2023\/10\/IMG-20231017-WA0090-300x200.jpg",300,200,true],"medium_large":["https:\/\/contextoanalisisperiodistico.com\/wp-content\/uploads\/2023\/10\/IMG-20231017-WA0090-768x512.jpg",640,427,true],"large":["https:\/\/contextoanalisisperiodistico.com\/wp-content\/uploads\/2023\/10\/IMG-20231017-WA0090-1024x683.jpg",640,427,true],"1536x1536":["https:\/\/contextoanalisisperiodistico.com\/wp-content\/uploads\/2023\/10\/IMG-20231017-WA0090-1536x1024.jpg",1536,1024,true],"2048x2048":["https:\/\/contextoanalisisperiodistico.com\/wp-content\/uploads\/2023\/10\/IMG-20231017-WA0090.jpg",1599,1066,false],"covernews-slider-full":["https:\/\/contextoanalisisperiodistico.com\/wp-content\/uploads\/2023\/10\/IMG-20231017-WA0090-1115x715.jpg",1115,715,true],"covernews-slider-center":["https:\/\/contextoanalisisperiodistico.com\/wp-content\/uploads\/2023\/10\/IMG-20231017-WA0090-800x500.jpg",800,500,true],"covernews-featured":["https:\/\/contextoanalisisperiodistico.com\/wp-content\/uploads\/2023\/10\/IMG-20231017-WA0090-1024x683.jpg",1024,683,true],"covernews-medium":["https:\/\/contextoanalisisperiodistico.com\/wp-content\/uploads\/2023\/10\/IMG-20231017-WA0090-540x340.jpg",540,340,true],"covernews-medium-square":["https:\/\/contextoanalisisperiodistico.com\/wp-content\/uploads\/2023\/10\/IMG-20231017-WA0090-400x250.jpg",400,250,true]},"author_info":{"display_name":"Mario Gir\u00f3n","author_link":"https:\/\/contextoanalisisperiodistico.com\/index.php\/author\/director\/"},"category_info":"<a href=\"https:\/\/contextoanalisisperiodistico.com\/index.php\/category\/municipios\/\" rel=\"category tag\">Municipios<\/a>","tag_info":"Municipios","comment_count":"0","jetpack_featured_media_url":"https:\/\/contextoanalisisperiodistico.com\/wp-content\/uploads\/2023\/10\/IMG-20231017-WA0090.jpg","_links":{"self":[{"href":"https:\/\/contextoanalisisperiodistico.com\/index.php\/wp-json\/wp\/v2\/posts\/19951"}],"collection":[{"href":"https:\/\/contextoanalisisperiodistico.com\/index.php\/wp-json\/wp\/v2\/posts"}],"about":[{"href":"https:\/\/contextoanalisisperiodistico.com\/index.php\/wp-json\/wp\/v2\/types\/post"}],"author":[{"embeddable":true,"href":"https:\/\/contextoanalisisperiodistico.com\/index.php\/wp-json\/wp\/v2\/users\/4"}],"replies":[{"embeddable":true,"href":"https:\/\/contextoanalisisperiodistico.com\/index.php\/wp-json\/wp\/v2\/comments?post=19951"}],"version-history":[{"count":0,"href":"https:\/\/contextoanalisisperiodistico.com\/index.php\/wp-json\/wp\/v2\/posts\/19951\/revisions"}],"wp:featuredmedia":[{"embeddable":true,"href":"https:\/\/contextoanalisisperiodistico.com\/index.php\/wp-json\/wp\/v2\/media\/19949"}],"wp:attachment":[{"href":"https:\/\/contextoanalisisperiodistico.com\/index.php\/wp-json\/wp\/v2\/media?parent=19951"}],"wp:term":[{"taxonomy":"category","embeddable":true,"href":"https:\/\/contextoanalisisperiodistico.com\/index.php\/wp-json\/wp\/v2\/categories?post=19951"},{"taxonomy":"post_tag","embeddable":true,"href":"https:\/\/contextoanalisisperiodistico.com\/index.php\/wp-json\/wp\/v2\/tags?post=19951"}],"curies":[{"name":"wp","href":"https:\/\/api.w.org\/{rel}","templated":true}]}}