{"id":19944,"date":"2023-10-17T18:48:02","date_gmt":"2023-10-18T00:48:02","guid":{"rendered":"https:\/\/contextoanalisisperiodistico.com\/index.php\/2023\/10\/17\/celebra-seculta-dia-de-muertos-con-actividades-culturales-en-la-fiesta-mas-viva-de-todos\/"},"modified":"2023-10-17T18:48:02","modified_gmt":"2023-10-18T00:48:02","slug":"celebra-seculta-dia-de-muertos-con-actividades-culturales-en-la-fiesta-mas-viva-de-todos","status":"publish","type":"post","link":"https:\/\/contextoanalisisperiodistico.com\/index.php\/2023\/10\/17\/celebra-seculta-dia-de-muertos-con-actividades-culturales-en-la-fiesta-mas-viva-de-todos\/","title":{"rendered":"Celebra Seculta D\u00eda de Muertos con actividades culturales en la fiesta m\u00e1s viva de todos"},"content":{"rendered":"<div id=\"fb-root\"><\/div>\n\n<p>\u2022 Exposici\u00f3n de altares, desfiles, narradores y cuentacuentos, conciertos de m\u00fasica sacra y obras de teatro forman parte de las 20 actividades que se realizar\u00e1n en el Z\u00f3calo de la Ciudad de Oaxaca<\/p>\n\n\n\n<p>Oaxaca de Ju\u00e1rez, Oax. 17 de octubre de 2023.- La Secretar\u00eda de las Culturas y Artes ofrecer\u00e1 20 actividades en el Festival del D\u00eda de Muertos. La fiesta m\u00e1s viva de todos que se realizar\u00e1 del 27 de octubre al 2 de noviembre en la Ciudad de Oaxaca para el disfrute de la ciudadan\u00eda y visitantes.<\/p>\n\n\n\n<p>El secretario V\u00edctor Cata inform\u00f3 que se montar\u00e1n exposiciones de altares monumentales, desfiles de estatuas vivientes, narradores y cuentacuentos, conciertos de m\u00fasica sacra y obras de teatro, todo en el z\u00f3calo de la Ciudad de Oaxaca.<\/p>\n\n\n\n<p>Detall\u00f3 que desde el 27 de octubre se iniciar\u00e1 el montaje de la exposici\u00f3n de altares monumentales y de pan de muerto de las 16 culturas ind\u00edgenas y el pueblo afromexicano alrededor del z\u00f3calo capitalino. La inauguraci\u00f3n ser\u00e1 el 28 a las 16:00 horas.<\/p>\n\n\n\n<p>El 28 se realizar\u00e1 el desfile de las esculturas vivientes que tiene como tem\u00e1tica Los Dioses Zapotecas, las cuales tendr\u00e1n dos participaciones, en la inauguraci\u00f3n a las 16:30 horas y a las 19:00 horas.<\/p>\n\n\n\n<p>Tambi\u00e9n se presentar\u00e1n cuentacuentos durante seis d\u00edas narrando mitos y leyendas de los pueblos.<\/p>\n\n\n\n<p>Asimismo, se realizar\u00e1n cinco conciertos de m\u00fasica sacra o f\u00fanebre con la Banda Filarm\u00f3nica Sandunga de Santo Domingo Tehuantepec, la Banda Filarm\u00f3nica Uni\u00f3n y Progreso de Villa Talea de Castro, la presentaci\u00f3n del Grupo Huehuentones de Santa Mar\u00eda Chilchotla, el Grupo musical tradicional El Maizal de Miahuatl\u00e1n de Porfirio D\u00edaz y Banda de \u00c4pe\u00e4pe de Santa Mar\u00eda Tlahuitoltepec.<\/p>\n\n\n\n<p>Adem\u00e1s, se podr\u00e1n disfrutar cuatro conciertos con tem\u00e1tica del D\u00eda de Muertos con las y los artistas Jacinta Fuentes y Son Mequ\u00e9, Gisela \u00c1lvarez, Aldhair \u00b4El Mextizo\u00b4 y su espect\u00e1culo Velorios con mezcal y tradici\u00f3n y la cantante Cintia Ordaz. Las actividades concluir\u00e1n con 2 obras de teatro: La llorona de Tehuantepec y Xhunca.<br \/>-0-<\/p>\n\n\n\n<figure class=\"wp-block-image size-large\"><img fetchpriority=\"high\" decoding=\"async\" width=\"1024\" height=\"809\" src=\"https:\/\/contextoanalisisperiodistico.com\/wp-content\/uploads\/2023\/10\/img-20231017-wa00591530573361613856268-1024x809.jpg\" alt=\"\" class=\"wp-image-19943\" srcset=\"https:\/\/contextoanalisisperiodistico.com\/wp-content\/uploads\/2023\/10\/img-20231017-wa00591530573361613856268-1024x809.jpg 1024w, https:\/\/contextoanalisisperiodistico.com\/wp-content\/uploads\/2023\/10\/img-20231017-wa00591530573361613856268-300x237.jpg 300w, https:\/\/contextoanalisisperiodistico.com\/wp-content\/uploads\/2023\/10\/img-20231017-wa00591530573361613856268-768x607.jpg 768w, https:\/\/contextoanalisisperiodistico.com\/wp-content\/uploads\/2023\/10\/img-20231017-wa00591530573361613856268.jpg 1080w\" sizes=\"(max-width: 1024px) 100vw, 1024px\" \/><\/figure>\n","protected":false},"excerpt":{"rendered":"<p>\u2022 Exposici\u00f3n de altares, desfiles, narradores y cuentacuentos, conciertos de m\u00fasica sacra y obras de&#8230;<\/p>\n","protected":false},"author":4,"featured_media":19942,"comment_status":"","ping_status":"open","sticky":false,"template":"","format":"standard","meta":{"footnotes":""},"categories":[4],"tags":[],"jetpack_sharing_enabled":true,"featured_image_urls":{"full":["https:\/\/contextoanalisisperiodistico.com\/wp-content\/uploads\/2023\/10\/IMG-20231017-WA0060.jpg",1080,720,false],"thumbnail":["https:\/\/contextoanalisisperiodistico.com\/wp-content\/uploads\/2023\/10\/IMG-20231017-WA0060-150x150.jpg",150,150,true],"medium":["https:\/\/contextoanalisisperiodistico.com\/wp-content\/uploads\/2023\/10\/IMG-20231017-WA0060-300x200.jpg",300,200,true],"medium_large":["https:\/\/contextoanalisisperiodistico.com\/wp-content\/uploads\/2023\/10\/IMG-20231017-WA0060-768x512.jpg",640,427,true],"large":["https:\/\/contextoanalisisperiodistico.com\/wp-content\/uploads\/2023\/10\/IMG-20231017-WA0060-1024x683.jpg",640,427,true],"1536x1536":["https:\/\/contextoanalisisperiodistico.com\/wp-content\/uploads\/2023\/10\/IMG-20231017-WA0060.jpg",1080,720,false],"2048x2048":["https:\/\/contextoanalisisperiodistico.com\/wp-content\/uploads\/2023\/10\/IMG-20231017-WA0060.jpg",1080,720,false],"covernews-slider-full":["https:\/\/contextoanalisisperiodistico.com\/wp-content\/uploads\/2023\/10\/IMG-20231017-WA0060-1080x715.jpg",1080,715,true],"covernews-slider-center":["https:\/\/contextoanalisisperiodistico.com\/wp-content\/uploads\/2023\/10\/IMG-20231017-WA0060-800x500.jpg",800,500,true],"covernews-featured":["https:\/\/contextoanalisisperiodistico.com\/wp-content\/uploads\/2023\/10\/IMG-20231017-WA0060-1024x683.jpg",1024,683,true],"covernews-medium":["https:\/\/contextoanalisisperiodistico.com\/wp-content\/uploads\/2023\/10\/IMG-20231017-WA0060-540x340.jpg",540,340,true],"covernews-medium-square":["https:\/\/contextoanalisisperiodistico.com\/wp-content\/uploads\/2023\/10\/IMG-20231017-WA0060-400x250.jpg",400,250,true]},"author_info":{"display_name":"Mario Gir\u00f3n","author_link":"https:\/\/contextoanalisisperiodistico.com\/index.php\/author\/director\/"},"category_info":"<a href=\"https:\/\/contextoanalisisperiodistico.com\/index.php\/category\/cultura\/\" rel=\"category tag\">Cultura<\/a>","tag_info":"Cultura","comment_count":"0","jetpack_featured_media_url":"https:\/\/contextoanalisisperiodistico.com\/wp-content\/uploads\/2023\/10\/IMG-20231017-WA0060.jpg","_links":{"self":[{"href":"https:\/\/contextoanalisisperiodistico.com\/index.php\/wp-json\/wp\/v2\/posts\/19944"}],"collection":[{"href":"https:\/\/contextoanalisisperiodistico.com\/index.php\/wp-json\/wp\/v2\/posts"}],"about":[{"href":"https:\/\/contextoanalisisperiodistico.com\/index.php\/wp-json\/wp\/v2\/types\/post"}],"author":[{"embeddable":true,"href":"https:\/\/contextoanalisisperiodistico.com\/index.php\/wp-json\/wp\/v2\/users\/4"}],"replies":[{"embeddable":true,"href":"https:\/\/contextoanalisisperiodistico.com\/index.php\/wp-json\/wp\/v2\/comments?post=19944"}],"version-history":[{"count":0,"href":"https:\/\/contextoanalisisperiodistico.com\/index.php\/wp-json\/wp\/v2\/posts\/19944\/revisions"}],"wp:featuredmedia":[{"embeddable":true,"href":"https:\/\/contextoanalisisperiodistico.com\/index.php\/wp-json\/wp\/v2\/media\/19942"}],"wp:attachment":[{"href":"https:\/\/contextoanalisisperiodistico.com\/index.php\/wp-json\/wp\/v2\/media?parent=19944"}],"wp:term":[{"taxonomy":"category","embeddable":true,"href":"https:\/\/contextoanalisisperiodistico.com\/index.php\/wp-json\/wp\/v2\/categories?post=19944"},{"taxonomy":"post_tag","embeddable":true,"href":"https:\/\/contextoanalisisperiodistico.com\/index.php\/wp-json\/wp\/v2\/tags?post=19944"}],"curies":[{"name":"wp","href":"https:\/\/api.w.org\/{rel}","templated":true}]}}