{"id":19941,"date":"2023-10-17T17:50:51","date_gmt":"2023-10-17T23:50:51","guid":{"rendered":"https:\/\/contextoanalisisperiodistico.com\/index.php\/2023\/10\/17\/con-concierto-gratuito-celebrara-banda-de-musica-del-estado-155-anos-de-existencia\/"},"modified":"2023-10-17T17:50:51","modified_gmt":"2023-10-17T23:50:51","slug":"con-concierto-gratuito-celebrara-banda-de-musica-del-estado-155-anos-de-existencia","status":"publish","type":"post","link":"https:\/\/contextoanalisisperiodistico.com\/index.php\/2023\/10\/17\/con-concierto-gratuito-celebrara-banda-de-musica-del-estado-155-anos-de-existencia\/","title":{"rendered":"Con concierto gratuito, celebrar\u00e1 Banda de M\u00fasica del Estado 155 a\u00f1os de existencia"},"content":{"rendered":"<div id=\"fb-root\"><\/div>\n\n<p>\u25cf Se realizar\u00e1 el pr\u00f3ximo 19 de octubre a las 19:00 horas en el Teatro Macedonio Alcal\u00e1<br \/>\u25cf Los boletos ser\u00e1n entregados el 18 de octubre en la taquilla del teatro a partir de las 10:00 horas<\/p>\n\n\n\n<p>Oaxaca de Ju\u00e1rez, Oax. 17 de octubre de 2023.- La Secretar\u00eda de las Culturas y Artes (Seculta) de Oaxaca en coordinaci\u00f3n con la Banda de M\u00fasica del Estado anunciaron que se ofrecer\u00e1 un concierto gratuito con motivo del 155 aniversario de la agrupaci\u00f3n.<\/p>\n\n\n\n<p>En conferencia de prensa, el director de Promoci\u00f3n Art\u00edstica y Cultural de la Seculta, Jos\u00e9 Cruz Medina dio a conocer que el evento conmemorativo se realizar\u00e1 el pr\u00f3ximo jueves 19 de octubre a las 19:00 horas en el Teatro Macedonio Alcal\u00e1.<\/p>\n\n\n\n<p>Los boletos para el evento ser\u00e1n entregados por personal de la Secretar\u00eda de las Culturas y Artes el 18 de octubre en la taquilla del propio teatro a partir de las 10:00 horas.<\/p>\n\n\n\n<p>Con la asistencia del director de la Banda de M\u00fasica del Estado, Alejandro Huantes, se inform\u00f3 que la banda representativa de la entidad presentar\u00e1 un repertorio titulado El Sal\u00f3n M\u00e9xico, una obra sinf\u00f3nica de la autor\u00eda del compositor Aaron Copland.<\/p>\n\n\n\n<p>\u201cEs uno de los compositores m\u00e1s importantes del siglo pasado, que dedica la obra a nuestro pa\u00eds, despu\u00e9s de una visita al Sal\u00f3n M\u00e9xico, donde se enamor\u00f3 de la gente y c\u00f3mo disfruta de la m\u00fasica\u201d, apunt\u00f3 Alejandro Huantes.<\/p>\n\n\n\n<p>La banda interpretar\u00e1 un concierto para bar\u00edtono, adem\u00e1s de que ejecutar\u00e1n una pieza del compositor alem\u00e1n Carl Mar\u00eda Von Weber, para clarinete, que ser\u00e1 interpretada por el clarinetista Lucio Sol\u00eds, quien, en el marco del aniversario, cumple 25 a\u00f1os en la agrupaci\u00f3n y recibir\u00e1 la medalla a la trayectoria.<\/p>\n\n\n\n<p>En el repertorio se incluir\u00e1n tambi\u00e9n El Carnaval Romano, de H\u00e9ctor Berlioz, una pieza que tiene una duraci\u00f3n de nueve minutos y no ha sido interpretada por la banda por m\u00e1s de 20 a\u00f1os.<\/p>\n\n\n\n<p>La Banda de M\u00fasica del Estado se form\u00f3 en 1868. Su origen se remonta a los batallones militares de Guerrero y Zaragoza, pertenecientes a la Guardia Nacional, en la ciudad de Oaxaca, bajo el mando del General Porfirio D\u00edaz.<\/p>\n\n\n\n<p>Al frente de la banda han estado alrededor de 30 directores, quienes han puesto su sello a las intervenciones de una de las agrupaciones con m\u00e1s historia en la m\u00fasica del Estado de Oaxaca y de mayor reconocimiento por parte del p\u00fablico.<\/p>\n\n\n\n<p>-0-<\/p>\n\n\n\n<figure class=\"wp-block-image size-large\"><img fetchpriority=\"high\" decoding=\"async\" width=\"1024\" height=\"629\" src=\"https:\/\/contextoanalisisperiodistico.com\/wp-content\/uploads\/2023\/10\/img-20231017-wa00828376330416172176900.jpg\" alt=\"\" class=\"wp-image-19938\" srcset=\"https:\/\/contextoanalisisperiodistico.com\/wp-content\/uploads\/2023\/10\/img-20231017-wa00828376330416172176900.jpg 1024w, https:\/\/contextoanalisisperiodistico.com\/wp-content\/uploads\/2023\/10\/img-20231017-wa00828376330416172176900-300x184.jpg 300w, https:\/\/contextoanalisisperiodistico.com\/wp-content\/uploads\/2023\/10\/img-20231017-wa00828376330416172176900-768x472.jpg 768w\" sizes=\"(max-width: 1024px) 100vw, 1024px\" \/><\/figure>\n\n\n\n<figure class=\"wp-block-image\"><img decoding=\"async\" width=\"1024\" height=\"682\" src=\"https:\/\/contextoanalisisperiodistico.com\/wp-content\/uploads\/2023\/10\/img-20231017-wa00793997495148498205434-1024x682.jpg\" alt=\"\" class=\"wp-image-19939\" srcset=\"https:\/\/contextoanalisisperiodistico.com\/wp-content\/uploads\/2023\/10\/img-20231017-wa00793997495148498205434-1024x682.jpg 1024w, https:\/\/contextoanalisisperiodistico.com\/wp-content\/uploads\/2023\/10\/img-20231017-wa00793997495148498205434-300x200.jpg 300w, https:\/\/contextoanalisisperiodistico.com\/wp-content\/uploads\/2023\/10\/img-20231017-wa00793997495148498205434-768x512.jpg 768w, https:\/\/contextoanalisisperiodistico.com\/wp-content\/uploads\/2023\/10\/img-20231017-wa00793997495148498205434-1536x1023.jpg 1536w, https:\/\/contextoanalisisperiodistico.com\/wp-content\/uploads\/2023\/10\/img-20231017-wa00793997495148498205434.jpg 1600w\" sizes=\"(max-width: 1024px) 100vw, 1024px\" \/><\/figure>\n\n\n\n<figure class=\"wp-block-image\"><img decoding=\"async\" width=\"1024\" height=\"682\" src=\"https:\/\/contextoanalisisperiodistico.com\/wp-content\/uploads\/2023\/10\/img-20231017-wa00818446102082289042313-1024x682.jpg\" alt=\"\" class=\"wp-image-19940\" srcset=\"https:\/\/contextoanalisisperiodistico.com\/wp-content\/uploads\/2023\/10\/img-20231017-wa00818446102082289042313-1024x682.jpg 1024w, https:\/\/contextoanalisisperiodistico.com\/wp-content\/uploads\/2023\/10\/img-20231017-wa00818446102082289042313-300x200.jpg 300w, https:\/\/contextoanalisisperiodistico.com\/wp-content\/uploads\/2023\/10\/img-20231017-wa00818446102082289042313-768x512.jpg 768w, https:\/\/contextoanalisisperiodistico.com\/wp-content\/uploads\/2023\/10\/img-20231017-wa00818446102082289042313-1536x1023.jpg 1536w, https:\/\/contextoanalisisperiodistico.com\/wp-content\/uploads\/2023\/10\/img-20231017-wa00818446102082289042313.jpg 1600w\" sizes=\"(max-width: 1024px) 100vw, 1024px\" \/><\/figure>\n","protected":false},"excerpt":{"rendered":"<p>\u25cf Se realizar\u00e1 el pr\u00f3ximo 19 de octubre a las 19:00 horas en el Teatro&#8230;<\/p>\n","protected":false},"author":4,"featured_media":19937,"comment_status":"","ping_status":"open","sticky":false,"template":"","format":"standard","meta":{"footnotes":""},"categories":[4],"tags":[],"jetpack_sharing_enabled":true,"featured_image_urls":{"full":["https:\/\/contextoanalisisperiodistico.com\/wp-content\/uploads\/2023\/10\/IMG-20231017-WA0080.jpg",1600,1066,false],"thumbnail":["https:\/\/contextoanalisisperiodistico.com\/wp-content\/uploads\/2023\/10\/IMG-20231017-WA0080-150x150.jpg",150,150,true],"medium":["https:\/\/contextoanalisisperiodistico.com\/wp-content\/uploads\/2023\/10\/IMG-20231017-WA0080-300x200.jpg",300,200,true],"medium_large":["https:\/\/contextoanalisisperiodistico.com\/wp-content\/uploads\/2023\/10\/IMG-20231017-WA0080-768x512.jpg",640,427,true],"large":["https:\/\/contextoanalisisperiodistico.com\/wp-content\/uploads\/2023\/10\/IMG-20231017-WA0080-1024x682.jpg",640,426,true],"1536x1536":["https:\/\/contextoanalisisperiodistico.com\/wp-content\/uploads\/2023\/10\/IMG-20231017-WA0080-1536x1023.jpg",1536,1023,true],"2048x2048":["https:\/\/contextoanalisisperiodistico.com\/wp-content\/uploads\/2023\/10\/IMG-20231017-WA0080.jpg",1600,1066,false],"covernews-slider-full":["https:\/\/contextoanalisisperiodistico.com\/wp-content\/uploads\/2023\/10\/IMG-20231017-WA0080-1115x715.jpg",1115,715,true],"covernews-slider-center":["https:\/\/contextoanalisisperiodistico.com\/wp-content\/uploads\/2023\/10\/IMG-20231017-WA0080-800x500.jpg",800,500,true],"covernews-featured":["https:\/\/contextoanalisisperiodistico.com\/wp-content\/uploads\/2023\/10\/IMG-20231017-WA0080-1024x682.jpg",1024,682,true],"covernews-medium":["https:\/\/contextoanalisisperiodistico.com\/wp-content\/uploads\/2023\/10\/IMG-20231017-WA0080-540x340.jpg",540,340,true],"covernews-medium-square":["https:\/\/contextoanalisisperiodistico.com\/wp-content\/uploads\/2023\/10\/IMG-20231017-WA0080-400x250.jpg",400,250,true]},"author_info":{"display_name":"Mario Gir\u00f3n","author_link":"https:\/\/contextoanalisisperiodistico.com\/index.php\/author\/director\/"},"category_info":"<a href=\"https:\/\/contextoanalisisperiodistico.com\/index.php\/category\/cultura\/\" rel=\"category tag\">Cultura<\/a>","tag_info":"Cultura","comment_count":"0","jetpack_featured_media_url":"https:\/\/contextoanalisisperiodistico.com\/wp-content\/uploads\/2023\/10\/IMG-20231017-WA0080.jpg","_links":{"self":[{"href":"https:\/\/contextoanalisisperiodistico.com\/index.php\/wp-json\/wp\/v2\/posts\/19941"}],"collection":[{"href":"https:\/\/contextoanalisisperiodistico.com\/index.php\/wp-json\/wp\/v2\/posts"}],"about":[{"href":"https:\/\/contextoanalisisperiodistico.com\/index.php\/wp-json\/wp\/v2\/types\/post"}],"author":[{"embeddable":true,"href":"https:\/\/contextoanalisisperiodistico.com\/index.php\/wp-json\/wp\/v2\/users\/4"}],"replies":[{"embeddable":true,"href":"https:\/\/contextoanalisisperiodistico.com\/index.php\/wp-json\/wp\/v2\/comments?post=19941"}],"version-history":[{"count":0,"href":"https:\/\/contextoanalisisperiodistico.com\/index.php\/wp-json\/wp\/v2\/posts\/19941\/revisions"}],"wp:featuredmedia":[{"embeddable":true,"href":"https:\/\/contextoanalisisperiodistico.com\/index.php\/wp-json\/wp\/v2\/media\/19937"}],"wp:attachment":[{"href":"https:\/\/contextoanalisisperiodistico.com\/index.php\/wp-json\/wp\/v2\/media?parent=19941"}],"wp:term":[{"taxonomy":"category","embeddable":true,"href":"https:\/\/contextoanalisisperiodistico.com\/index.php\/wp-json\/wp\/v2\/categories?post=19941"},{"taxonomy":"post_tag","embeddable":true,"href":"https:\/\/contextoanalisisperiodistico.com\/index.php\/wp-json\/wp\/v2\/tags?post=19941"}],"curies":[{"name":"wp","href":"https:\/\/api.w.org\/{rel}","templated":true}]}}