{"id":19931,"date":"2023-10-17T17:32:14","date_gmt":"2023-10-17T23:32:14","guid":{"rendered":"https:\/\/contextoanalisisperiodistico.com\/index.php\/2023\/10\/17\/reconoce-secretaria-de-administracion-vocacion-de-servicio-esfuerzo-y-dedicacion-de-base-trabajadora\/"},"modified":"2023-10-17T17:32:14","modified_gmt":"2023-10-17T23:32:14","slug":"reconoce-secretaria-de-administracion-vocacion-de-servicio-esfuerzo-y-dedicacion-de-base-trabajadora","status":"publish","type":"post","link":"https:\/\/contextoanalisisperiodistico.com\/index.php\/2023\/10\/17\/reconoce-secretaria-de-administracion-vocacion-de-servicio-esfuerzo-y-dedicacion-de-base-trabajadora\/","title":{"rendered":"Reconoce Secretar\u00eda de Administraci\u00f3n vocaci\u00f3n de servicio, esfuerzo y dedicaci\u00f3n de base trabajadora"},"content":{"rendered":"<div id=\"fb-root\"><\/div>\n\n<p>\u2022 Durante una ceremonia entregaron 472 medallas de plata y 443 medallas de oro a servidoras y servidores p\u00fablicos, en agradecimiento a sus a\u00f1os de servicio y esfuerzo<\/p>\n\n\n\n<figure class=\"wp-block-image size-large\"><img fetchpriority=\"high\" decoding=\"async\" width=\"1024\" height=\"683\" src=\"https:\/\/contextoanalisisperiodistico.com\/wp-content\/uploads\/2023\/10\/img-20231017-wa00743948882440624270849-1024x683.jpg\" alt=\"\" class=\"wp-image-19929\" srcset=\"https:\/\/contextoanalisisperiodistico.com\/wp-content\/uploads\/2023\/10\/img-20231017-wa00743948882440624270849-1024x683.jpg 1024w, https:\/\/contextoanalisisperiodistico.com\/wp-content\/uploads\/2023\/10\/img-20231017-wa00743948882440624270849-300x200.jpg 300w, https:\/\/contextoanalisisperiodistico.com\/wp-content\/uploads\/2023\/10\/img-20231017-wa00743948882440624270849-768x512.jpg 768w, https:\/\/contextoanalisisperiodistico.com\/wp-content\/uploads\/2023\/10\/img-20231017-wa00743948882440624270849-1536x1024.jpg 1536w, https:\/\/contextoanalisisperiodistico.com\/wp-content\/uploads\/2023\/10\/img-20231017-wa00743948882440624270849.jpg 1599w\" sizes=\"(max-width: 1024px) 100vw, 1024px\" \/><\/figure>\n\n\n\n<figure class=\"wp-block-image\"><img decoding=\"async\" width=\"1024\" height=\"683\" src=\"https:\/\/contextoanalisisperiodistico.com\/wp-content\/uploads\/2023\/10\/img-20231017-wa00778795454689447401787-1024x683.jpg\" alt=\"\" class=\"wp-image-19928\" srcset=\"https:\/\/contextoanalisisperiodistico.com\/wp-content\/uploads\/2023\/10\/img-20231017-wa00778795454689447401787-1024x683.jpg 1024w, https:\/\/contextoanalisisperiodistico.com\/wp-content\/uploads\/2023\/10\/img-20231017-wa00778795454689447401787-300x200.jpg 300w, https:\/\/contextoanalisisperiodistico.com\/wp-content\/uploads\/2023\/10\/img-20231017-wa00778795454689447401787-768x512.jpg 768w, https:\/\/contextoanalisisperiodistico.com\/wp-content\/uploads\/2023\/10\/img-20231017-wa00778795454689447401787-1536x1024.jpg 1536w, https:\/\/contextoanalisisperiodistico.com\/wp-content\/uploads\/2023\/10\/img-20231017-wa00778795454689447401787.jpg 1599w\" sizes=\"(max-width: 1024px) 100vw, 1024px\" \/><\/figure>\n\n\n\n<figure class=\"wp-block-image\"><img decoding=\"async\" width=\"1024\" height=\"683\" src=\"https:\/\/contextoanalisisperiodistico.com\/wp-content\/uploads\/2023\/10\/img-20231017-wa00763307821390323506210-1024x683.jpg\" alt=\"\" class=\"wp-image-19930\" srcset=\"https:\/\/contextoanalisisperiodistico.com\/wp-content\/uploads\/2023\/10\/img-20231017-wa00763307821390323506210-1024x683.jpg 1024w, https:\/\/contextoanalisisperiodistico.com\/wp-content\/uploads\/2023\/10\/img-20231017-wa00763307821390323506210-300x200.jpg 300w, https:\/\/contextoanalisisperiodistico.com\/wp-content\/uploads\/2023\/10\/img-20231017-wa00763307821390323506210-768x512.jpg 768w, https:\/\/contextoanalisisperiodistico.com\/wp-content\/uploads\/2023\/10\/img-20231017-wa00763307821390323506210.jpg 1296w\" sizes=\"(max-width: 1024px) 100vw, 1024px\" \/><\/figure>\n\n\n\n<p>Oaxaca de Ju\u00e1rez, Oax. 17 de octubre de 2023.- En el marco del D\u00eda del Empleado y Empleada, que se celebra el pr\u00f3ximo 21 de octubre, el Gobierno Estatal a trav\u00e9s de la Secretar\u00eda de Administraci\u00f3n (SA) reconoci\u00f3 la vocaci\u00f3n de servicio, esfuerzo y dedicaci\u00f3n de personas servidoras p\u00fablicas del Sindicato de Trabajadores de los Poderes del Estado e Instituciones Descentralizadas de Car\u00e1cter Estatal de Oaxaca (STPEIDCEO).<\/p>\n\n\n\n<p>Durante la ceremonia realizada en el Centro Cultural y de Convenciones de Oaxaca, en representaci\u00f3n del Gobernador Salom\u00f3n Jara Cruz, el encargado de Despacho de la SA Noel Hern\u00e1ndez Rito entreg\u00f3 472 medallas de plata y 443 medallas de oro, as\u00ed como reconocimientos al personal por 20, 25 y 29 a\u00f1os de trabajo.<\/p>\n\n\n\n<p>En este sentido, Hern\u00e1ndez Rito agradeci\u00f3 el esfuerzo de quienes a lo largo de estos a\u00f1os han dedicado parte de sus vidas para coadyuvar y abonar sustancialmente al bienestar y progreso de Oaxaca. Asimismo, reconoci\u00f3 que el servicio que han realizado es uno de los recursos m\u00e1s valioso para la administraci\u00f3n p\u00fablica estatal.<\/p>\n\n\n\n<p>Con estas acciones el Gobierno del Estado y la Secretar\u00eda de Administraci\u00f3n reafirman su compromiso de brindar oportunidades para todas y todos los oaxaque\u00f1os.<\/p>\n\n\n\n<p>-0-<\/p>\n","protected":false},"excerpt":{"rendered":"<p>\u2022 Durante una ceremonia entregaron 472 medallas de plata y 443 medallas de oro a&#8230;<\/p>\n","protected":false},"author":4,"featured_media":19927,"comment_status":"","ping_status":"open","sticky":false,"template":"","format":"standard","meta":{"footnotes":""},"categories":[9],"tags":[],"jetpack_sharing_enabled":true,"featured_image_urls":{"full":["https:\/\/contextoanalisisperiodistico.com\/wp-content\/uploads\/2023\/10\/IMG-20231017-WA0075.jpg",1296,864,false],"thumbnail":["https:\/\/contextoanalisisperiodistico.com\/wp-content\/uploads\/2023\/10\/IMG-20231017-WA0075-150x150.jpg",150,150,true],"medium":["https:\/\/contextoanalisisperiodistico.com\/wp-content\/uploads\/2023\/10\/IMG-20231017-WA0075-300x200.jpg",300,200,true],"medium_large":["https:\/\/contextoanalisisperiodistico.com\/wp-content\/uploads\/2023\/10\/IMG-20231017-WA0075-768x512.jpg",640,427,true],"large":["https:\/\/contextoanalisisperiodistico.com\/wp-content\/uploads\/2023\/10\/IMG-20231017-WA0075-1024x683.jpg",640,427,true],"1536x1536":["https:\/\/contextoanalisisperiodistico.com\/wp-content\/uploads\/2023\/10\/IMG-20231017-WA0075.jpg",1296,864,false],"2048x2048":["https:\/\/contextoanalisisperiodistico.com\/wp-content\/uploads\/2023\/10\/IMG-20231017-WA0075.jpg",1296,864,false],"covernews-slider-full":["https:\/\/contextoanalisisperiodistico.com\/wp-content\/uploads\/2023\/10\/IMG-20231017-WA0075-1115x715.jpg",1115,715,true],"covernews-slider-center":["https:\/\/contextoanalisisperiodistico.com\/wp-content\/uploads\/2023\/10\/IMG-20231017-WA0075-800x500.jpg",800,500,true],"covernews-featured":["https:\/\/contextoanalisisperiodistico.com\/wp-content\/uploads\/2023\/10\/IMG-20231017-WA0075-1024x683.jpg",1024,683,true],"covernews-medium":["https:\/\/contextoanalisisperiodistico.com\/wp-content\/uploads\/2023\/10\/IMG-20231017-WA0075-540x340.jpg",540,340,true],"covernews-medium-square":["https:\/\/contextoanalisisperiodistico.com\/wp-content\/uploads\/2023\/10\/IMG-20231017-WA0075-400x250.jpg",400,250,true]},"author_info":{"display_name":"Mario Gir\u00f3n","author_link":"https:\/\/contextoanalisisperiodistico.com\/index.php\/author\/director\/"},"category_info":"<a href=\"https:\/\/contextoanalisisperiodistico.com\/index.php\/category\/politica\/\" rel=\"category tag\">Pol\u00edtica<\/a>","tag_info":"Pol\u00edtica","comment_count":"0","jetpack_featured_media_url":"https:\/\/contextoanalisisperiodistico.com\/wp-content\/uploads\/2023\/10\/IMG-20231017-WA0075.jpg","_links":{"self":[{"href":"https:\/\/contextoanalisisperiodistico.com\/index.php\/wp-json\/wp\/v2\/posts\/19931"}],"collection":[{"href":"https:\/\/contextoanalisisperiodistico.com\/index.php\/wp-json\/wp\/v2\/posts"}],"about":[{"href":"https:\/\/contextoanalisisperiodistico.com\/index.php\/wp-json\/wp\/v2\/types\/post"}],"author":[{"embeddable":true,"href":"https:\/\/contextoanalisisperiodistico.com\/index.php\/wp-json\/wp\/v2\/users\/4"}],"replies":[{"embeddable":true,"href":"https:\/\/contextoanalisisperiodistico.com\/index.php\/wp-json\/wp\/v2\/comments?post=19931"}],"version-history":[{"count":0,"href":"https:\/\/contextoanalisisperiodistico.com\/index.php\/wp-json\/wp\/v2\/posts\/19931\/revisions"}],"wp:featuredmedia":[{"embeddable":true,"href":"https:\/\/contextoanalisisperiodistico.com\/index.php\/wp-json\/wp\/v2\/media\/19927"}],"wp:attachment":[{"href":"https:\/\/contextoanalisisperiodistico.com\/index.php\/wp-json\/wp\/v2\/media?parent=19931"}],"wp:term":[{"taxonomy":"category","embeddable":true,"href":"https:\/\/contextoanalisisperiodistico.com\/index.php\/wp-json\/wp\/v2\/categories?post=19931"},{"taxonomy":"post_tag","embeddable":true,"href":"https:\/\/contextoanalisisperiodistico.com\/index.php\/wp-json\/wp\/v2\/tags?post=19931"}],"curies":[{"name":"wp","href":"https:\/\/api.w.org\/{rel}","templated":true}]}}