{"id":19910,"date":"2023-10-17T14:51:55","date_gmt":"2023-10-17T20:51:55","guid":{"rendered":"https:\/\/contextoanalisisperiodistico.com\/index.php\/2023\/10\/17\/acercara-la-filo-2023-a-los-jovenes-el-programapaz-y-justicia-para-el-pueblo-de-oaxaca\/"},"modified":"2023-10-17T14:51:55","modified_gmt":"2023-10-17T20:51:55","slug":"acercara-la-filo-2023-a-los-jovenes-el-programapaz-y-justicia-para-el-pueblo-de-oaxaca","status":"publish","type":"post","link":"https:\/\/contextoanalisisperiodistico.com\/index.php\/2023\/10\/17\/acercara-la-filo-2023-a-los-jovenes-el-programapaz-y-justicia-para-el-pueblo-de-oaxaca\/","title":{"rendered":"Acercar\u00e1 la FILO 2023 a los j\u00f3venes el programa<br \/>Paz y Justicia para el pueblo de Oaxaca"},"content":{"rendered":"<div id=\"fb-root\"><\/div>\n\n<p>\u2022 El secretario de Gobierno Jes\u00fas Romero L\u00f3pez ofrecer\u00e1 dos conversatorios sobre los ejes Pa\u2019 las oaxaque\u00f1as y Viviendo la Paz<\/p>\n\n\n\n<figure class=\"wp-block-image size-large\"><img fetchpriority=\"high\" decoding=\"async\" width=\"1024\" height=\"1024\" src=\"https:\/\/contextoanalisisperiodistico.com\/wp-content\/uploads\/2023\/10\/img-20231017-wa00448940920953377383221-1024x1024.jpg\" alt=\"\" class=\"wp-image-19909\" srcset=\"https:\/\/contextoanalisisperiodistico.com\/wp-content\/uploads\/2023\/10\/img-20231017-wa00448940920953377383221-1024x1024.jpg 1024w, https:\/\/contextoanalisisperiodistico.com\/wp-content\/uploads\/2023\/10\/img-20231017-wa00448940920953377383221-300x300.jpg 300w, https:\/\/contextoanalisisperiodistico.com\/wp-content\/uploads\/2023\/10\/img-20231017-wa00448940920953377383221-150x150.jpg 150w, https:\/\/contextoanalisisperiodistico.com\/wp-content\/uploads\/2023\/10\/img-20231017-wa00448940920953377383221-768x768.jpg 768w, https:\/\/contextoanalisisperiodistico.com\/wp-content\/uploads\/2023\/10\/img-20231017-wa00448940920953377383221.jpg 1046w\" sizes=\"(max-width: 1024px) 100vw, 1024px\" \/><\/figure>\n\n\n\n<figure class=\"wp-block-image\"><img decoding=\"async\" width=\"300\" height=\"200\" src=\"https:\/\/contextoanalisisperiodistico.com\/wp-content\/uploads\/2023\/10\/img-20231017-wa00452823214979677036360-300x200.jpg\" alt=\"\" class=\"wp-image-19908\" srcset=\"https:\/\/contextoanalisisperiodistico.com\/wp-content\/uploads\/2023\/10\/img-20231017-wa00452823214979677036360-300x200.jpg 300w, https:\/\/contextoanalisisperiodistico.com\/wp-content\/uploads\/2023\/10\/img-20231017-wa00452823214979677036360-768x512.jpg 768w, https:\/\/contextoanalisisperiodistico.com\/wp-content\/uploads\/2023\/10\/img-20231017-wa00452823214979677036360.jpg 1024w\" sizes=\"(max-width: 300px) 100vw, 300px\" \/><\/figure>\n\n\n\n<p>Oaxaca de Ju\u00e1rez, Oax. 17 de octubre del 2023.- Como parte de las acciones del eje Pa\u00b4 las Oaxaque\u00f1as del Programa de Paz con Justicia y Bienestar para el Pueblo de Oaxaca, que busca lograr autonom\u00eda, igualdad, equidad, y participaci\u00f3n decidida de las mujeres a trav\u00e9s de la implementaci\u00f3n de capacitaciones, talleres, mesas interinstitucionales y redes constructoras de la mujer oaxaque\u00f1a, la Secretar\u00eda de Gobierno (Sego) participar\u00e1 en la 43 Feria Internacional del Libro Oaxaca 2023.<\/p>\n\n\n\n<p>Este martes 17 de octubre a las 18:00 horas el secretario de Gobierno Jes\u00fas Romero L\u00f3pez intervendr\u00e1 en un conversatorio sobre el autocuidado emocional como una herramienta para erradicar y prevenir la violencia de g\u00e9nero en la FILO que se desarrolla en el Centro Cultural y de Convenciones de Oaxaca (CCCO).<\/p>\n\n\n\n<p>Romero L\u00f3pez compartir\u00e1 las acciones que a trav\u00e9s de la campa\u00f1a Cero Tolerancia al Hostigamiento y Acoso Sexual promueve la administraci\u00f3n del Gobernador Salom\u00f3n Jara Cruz para erradicar y prevenir la violencia de g\u00e9nero en dependencias y oficinas gubernamentales y garantizar que esos espacios laborales ofrezcan un entorno seguro para las oaxaque\u00f1as.<\/p>\n\n\n\n<p>Para este conversatorio Romero L\u00f3pez se apoyar\u00e1 en el libro \u201cPor Amor a mi\u201d de Alma Lozano.<\/p>\n\n\n\n<p>Previo a su participaci\u00f3n, el Secretario de Gobierno agradeci\u00f3 la invitaci\u00f3n y subray\u00f3 la importancia de fomentar este tipo de espacios de di\u00e1logo, \u201cpara entendernos, comprendernos y dar herramientas para cuidar la salud mental entre todas y todos\u201d, dijo.<\/p>\n\n\n\n<p>Insisti\u00f3 en la necesidad de aprender a identificar las emociones, ideas y saber gestionarlas de forma saludable, al recordar que la paz tambi\u00e9n se genera desde el cuidado del amor propio y la autoestima, y una forma de practicarla es desde la lectura.<\/p>\n\n\n\n<p>Asimismo, el pr\u00f3ximo 20 de octubre en el Centro Cultural y de Convenciones de Oaxaca a partir de las 18:00 horas el titular de la Sego asistir\u00e1 al debate X Somos Chavos, Viviendo la Paz en el que se realizar\u00e1n preguntas relacionadas a la violencia de g\u00e9nero, amor rom\u00e1ntico, libertad sexual y salud mental.<\/p>\n\n\n\n<p>Record\u00f3 que con el eje Viviendo la Paz se fomenta la educaci\u00f3n para la paz y, adem\u00e1s de conocimientos, se transmiten actitudes y habilidades asertivas no violentas que permitan la resoluci\u00f3n de los conflictos. Con ello se busca que las y los j\u00f3venes oaxaque\u00f1os se conviertan en agentes de paz.<br \/>-0-<\/p>\n","protected":false},"excerpt":{"rendered":"<p>\u2022 El secretario de Gobierno Jes\u00fas Romero L\u00f3pez ofrecer\u00e1 dos conversatorios sobre los ejes Pa\u2019&#8230;<\/p>\n","protected":false},"author":4,"featured_media":19907,"comment_status":"","ping_status":"open","sticky":false,"template":"","format":"standard","meta":{"footnotes":""},"categories":[9],"tags":[],"jetpack_sharing_enabled":true,"featured_image_urls":{"full":["https:\/\/contextoanalisisperiodistico.com\/wp-content\/uploads\/2023\/10\/IMG-20231017-WA0046.jpg",1065,1070,false],"thumbnail":["https:\/\/contextoanalisisperiodistico.com\/wp-content\/uploads\/2023\/10\/IMG-20231017-WA0046-150x150.jpg",150,150,true],"medium":["https:\/\/contextoanalisisperiodistico.com\/wp-content\/uploads\/2023\/10\/IMG-20231017-WA0046-300x300.jpg",300,300,true],"medium_large":["https:\/\/contextoanalisisperiodistico.com\/wp-content\/uploads\/2023\/10\/IMG-20231017-WA0046-768x772.jpg",640,643,true],"large":["https:\/\/contextoanalisisperiodistico.com\/wp-content\/uploads\/2023\/10\/IMG-20231017-WA0046-1019x1024.jpg",640,643,true],"1536x1536":["https:\/\/contextoanalisisperiodistico.com\/wp-content\/uploads\/2023\/10\/IMG-20231017-WA0046.jpg",1065,1070,false],"2048x2048":["https:\/\/contextoanalisisperiodistico.com\/wp-content\/uploads\/2023\/10\/IMG-20231017-WA0046.jpg",1065,1070,false],"covernews-slider-full":["https:\/\/contextoanalisisperiodistico.com\/wp-content\/uploads\/2023\/10\/IMG-20231017-WA0046-1065x715.jpg",1065,715,true],"covernews-slider-center":["https:\/\/contextoanalisisperiodistico.com\/wp-content\/uploads\/2023\/10\/IMG-20231017-WA0046-800x500.jpg",800,500,true],"covernews-featured":["https:\/\/contextoanalisisperiodistico.com\/wp-content\/uploads\/2023\/10\/IMG-20231017-WA0046-1024x1029.jpg",1024,1029,true],"covernews-medium":["https:\/\/contextoanalisisperiodistico.com\/wp-content\/uploads\/2023\/10\/IMG-20231017-WA0046-540x340.jpg",540,340,true],"covernews-medium-square":["https:\/\/contextoanalisisperiodistico.com\/wp-content\/uploads\/2023\/10\/IMG-20231017-WA0046-400x250.jpg",400,250,true]},"author_info":{"display_name":"Mario Gir\u00f3n","author_link":"https:\/\/contextoanalisisperiodistico.com\/index.php\/author\/director\/"},"category_info":"<a href=\"https:\/\/contextoanalisisperiodistico.com\/index.php\/category\/politica\/\" rel=\"category tag\">Pol\u00edtica<\/a>","tag_info":"Pol\u00edtica","comment_count":"0","jetpack_featured_media_url":"https:\/\/contextoanalisisperiodistico.com\/wp-content\/uploads\/2023\/10\/IMG-20231017-WA0046.jpg","_links":{"self":[{"href":"https:\/\/contextoanalisisperiodistico.com\/index.php\/wp-json\/wp\/v2\/posts\/19910"}],"collection":[{"href":"https:\/\/contextoanalisisperiodistico.com\/index.php\/wp-json\/wp\/v2\/posts"}],"about":[{"href":"https:\/\/contextoanalisisperiodistico.com\/index.php\/wp-json\/wp\/v2\/types\/post"}],"author":[{"embeddable":true,"href":"https:\/\/contextoanalisisperiodistico.com\/index.php\/wp-json\/wp\/v2\/users\/4"}],"replies":[{"embeddable":true,"href":"https:\/\/contextoanalisisperiodistico.com\/index.php\/wp-json\/wp\/v2\/comments?post=19910"}],"version-history":[{"count":0,"href":"https:\/\/contextoanalisisperiodistico.com\/index.php\/wp-json\/wp\/v2\/posts\/19910\/revisions"}],"wp:featuredmedia":[{"embeddable":true,"href":"https:\/\/contextoanalisisperiodistico.com\/index.php\/wp-json\/wp\/v2\/media\/19907"}],"wp:attachment":[{"href":"https:\/\/contextoanalisisperiodistico.com\/index.php\/wp-json\/wp\/v2\/media?parent=19910"}],"wp:term":[{"taxonomy":"category","embeddable":true,"href":"https:\/\/contextoanalisisperiodistico.com\/index.php\/wp-json\/wp\/v2\/categories?post=19910"},{"taxonomy":"post_tag","embeddable":true,"href":"https:\/\/contextoanalisisperiodistico.com\/index.php\/wp-json\/wp\/v2\/tags?post=19910"}],"curies":[{"name":"wp","href":"https:\/\/api.w.org\/{rel}","templated":true}]}}