{"id":19894,"date":"2023-10-17T12:29:06","date_gmt":"2023-10-17T18:29:06","guid":{"rendered":"https:\/\/contextoanalisisperiodistico.com\/index.php\/2023\/10\/17\/detenido-cargando-una-de-las-aguilas-del-obelisco-a-porfirio-diaz\/"},"modified":"2023-10-17T12:29:06","modified_gmt":"2023-10-17T18:29:06","slug":"detenido-cargando-una-de-las-aguilas-del-obelisco-a-porfirio-diaz","status":"publish","type":"post","link":"https:\/\/contextoanalisisperiodistico.com\/index.php\/2023\/10\/17\/detenido-cargando-una-de-las-aguilas-del-obelisco-a-porfirio-diaz\/","title":{"rendered":"Detenido cargando una de las \u00e1guilas del Obelisco a Porfirio Diaz"},"content":{"rendered":"<div id=\"fb-root\"><\/div>\n\n<p>(*) La valiente y decidida participaci\u00f3n de la denuncia ciudadana hizo posible a la Polic\u00eda Municipal echarle el guante a Eleuterio, consumado ladronzuelo <\/p>\n\n\n\n<p>Comunicado.-Polic\u00edas municipales efectuaron la detenci\u00f3n de una persona como presunta responsable del robo de una de las \u00e1guilas del Obelisco a Porfirio D\u00edaz, ubicado en las inmediaciones de la colonia Reforma.<\/p>\n\n\n\n<p>El secretario de Seguridad Ciudadana, Movilidad y Protecci\u00f3n Civil, Ra\u00fal \u00c1vila Ibarra, dijo que la detenci\u00f3n se logr\u00f3 gracias a la valiente y decidida participaci\u00f3n de la ciudadan\u00eda, al reportar al C-4 a una persona que circulaba por la zona.<\/p>\n\n\n\n<p>Precis\u00f3 que la intervenci\u00f3n se realiz\u00f3 a las 22:40 horas del lunes, ante el reporte, al lugar se movilizaron elementos de Proximidad Social quienes sorprendieron a un sujeto cuando cargaba una de las \u00e1guilas del obelisco.<\/p>\n\n\n\n<p><br>Debido a ello, procedieron a su detenci\u00f3n, mismo que dijo llamarse Eleuterio M. C., de 33 a\u00f1os de edad, a quien le aseguraron el objeto, con figura de \u00e1guila y una serpiente, al parecer de bronce de 60&#215;40 cent\u00edmetros.<\/p>\n\n\n\n<figure class=\"wp-block-image size-large\"><img fetchpriority=\"high\" decoding=\"async\" width=\"789\" height=\"1024\" src=\"https:\/\/contextoanalisisperiodistico.com\/wp-content\/uploads\/2023\/10\/img-20231017-wa00048668039790359990358.jpg\" alt=\"\" class=\"wp-image-19893\" srcset=\"https:\/\/contextoanalisisperiodistico.com\/wp-content\/uploads\/2023\/10\/img-20231017-wa00048668039790359990358.jpg 789w, https:\/\/contextoanalisisperiodistico.com\/wp-content\/uploads\/2023\/10\/img-20231017-wa00048668039790359990358-231x300.jpg 231w, https:\/\/contextoanalisisperiodistico.com\/wp-content\/uploads\/2023\/10\/img-20231017-wa00048668039790359990358-768x997.jpg 768w\" sizes=\"(max-width: 789px) 100vw, 789px\" \/><\/figure>\n\n\n\n<p>El detenido y el objeto asegurado quedaron a disposici\u00f3n de la Fiscal\u00eda General del Estado para continuar con la indagatoria correspondiente.<\/p>\n\n\n\n<p>\u00c1vila Ibarra reconoci\u00f3 la confianza de la ciudadan\u00eda en las acciones de prevenci\u00f3n, al reportar de manera oportuna a la persona que se ocultaba en el mismo monumento para apoderarse de una parte de \u00e9ste.<\/p>\n\n\n\n<p>Asimismo, dijo que el detenido cuenta con 12 ingresos a los separos municipales por diversas faltas y presuntos delitos como robo de luminaria, robo de veh\u00edculo, violencia familiar y resistencia de particulares.<\/p>\n\n\n\n<p>Con estas acciones, la Polic\u00eda Municipal refrenda su compromiso de proteger y servir a la comunidad.<\/p>\n\n\n\n<p><em>Polic\u00eda Municipal<\/em><br \/><em>Garante de Seguridad y Paz Social<\/em><br \/><em>\u00a1Polic\u00eda Municipal, m\u00e1s cerca de ti!<\/em><\/p>\n","protected":false},"excerpt":{"rendered":"<p>(*) La valiente y decidida participaci\u00f3n de la denuncia ciudadana hizo posible a la Polic\u00eda&#8230;<\/p>\n","protected":false},"author":4,"featured_media":19892,"comment_status":"","ping_status":"open","sticky":false,"template":"","format":"standard","meta":{"footnotes":""},"categories":[10],"tags":[],"jetpack_sharing_enabled":true,"featured_image_urls":{"full":["https:\/\/contextoanalisisperiodistico.com\/wp-content\/uploads\/2023\/10\/IMG-20231017-WA0005.jpg",1600,1200,false],"thumbnail":["https:\/\/contextoanalisisperiodistico.com\/wp-content\/uploads\/2023\/10\/IMG-20231017-WA0005-150x150.jpg",150,150,true],"medium":["https:\/\/contextoanalisisperiodistico.com\/wp-content\/uploads\/2023\/10\/IMG-20231017-WA0005-300x225.jpg",300,225,true],"medium_large":["https:\/\/contextoanalisisperiodistico.com\/wp-content\/uploads\/2023\/10\/IMG-20231017-WA0005-768x576.jpg",640,480,true],"large":["https:\/\/contextoanalisisperiodistico.com\/wp-content\/uploads\/2023\/10\/IMG-20231017-WA0005-1024x768.jpg",640,480,true],"1536x1536":["https:\/\/contextoanalisisperiodistico.com\/wp-content\/uploads\/2023\/10\/IMG-20231017-WA0005-1536x1152.jpg",1536,1152,true],"2048x2048":["https:\/\/contextoanalisisperiodistico.com\/wp-content\/uploads\/2023\/10\/IMG-20231017-WA0005.jpg",1600,1200,false],"covernews-slider-full":["https:\/\/contextoanalisisperiodistico.com\/wp-content\/uploads\/2023\/10\/IMG-20231017-WA0005-1115x715.jpg",1115,715,true],"covernews-slider-center":["https:\/\/contextoanalisisperiodistico.com\/wp-content\/uploads\/2023\/10\/IMG-20231017-WA0005-800x500.jpg",800,500,true],"covernews-featured":["https:\/\/contextoanalisisperiodistico.com\/wp-content\/uploads\/2023\/10\/IMG-20231017-WA0005-1024x768.jpg",1024,768,true],"covernews-medium":["https:\/\/contextoanalisisperiodistico.com\/wp-content\/uploads\/2023\/10\/IMG-20231017-WA0005-540x340.jpg",540,340,true],"covernews-medium-square":["https:\/\/contextoanalisisperiodistico.com\/wp-content\/uploads\/2023\/10\/IMG-20231017-WA0005-400x250.jpg",400,250,true]},"author_info":{"display_name":"Mario Gir\u00f3n","author_link":"https:\/\/contextoanalisisperiodistico.com\/index.php\/author\/director\/"},"category_info":"<a href=\"https:\/\/contextoanalisisperiodistico.com\/index.php\/category\/seguridad\/\" rel=\"category tag\">Seguridad<\/a>","tag_info":"Seguridad","comment_count":"0","jetpack_featured_media_url":"https:\/\/contextoanalisisperiodistico.com\/wp-content\/uploads\/2023\/10\/IMG-20231017-WA0005.jpg","_links":{"self":[{"href":"https:\/\/contextoanalisisperiodistico.com\/index.php\/wp-json\/wp\/v2\/posts\/19894"}],"collection":[{"href":"https:\/\/contextoanalisisperiodistico.com\/index.php\/wp-json\/wp\/v2\/posts"}],"about":[{"href":"https:\/\/contextoanalisisperiodistico.com\/index.php\/wp-json\/wp\/v2\/types\/post"}],"author":[{"embeddable":true,"href":"https:\/\/contextoanalisisperiodistico.com\/index.php\/wp-json\/wp\/v2\/users\/4"}],"replies":[{"embeddable":true,"href":"https:\/\/contextoanalisisperiodistico.com\/index.php\/wp-json\/wp\/v2\/comments?post=19894"}],"version-history":[{"count":0,"href":"https:\/\/contextoanalisisperiodistico.com\/index.php\/wp-json\/wp\/v2\/posts\/19894\/revisions"}],"wp:featuredmedia":[{"embeddable":true,"href":"https:\/\/contextoanalisisperiodistico.com\/index.php\/wp-json\/wp\/v2\/media\/19892"}],"wp:attachment":[{"href":"https:\/\/contextoanalisisperiodistico.com\/index.php\/wp-json\/wp\/v2\/media?parent=19894"}],"wp:term":[{"taxonomy":"category","embeddable":true,"href":"https:\/\/contextoanalisisperiodistico.com\/index.php\/wp-json\/wp\/v2\/categories?post=19894"},{"taxonomy":"post_tag","embeddable":true,"href":"https:\/\/contextoanalisisperiodistico.com\/index.php\/wp-json\/wp\/v2\/tags?post=19894"}],"curies":[{"name":"wp","href":"https:\/\/api.w.org\/{rel}","templated":true}]}}