{"id":19836,"date":"2023-10-15T18:13:30","date_gmt":"2023-10-16T00:13:30","guid":{"rendered":"https:\/\/contextoanalisisperiodistico.com\/index.php\/2023\/10\/15\/voces-en-contexto\/"},"modified":"2023-10-15T18:13:30","modified_gmt":"2023-10-16T00:13:30","slug":"voces-en-contexto","status":"publish","type":"post","link":"https:\/\/contextoanalisisperiodistico.com\/index.php\/2023\/10\/15\/voces-en-contexto\/","title":{"rendered":"Voces en Contexto"},"content":{"rendered":"<div id=\"fb-root\"><\/div>\n\n<p>Palabras oficiales en la inauguraci\u00f3n de la edici\u00f3n 43 de la Feria Internacional del Libro de Oaxaca<\/p>\n\n\n\n<p><br>Mario GIR\u00d3N<\/p>\n\n\n\n<p>Por orden de aparici\u00f3n: <\/p>\n\n\n\n<p><br>Vania Res\u00e9ndiz Cerna, Directora General de la FILO<br>\u201cAbramos paso a la escucha para dialogar a trav\u00e9s de la lectura\u201d.<\/p>\n\n\n\n<p><br>Presidente municipal, Francisco Mart\u00ednez Neri:<br>\u201cDe todo coraz\u00f3n deseo encontremos en todas estas ricas expresiones de nuestro lenguaje la posibilidad de fortalecer nuestra identidad cultural e impulsar el desarrollo social de nuestros pueblos\u201d.<\/p>\n\n\n\n<p><br>Marina N\u00fa\u00f1ez Bespalova, subsecretaria de Desarrollo Cultural del Gobierno de M\u00e9xico:<br>\u201cEstas ferias toman las calles, acercan los libros a los lectores como pocos espacios lo hacen, y como un reto siempre presente, buscan nuevos ojos, nuevos cuerpos, nueva lectura\u201d.<\/p>\n\n\n\n<p><br>Salom\u00f3n Jara, gobernador Constitucional: <br>\u201cLa primavera oaxaque\u00f1a impulsa la lectura. Somos un pueblo leyendo para transformar su historia. En equipo con la sociedad civil, el Gobierno del Estado dice \u00a1si a la lectura!, \u00a1si a la divulgaci\u00f3n masiva de los libros! Lo estamos haciendo, somos congruentes. Como Gobierno del Estado, el primer acto de mi administraci\u00f3n fue la lectura frente a escolares. Hoy, el gobernador, secretarios y funcionarios, cumplimos el deber de repetirlo, leer y reflexionar ante alumnos, el d\u00eda primero de cada mes\u201d.<\/p>\n\n\n\n<figure class=\"wp-block-image size-large\"><img fetchpriority=\"high\" decoding=\"async\" width=\"494\" height=\"406\" src=\"https:\/\/contextoanalisisperiodistico.com\/wp-content\/uploads\/2023\/10\/screenshot_20231015_174349_facebook5887582021724314417.jpg\" alt=\"\" class=\"wp-image-19834\" srcset=\"https:\/\/contextoanalisisperiodistico.com\/wp-content\/uploads\/2023\/10\/screenshot_20231015_174349_facebook5887582021724314417.jpg 494w, https:\/\/contextoanalisisperiodistico.com\/wp-content\/uploads\/2023\/10\/screenshot_20231015_174349_facebook5887582021724314417-300x247.jpg 300w\" sizes=\"(max-width: 494px) 100vw, 494px\" \/><\/figure>\n\n\n\n<figure class=\"wp-block-image\"><img decoding=\"async\" width=\"300\" height=\"200\" src=\"https:\/\/contextoanalisisperiodistico.com\/wp-content\/uploads\/2023\/10\/fb_img_16974133387341169105138418355366-300x200.jpg\" alt=\"\" class=\"wp-image-19835\" srcset=\"https:\/\/contextoanalisisperiodistico.com\/wp-content\/uploads\/2023\/10\/fb_img_16974133387341169105138418355366-300x200.jpg 300w, https:\/\/contextoanalisisperiodistico.com\/wp-content\/uploads\/2023\/10\/fb_img_16974133387341169105138418355366.jpg 720w\" sizes=\"(max-width: 300px) 100vw, 300px\" \/><\/figure>\n\n\n\n<figure class=\"wp-block-image\"><img decoding=\"async\" width=\"300\" height=\"200\" src=\"https:\/\/contextoanalisisperiodistico.com\/wp-content\/uploads\/2023\/10\/fb_img_16974133573696235096731057422288-300x200.jpg\" alt=\"\" class=\"wp-image-19833\" srcset=\"https:\/\/contextoanalisisperiodistico.com\/wp-content\/uploads\/2023\/10\/fb_img_16974133573696235096731057422288-300x200.jpg 300w, https:\/\/contextoanalisisperiodistico.com\/wp-content\/uploads\/2023\/10\/fb_img_16974133573696235096731057422288.jpg 720w\" sizes=\"(max-width: 300px) 100vw, 300px\" \/><\/figure>\n","protected":false},"excerpt":{"rendered":"<p>Palabras oficiales en la inauguraci\u00f3n de la edici\u00f3n 43 de la Feria Internacional del Libro&#8230;<\/p>\n","protected":false},"author":4,"featured_media":19832,"comment_status":"","ping_status":"open","sticky":false,"template":"","format":"standard","meta":{"footnotes":""},"categories":[9],"tags":[],"jetpack_sharing_enabled":true,"featured_image_urls":{"full":["https:\/\/contextoanalisisperiodistico.com\/wp-content\/uploads\/2023\/10\/Screenshot_20231015_174434_Facebook.jpg",305,405,false],"thumbnail":["https:\/\/contextoanalisisperiodistico.com\/wp-content\/uploads\/2023\/10\/Screenshot_20231015_174434_Facebook-150x150.jpg",150,150,true],"medium":["https:\/\/contextoanalisisperiodistico.com\/wp-content\/uploads\/2023\/10\/Screenshot_20231015_174434_Facebook-226x300.jpg",226,300,true],"medium_large":["https:\/\/contextoanalisisperiodistico.com\/wp-content\/uploads\/2023\/10\/Screenshot_20231015_174434_Facebook.jpg",305,405,false],"large":["https:\/\/contextoanalisisperiodistico.com\/wp-content\/uploads\/2023\/10\/Screenshot_20231015_174434_Facebook.jpg",305,405,false],"1536x1536":["https:\/\/contextoanalisisperiodistico.com\/wp-content\/uploads\/2023\/10\/Screenshot_20231015_174434_Facebook.jpg",305,405,false],"2048x2048":["https:\/\/contextoanalisisperiodistico.com\/wp-content\/uploads\/2023\/10\/Screenshot_20231015_174434_Facebook.jpg",305,405,false],"covernews-slider-full":["https:\/\/contextoanalisisperiodistico.com\/wp-content\/uploads\/2023\/10\/Screenshot_20231015_174434_Facebook.jpg",305,405,false],"covernews-slider-center":["https:\/\/contextoanalisisperiodistico.com\/wp-content\/uploads\/2023\/10\/Screenshot_20231015_174434_Facebook.jpg",305,405,false],"covernews-featured":["https:\/\/contextoanalisisperiodistico.com\/wp-content\/uploads\/2023\/10\/Screenshot_20231015_174434_Facebook.jpg",305,405,false],"covernews-medium":["https:\/\/contextoanalisisperiodistico.com\/wp-content\/uploads\/2023\/10\/Screenshot_20231015_174434_Facebook-305x340.jpg",305,340,true],"covernews-medium-square":["https:\/\/contextoanalisisperiodistico.com\/wp-content\/uploads\/2023\/10\/Screenshot_20231015_174434_Facebook-305x250.jpg",305,250,true]},"author_info":{"display_name":"Mario Gir\u00f3n","author_link":"https:\/\/contextoanalisisperiodistico.com\/index.php\/author\/director\/"},"category_info":"<a href=\"https:\/\/contextoanalisisperiodistico.com\/index.php\/category\/politica\/\" rel=\"category tag\">Pol\u00edtica<\/a>","tag_info":"Pol\u00edtica","comment_count":"0","jetpack_featured_media_url":"https:\/\/contextoanalisisperiodistico.com\/wp-content\/uploads\/2023\/10\/Screenshot_20231015_174434_Facebook.jpg","_links":{"self":[{"href":"https:\/\/contextoanalisisperiodistico.com\/index.php\/wp-json\/wp\/v2\/posts\/19836"}],"collection":[{"href":"https:\/\/contextoanalisisperiodistico.com\/index.php\/wp-json\/wp\/v2\/posts"}],"about":[{"href":"https:\/\/contextoanalisisperiodistico.com\/index.php\/wp-json\/wp\/v2\/types\/post"}],"author":[{"embeddable":true,"href":"https:\/\/contextoanalisisperiodistico.com\/index.php\/wp-json\/wp\/v2\/users\/4"}],"replies":[{"embeddable":true,"href":"https:\/\/contextoanalisisperiodistico.com\/index.php\/wp-json\/wp\/v2\/comments?post=19836"}],"version-history":[{"count":0,"href":"https:\/\/contextoanalisisperiodistico.com\/index.php\/wp-json\/wp\/v2\/posts\/19836\/revisions"}],"wp:featuredmedia":[{"embeddable":true,"href":"https:\/\/contextoanalisisperiodistico.com\/index.php\/wp-json\/wp\/v2\/media\/19832"}],"wp:attachment":[{"href":"https:\/\/contextoanalisisperiodistico.com\/index.php\/wp-json\/wp\/v2\/media?parent=19836"}],"wp:term":[{"taxonomy":"category","embeddable":true,"href":"https:\/\/contextoanalisisperiodistico.com\/index.php\/wp-json\/wp\/v2\/categories?post=19836"},{"taxonomy":"post_tag","embeddable":true,"href":"https:\/\/contextoanalisisperiodistico.com\/index.php\/wp-json\/wp\/v2\/tags?post=19836"}],"curies":[{"name":"wp","href":"https:\/\/api.w.org\/{rel}","templated":true}]}}