{"id":19825,"date":"2023-10-15T18:02:17","date_gmt":"2023-10-16T00:02:17","guid":{"rendered":"https:\/\/contextoanalisisperiodistico.com\/index.php\/2023\/10\/15\/municipios-del-istmo-de-tehuantepec-beneficiados-con-obras-complementarias-al-proyecto-del-corredor-interoceanico\/"},"modified":"2023-10-15T18:02:17","modified_gmt":"2023-10-16T00:02:17","slug":"municipios-del-istmo-de-tehuantepec-beneficiados-con-obras-complementarias-al-proyecto-del-corredor-interoceanico","status":"publish","type":"post","link":"https:\/\/contextoanalisisperiodistico.com\/index.php\/2023\/10\/15\/municipios-del-istmo-de-tehuantepec-beneficiados-con-obras-complementarias-al-proyecto-del-corredor-interoceanico\/","title":{"rendered":"<em>Municipios del Istmo de Tehuantepec beneficiados con obras complementarias al proyecto del Corredor Interoce\u00e1nico<\/em>"},"content":{"rendered":"<div id=\"fb-root\"><\/div>\n\n<p>\u2022 Se destinan mil 860 millones de pesos para obras de infraestructura, unidades deportivas, espacio de cultura y centros educativos<\/p>\n\n\n\n<p>Regi\u00f3n del Istmo de Tehuantepec. 15 de octubre de 2023.- Municipios de esta regi\u00f3n donde se ubicar\u00e1 el Corredor Interoce\u00e1nico son beneficiados con obras que contemplan espacios para la cultura, educaci\u00f3n y actividad f\u00edsica con una inversi\u00f3n de mil 860 millones de pesos, inform\u00f3 el Gobernador Salom\u00f3n Jara Cruz, al inaugurar un paquete de obras en Mat\u00edas Romero Avenda\u00f1o y Santa Mar\u00eda Petapa.<\/p>\n\n\n\n<p>En Mat\u00edas Romero fue inaugurada la Casa de la Cultura con una inversi\u00f3n de 10 millones 458 mil 416 pesos, as\u00ed como el parque Daniel Gonz\u00e1lez Mart\u00ednez, como parte del compromiso del Gobierno de la Rep\u00fablica con esta poblaci\u00f3n<\/p>\n\n\n\n<p>Asimismo, se trabaja en la renovaci\u00f3n de la Estaci\u00f3n del Ferrocarril y el Palacio Municipal. Este paquete de obras tendr\u00e1 una inversi\u00f3n total de 130 millones de pesos tan solo en este municipio, acciones impulsadas por la Secretar\u00eda de Desarrollo Agrario, Territorial y Urbano (Sedatu) del Gobierno de M\u00e9xico.<\/p>\n\n\n\n<p>El Gobernador Salom\u00f3n Jara Cruz dijo que gracias al inter\u00e9s del Presidente Andr\u00e9s Manuel L\u00f3pez Obrador se moderniza tambi\u00e9n la carretera Acayucan-La Ventosa, que tendr\u00e1 un tr\u00e1nsito intenso de veh\u00edculos industriales, por un orden de 12 mil unidades de motor diarias, por lo que se construye tambi\u00e9n un libramiento para el municipio de Mat\u00edas Romero, a cargo de la Secretar\u00eda de Infraestructuras y Comunicaciones y Transportes del Gobierno de M\u00e9xico.<\/p>\n\n\n\n<p>En Santa Mar\u00eda Petapa fue inaugurada la construcci\u00f3n de la calle Ayuntamiento e intersecci\u00f3n con la calle 16 de Septiembre con una inversi\u00f3n de un mill\u00f3n 904 mil pesos.<\/p>\n\n\n\n<p>El Mandatario oaxaque\u00f1o dijo que estas obras tendr\u00e1n como complemento la carretera Mitla-Tehuantepec, otro eje que conectar\u00e1 con la capital del estado en menos tiempo y se prev\u00e9 que a mediados de 2024 ya est\u00e9 lista.<\/p>\n\n\n\n<p>Jara Cruz detall\u00f3 tambi\u00e9n que el Corredor Interoce\u00e1nico del Istmo de Tehuantepec pretende ser un corredor industrial, que generar\u00e1 empleo para las y los habitantes de esta regi\u00f3n, que contempla la construcci\u00f3n de 10 parques industriales denominados Parques de Desarrollo Bienestar, por lo que en breve iniciar\u00e1n las licitaciones con el sector empresarial, con la condici\u00f3n de que sea la gente del Istmo la que se integre a laborar.<\/p>\n\n\n\n<p>San Juan Guichicovi, Asunci\u00f3n Ixtaltepec, El Espinal, Santo Domingo Zanatepec, Juchit\u00e1n de Zaragoza, Salina Cruz y Santa Mar\u00eda Mixtequilla, son el resto de los municipios beneficiados donde se realizan estas obras. <code>-0-<\/code><\/p>\n\n\n\n<figure class=\"wp-block-image size-large\"><img fetchpriority=\"high\" decoding=\"async\" width=\"1024\" height=\"682\" src=\"https:\/\/contextoanalisisperiodistico.com\/wp-content\/uploads\/2023\/10\/img-20231015-wa00708574031289747025190-1024x682.jpg\" alt=\"\" class=\"wp-image-19821\" srcset=\"https:\/\/contextoanalisisperiodistico.com\/wp-content\/uploads\/2023\/10\/img-20231015-wa00708574031289747025190-1024x682.jpg 1024w, https:\/\/contextoanalisisperiodistico.com\/wp-content\/uploads\/2023\/10\/img-20231015-wa00708574031289747025190-300x200.jpg 300w, https:\/\/contextoanalisisperiodistico.com\/wp-content\/uploads\/2023\/10\/img-20231015-wa00708574031289747025190-768x512.jpg 768w, https:\/\/contextoanalisisperiodistico.com\/wp-content\/uploads\/2023\/10\/img-20231015-wa00708574031289747025190-1536x1023.jpg 1536w, https:\/\/contextoanalisisperiodistico.com\/wp-content\/uploads\/2023\/10\/img-20231015-wa00708574031289747025190.jpg 1600w\" sizes=\"(max-width: 1024px) 100vw, 1024px\" \/><\/figure>\n\n\n\n<figure class=\"wp-block-image\"><img decoding=\"async\" width=\"1024\" height=\"682\" src=\"https:\/\/contextoanalisisperiodistico.com\/wp-content\/uploads\/2023\/10\/img-20231015-wa00672256298833012570029-1024x682.jpg\" alt=\"\" class=\"wp-image-19822\" srcset=\"https:\/\/contextoanalisisperiodistico.com\/wp-content\/uploads\/2023\/10\/img-20231015-wa00672256298833012570029-1024x682.jpg 1024w, https:\/\/contextoanalisisperiodistico.com\/wp-content\/uploads\/2023\/10\/img-20231015-wa00672256298833012570029-300x200.jpg 300w, https:\/\/contextoanalisisperiodistico.com\/wp-content\/uploads\/2023\/10\/img-20231015-wa00672256298833012570029-768x512.jpg 768w, https:\/\/contextoanalisisperiodistico.com\/wp-content\/uploads\/2023\/10\/img-20231015-wa00672256298833012570029-1536x1023.jpg 1536w, https:\/\/contextoanalisisperiodistico.com\/wp-content\/uploads\/2023\/10\/img-20231015-wa00672256298833012570029.jpg 1600w\" sizes=\"(max-width: 1024px) 100vw, 1024px\" \/><\/figure>\n\n\n\n<figure class=\"wp-block-image\"><img decoding=\"async\" width=\"1024\" height=\"682\" src=\"https:\/\/contextoanalisisperiodistico.com\/wp-content\/uploads\/2023\/10\/img-20231015-wa00695225374940141831759-1024x682.jpg\" alt=\"\" class=\"wp-image-19824\" srcset=\"https:\/\/contextoanalisisperiodistico.com\/wp-content\/uploads\/2023\/10\/img-20231015-wa00695225374940141831759-1024x682.jpg 1024w, https:\/\/contextoanalisisperiodistico.com\/wp-content\/uploads\/2023\/10\/img-20231015-wa00695225374940141831759-300x200.jpg 300w, https:\/\/contextoanalisisperiodistico.com\/wp-content\/uploads\/2023\/10\/img-20231015-wa00695225374940141831759-768x512.jpg 768w, https:\/\/contextoanalisisperiodistico.com\/wp-content\/uploads\/2023\/10\/img-20231015-wa00695225374940141831759-1536x1023.jpg 1536w, https:\/\/contextoanalisisperiodistico.com\/wp-content\/uploads\/2023\/10\/img-20231015-wa00695225374940141831759.jpg 1600w\" sizes=\"(max-width: 1024px) 100vw, 1024px\" \/><\/figure>\n\n\n\n<figure class=\"wp-block-image\"><img loading=\"lazy\" decoding=\"async\" width=\"1024\" height=\"682\" src=\"https:\/\/contextoanalisisperiodistico.com\/wp-content\/uploads\/2023\/10\/img-20231015-wa00662717292471569381147-1024x682.jpg\" alt=\"\" class=\"wp-image-19823\" srcset=\"https:\/\/contextoanalisisperiodistico.com\/wp-content\/uploads\/2023\/10\/img-20231015-wa00662717292471569381147-1024x682.jpg 1024w, https:\/\/contextoanalisisperiodistico.com\/wp-content\/uploads\/2023\/10\/img-20231015-wa00662717292471569381147-300x200.jpg 300w, https:\/\/contextoanalisisperiodistico.com\/wp-content\/uploads\/2023\/10\/img-20231015-wa00662717292471569381147-768x512.jpg 768w, https:\/\/contextoanalisisperiodistico.com\/wp-content\/uploads\/2023\/10\/img-20231015-wa00662717292471569381147-1536x1023.jpg 1536w, https:\/\/contextoanalisisperiodistico.com\/wp-content\/uploads\/2023\/10\/img-20231015-wa00662717292471569381147.jpg 1600w\" sizes=\"(max-width: 1024px) 100vw, 1024px\" \/><\/figure>\n","protected":false},"excerpt":{"rendered":"<p>\u2022 Se destinan mil 860 millones de pesos para obras de infraestructura, unidades deportivas, espacio&#8230;<\/p>\n","protected":false},"author":4,"featured_media":19820,"comment_status":"","ping_status":"open","sticky":false,"template":"","format":"standard","meta":{"footnotes":""},"categories":[9],"tags":[],"jetpack_sharing_enabled":true,"featured_image_urls":{"full":["https:\/\/contextoanalisisperiodistico.com\/wp-content\/uploads\/2023\/10\/IMG-20231015-WA0068.jpg",1600,1066,false],"thumbnail":["https:\/\/contextoanalisisperiodistico.com\/wp-content\/uploads\/2023\/10\/IMG-20231015-WA0068-150x150.jpg",150,150,true],"medium":["https:\/\/contextoanalisisperiodistico.com\/wp-content\/uploads\/2023\/10\/IMG-20231015-WA0068-300x200.jpg",300,200,true],"medium_large":["https:\/\/contextoanalisisperiodistico.com\/wp-content\/uploads\/2023\/10\/IMG-20231015-WA0068-768x512.jpg",640,427,true],"large":["https:\/\/contextoanalisisperiodistico.com\/wp-content\/uploads\/2023\/10\/IMG-20231015-WA0068-1024x682.jpg",640,426,true],"1536x1536":["https:\/\/contextoanalisisperiodistico.com\/wp-content\/uploads\/2023\/10\/IMG-20231015-WA0068-1536x1023.jpg",1536,1023,true],"2048x2048":["https:\/\/contextoanalisisperiodistico.com\/wp-content\/uploads\/2023\/10\/IMG-20231015-WA0068.jpg",1600,1066,false],"covernews-slider-full":["https:\/\/contextoanalisisperiodistico.com\/wp-content\/uploads\/2023\/10\/IMG-20231015-WA0068-1115x715.jpg",1115,715,true],"covernews-slider-center":["https:\/\/contextoanalisisperiodistico.com\/wp-content\/uploads\/2023\/10\/IMG-20231015-WA0068-800x500.jpg",800,500,true],"covernews-featured":["https:\/\/contextoanalisisperiodistico.com\/wp-content\/uploads\/2023\/10\/IMG-20231015-WA0068-1024x682.jpg",1024,682,true],"covernews-medium":["https:\/\/contextoanalisisperiodistico.com\/wp-content\/uploads\/2023\/10\/IMG-20231015-WA0068-540x340.jpg",540,340,true],"covernews-medium-square":["https:\/\/contextoanalisisperiodistico.com\/wp-content\/uploads\/2023\/10\/IMG-20231015-WA0068-400x250.jpg",400,250,true]},"author_info":{"display_name":"Mario Gir\u00f3n","author_link":"https:\/\/contextoanalisisperiodistico.com\/index.php\/author\/director\/"},"category_info":"<a href=\"https:\/\/contextoanalisisperiodistico.com\/index.php\/category\/politica\/\" rel=\"category tag\">Pol\u00edtica<\/a>","tag_info":"Pol\u00edtica","comment_count":"0","jetpack_featured_media_url":"https:\/\/contextoanalisisperiodistico.com\/wp-content\/uploads\/2023\/10\/IMG-20231015-WA0068.jpg","_links":{"self":[{"href":"https:\/\/contextoanalisisperiodistico.com\/index.php\/wp-json\/wp\/v2\/posts\/19825"}],"collection":[{"href":"https:\/\/contextoanalisisperiodistico.com\/index.php\/wp-json\/wp\/v2\/posts"}],"about":[{"href":"https:\/\/contextoanalisisperiodistico.com\/index.php\/wp-json\/wp\/v2\/types\/post"}],"author":[{"embeddable":true,"href":"https:\/\/contextoanalisisperiodistico.com\/index.php\/wp-json\/wp\/v2\/users\/4"}],"replies":[{"embeddable":true,"href":"https:\/\/contextoanalisisperiodistico.com\/index.php\/wp-json\/wp\/v2\/comments?post=19825"}],"version-history":[{"count":0,"href":"https:\/\/contextoanalisisperiodistico.com\/index.php\/wp-json\/wp\/v2\/posts\/19825\/revisions"}],"wp:featuredmedia":[{"embeddable":true,"href":"https:\/\/contextoanalisisperiodistico.com\/index.php\/wp-json\/wp\/v2\/media\/19820"}],"wp:attachment":[{"href":"https:\/\/contextoanalisisperiodistico.com\/index.php\/wp-json\/wp\/v2\/media?parent=19825"}],"wp:term":[{"taxonomy":"category","embeddable":true,"href":"https:\/\/contextoanalisisperiodistico.com\/index.php\/wp-json\/wp\/v2\/categories?post=19825"},{"taxonomy":"post_tag","embeddable":true,"href":"https:\/\/contextoanalisisperiodistico.com\/index.php\/wp-json\/wp\/v2\/tags?post=19825"}],"curies":[{"name":"wp","href":"https:\/\/api.w.org\/{rel}","templated":true}]}}