{"id":19811,"date":"2023-10-15T15:07:29","date_gmt":"2023-10-15T21:07:29","guid":{"rendered":"https:\/\/contextoanalisisperiodistico.com\/index.php\/2023\/10\/15\/con-trabajo-comunitario-tequios-bienestar-fomentan-espacios-dignos-y-seguros\/"},"modified":"2023-10-15T15:07:29","modified_gmt":"2023-10-15T21:07:29","slug":"con-trabajo-comunitario-tequios-bienestar-fomentan-espacios-dignos-y-seguros","status":"publish","type":"post","link":"https:\/\/contextoanalisisperiodistico.com\/index.php\/2023\/10\/15\/con-trabajo-comunitario-tequios-bienestar-fomentan-espacios-dignos-y-seguros\/","title":{"rendered":"Con trabajo comunitario Tequios Bienestar fomentan  espacios dignos y seguros"},"content":{"rendered":"<div id=\"fb-root\"><\/div>\n\n<p>\u2022 Por segundo fin de semana consecutivo se llevaron a cabo acciones de limpieza a orillas del R\u00edo Atoyac<\/p>\n\n\n\n<p>Oaxaca de Ju\u00e1rez, Oax. 15 de octubre de 2023. Con el prop\u00f3sito de limpiar y recuperar espacios que sean dignos y seguros para las familias oaxaque\u00f1as, el Gobierno de Oaxaca mediante la Secretar\u00eda de Bienestar, Tequio e Inclusi\u00f3n (Sebienti) coordin\u00f3 los trabajos del Tequio Bienestar realizado este domingo en riveras del R\u00edo Atoyac cerca de la antigua F\u00e1brica de Triplay.<\/p>\n\n\n\n<p>La encargada de despacho de la Sebienti M\u00f3nica Bel\u00e9n L\u00f3pez Javier coment\u00f3 que por instrucci\u00f3n del Gobernador Salom\u00f3n Jara Cruz, y como parte del Eje de Reparaci\u00f3n Hist\u00f3rica de los Pueblos se contin\u00faan impulsando los Tequios Bienestar en las ocho regiones de Oaxaca.<\/p>\n\n\n\n<p>Puntualiz\u00f3 que en esta ocasi\u00f3n por segundo domingo consecutivo se realiz\u00f3 el trabajo comunitario en esta importante zona contando con la valiosa participaci\u00f3n del personal de 13 instancias gubernamentales as\u00ed como de los municipios de San Jacinto Amilpas y de Santa Cruz Xoxocotl\u00e1n.<\/p>\n\n\n\n<p>Explic\u00f3 que las acciones consistieron en barrido, corta de maleza, carrizo y recolecci\u00f3n de residuos org\u00e1nicos e inorg\u00e1nicos, adem\u00e1s que con el apoyo de maquinaria se retir\u00f3 escombros y tambi\u00e9n se realizaron cajetes para la contenci\u00f3n de agua en los \u00e1rboles.<\/p>\n\n\n\n<p>En este sentido la encargada del despacho, M\u00f3nica Bel\u00e9n L\u00f3pez Javier reconoci\u00f3 a las y los participantes por su valiosa aportaci\u00f3n al sumarse al Tequio Bienestar con el fin de contribuir en la recuperaci\u00f3n y limpieza de este importante afluente de la capital oaxaque\u00f1a.<\/p>\n\n\n\n<p>-0-<\/p>\n\n\n\n<figure class=\"wp-block-image size-large\"><img fetchpriority=\"high\" decoding=\"async\" width=\"1024\" height=\"684\" src=\"https:\/\/contextoanalisisperiodistico.com\/wp-content\/uploads\/2023\/10\/img-20231015-wa00456605439925109011188-1024x684.jpg\" alt=\"\" class=\"wp-image-19808\" srcset=\"https:\/\/contextoanalisisperiodistico.com\/wp-content\/uploads\/2023\/10\/img-20231015-wa00456605439925109011188-1024x684.jpg 1024w, https:\/\/contextoanalisisperiodistico.com\/wp-content\/uploads\/2023\/10\/img-20231015-wa00456605439925109011188-300x200.jpg 300w, https:\/\/contextoanalisisperiodistico.com\/wp-content\/uploads\/2023\/10\/img-20231015-wa00456605439925109011188-768x513.jpg 768w, https:\/\/contextoanalisisperiodistico.com\/wp-content\/uploads\/2023\/10\/img-20231015-wa00456605439925109011188-1536x1025.jpg 1536w, https:\/\/contextoanalisisperiodistico.com\/wp-content\/uploads\/2023\/10\/img-20231015-wa00456605439925109011188.jpg 1600w\" sizes=\"(max-width: 1024px) 100vw, 1024px\" \/><\/figure>\n\n\n\n<figure class=\"wp-block-image\"><img decoding=\"async\" width=\"1024\" height=\"684\" src=\"https:\/\/contextoanalisisperiodistico.com\/wp-content\/uploads\/2023\/10\/img-20231015-wa00432889983132863885754-1024x684.jpg\" alt=\"\" class=\"wp-image-19809\" srcset=\"https:\/\/contextoanalisisperiodistico.com\/wp-content\/uploads\/2023\/10\/img-20231015-wa00432889983132863885754-1024x684.jpg 1024w, https:\/\/contextoanalisisperiodistico.com\/wp-content\/uploads\/2023\/10\/img-20231015-wa00432889983132863885754-300x200.jpg 300w, https:\/\/contextoanalisisperiodistico.com\/wp-content\/uploads\/2023\/10\/img-20231015-wa00432889983132863885754-768x513.jpg 768w, https:\/\/contextoanalisisperiodistico.com\/wp-content\/uploads\/2023\/10\/img-20231015-wa00432889983132863885754-1536x1025.jpg 1536w, https:\/\/contextoanalisisperiodistico.com\/wp-content\/uploads\/2023\/10\/img-20231015-wa00432889983132863885754.jpg 1600w\" sizes=\"(max-width: 1024px) 100vw, 1024px\" \/><\/figure>\n\n\n\n<figure class=\"wp-block-image\"><img decoding=\"async\" width=\"1024\" height=\"684\" src=\"https:\/\/contextoanalisisperiodistico.com\/wp-content\/uploads\/2023\/10\/img-20231015-wa00444393797678653613502-1024x684.jpg\" alt=\"\" class=\"wp-image-19810\" srcset=\"https:\/\/contextoanalisisperiodistico.com\/wp-content\/uploads\/2023\/10\/img-20231015-wa00444393797678653613502-1024x684.jpg 1024w, https:\/\/contextoanalisisperiodistico.com\/wp-content\/uploads\/2023\/10\/img-20231015-wa00444393797678653613502-300x200.jpg 300w, https:\/\/contextoanalisisperiodistico.com\/wp-content\/uploads\/2023\/10\/img-20231015-wa00444393797678653613502-768x513.jpg 768w, https:\/\/contextoanalisisperiodistico.com\/wp-content\/uploads\/2023\/10\/img-20231015-wa00444393797678653613502-1536x1025.jpg 1536w, https:\/\/contextoanalisisperiodistico.com\/wp-content\/uploads\/2023\/10\/img-20231015-wa00444393797678653613502.jpg 1600w\" sizes=\"(max-width: 1024px) 100vw, 1024px\" \/><\/figure>\n\n\n\n<figure class=\"wp-block-image\"><img loading=\"lazy\" decoding=\"async\" width=\"1024\" height=\"684\" src=\"https:\/\/contextoanalisisperiodistico.com\/wp-content\/uploads\/2023\/10\/img-20231015-wa00414477359135518761321-1024x684.jpg\" alt=\"\" class=\"wp-image-19806\" srcset=\"https:\/\/contextoanalisisperiodistico.com\/wp-content\/uploads\/2023\/10\/img-20231015-wa00414477359135518761321-1024x684.jpg 1024w, https:\/\/contextoanalisisperiodistico.com\/wp-content\/uploads\/2023\/10\/img-20231015-wa00414477359135518761321-300x200.jpg 300w, https:\/\/contextoanalisisperiodistico.com\/wp-content\/uploads\/2023\/10\/img-20231015-wa00414477359135518761321-768x513.jpg 768w, https:\/\/contextoanalisisperiodistico.com\/wp-content\/uploads\/2023\/10\/img-20231015-wa00414477359135518761321-1536x1025.jpg 1536w, https:\/\/contextoanalisisperiodistico.com\/wp-content\/uploads\/2023\/10\/img-20231015-wa00414477359135518761321.jpg 1600w\" sizes=\"(max-width: 1024px) 100vw, 1024px\" \/><\/figure>\n\n\n\n<figure class=\"wp-block-image\"><img loading=\"lazy\" decoding=\"async\" width=\"1024\" height=\"684\" src=\"https:\/\/contextoanalisisperiodistico.com\/wp-content\/uploads\/2023\/10\/img-20231015-wa00424235001055140796679-1024x684.jpg\" alt=\"\" class=\"wp-image-19807\" srcset=\"https:\/\/contextoanalisisperiodistico.com\/wp-content\/uploads\/2023\/10\/img-20231015-wa00424235001055140796679-1024x684.jpg 1024w, https:\/\/contextoanalisisperiodistico.com\/wp-content\/uploads\/2023\/10\/img-20231015-wa00424235001055140796679-300x200.jpg 300w, https:\/\/contextoanalisisperiodistico.com\/wp-content\/uploads\/2023\/10\/img-20231015-wa00424235001055140796679-768x513.jpg 768w, https:\/\/contextoanalisisperiodistico.com\/wp-content\/uploads\/2023\/10\/img-20231015-wa00424235001055140796679-1536x1025.jpg 1536w, https:\/\/contextoanalisisperiodistico.com\/wp-content\/uploads\/2023\/10\/img-20231015-wa00424235001055140796679.jpg 1600w\" sizes=\"(max-width: 1024px) 100vw, 1024px\" \/><\/figure>\n","protected":false},"excerpt":{"rendered":"<p>\u2022 Por segundo fin de semana consecutivo se llevaron a cabo acciones de limpieza a&#8230;<\/p>\n","protected":false},"author":4,"featured_media":19805,"comment_status":"","ping_status":"open","sticky":false,"template":"","format":"standard","meta":{"footnotes":""},"categories":[3],"tags":[],"jetpack_sharing_enabled":true,"featured_image_urls":{"full":["https:\/\/contextoanalisisperiodistico.com\/wp-content\/uploads\/2023\/10\/IMG-20231015-WA0046.jpg",1600,960,false],"thumbnail":["https:\/\/contextoanalisisperiodistico.com\/wp-content\/uploads\/2023\/10\/IMG-20231015-WA0046-150x150.jpg",150,150,true],"medium":["https:\/\/contextoanalisisperiodistico.com\/wp-content\/uploads\/2023\/10\/IMG-20231015-WA0046-300x180.jpg",300,180,true],"medium_large":["https:\/\/contextoanalisisperiodistico.com\/wp-content\/uploads\/2023\/10\/IMG-20231015-WA0046-768x461.jpg",640,384,true],"large":["https:\/\/contextoanalisisperiodistico.com\/wp-content\/uploads\/2023\/10\/IMG-20231015-WA0046-1024x614.jpg",640,384,true],"1536x1536":["https:\/\/contextoanalisisperiodistico.com\/wp-content\/uploads\/2023\/10\/IMG-20231015-WA0046-1536x922.jpg",1536,922,true],"2048x2048":["https:\/\/contextoanalisisperiodistico.com\/wp-content\/uploads\/2023\/10\/IMG-20231015-WA0046.jpg",1600,960,false],"covernews-slider-full":["https:\/\/contextoanalisisperiodistico.com\/wp-content\/uploads\/2023\/10\/IMG-20231015-WA0046-1115x715.jpg",1115,715,true],"covernews-slider-center":["https:\/\/contextoanalisisperiodistico.com\/wp-content\/uploads\/2023\/10\/IMG-20231015-WA0046-800x500.jpg",800,500,true],"covernews-featured":["https:\/\/contextoanalisisperiodistico.com\/wp-content\/uploads\/2023\/10\/IMG-20231015-WA0046-1024x614.jpg",1024,614,true],"covernews-medium":["https:\/\/contextoanalisisperiodistico.com\/wp-content\/uploads\/2023\/10\/IMG-20231015-WA0046-540x340.jpg",540,340,true],"covernews-medium-square":["https:\/\/contextoanalisisperiodistico.com\/wp-content\/uploads\/2023\/10\/IMG-20231015-WA0046-400x250.jpg",400,250,true]},"author_info":{"display_name":"Mario Gir\u00f3n","author_link":"https:\/\/contextoanalisisperiodistico.com\/index.php\/author\/director\/"},"category_info":"<a href=\"https:\/\/contextoanalisisperiodistico.com\/index.php\/category\/ciudad\/\" rel=\"category tag\">Ciudad<\/a>","tag_info":"Ciudad","comment_count":"0","jetpack_featured_media_url":"https:\/\/contextoanalisisperiodistico.com\/wp-content\/uploads\/2023\/10\/IMG-20231015-WA0046.jpg","_links":{"self":[{"href":"https:\/\/contextoanalisisperiodistico.com\/index.php\/wp-json\/wp\/v2\/posts\/19811"}],"collection":[{"href":"https:\/\/contextoanalisisperiodistico.com\/index.php\/wp-json\/wp\/v2\/posts"}],"about":[{"href":"https:\/\/contextoanalisisperiodistico.com\/index.php\/wp-json\/wp\/v2\/types\/post"}],"author":[{"embeddable":true,"href":"https:\/\/contextoanalisisperiodistico.com\/index.php\/wp-json\/wp\/v2\/users\/4"}],"replies":[{"embeddable":true,"href":"https:\/\/contextoanalisisperiodistico.com\/index.php\/wp-json\/wp\/v2\/comments?post=19811"}],"version-history":[{"count":0,"href":"https:\/\/contextoanalisisperiodistico.com\/index.php\/wp-json\/wp\/v2\/posts\/19811\/revisions"}],"wp:featuredmedia":[{"embeddable":true,"href":"https:\/\/contextoanalisisperiodistico.com\/index.php\/wp-json\/wp\/v2\/media\/19805"}],"wp:attachment":[{"href":"https:\/\/contextoanalisisperiodistico.com\/index.php\/wp-json\/wp\/v2\/media?parent=19811"}],"wp:term":[{"taxonomy":"category","embeddable":true,"href":"https:\/\/contextoanalisisperiodistico.com\/index.php\/wp-json\/wp\/v2\/categories?post=19811"},{"taxonomy":"post_tag","embeddable":true,"href":"https:\/\/contextoanalisisperiodistico.com\/index.php\/wp-json\/wp\/v2\/tags?post=19811"}],"curies":[{"name":"wp","href":"https:\/\/api.w.org\/{rel}","templated":true}]}}