{"id":19803,"date":"2023-10-15T13:48:17","date_gmt":"2023-10-15T19:48:17","guid":{"rendered":"https:\/\/contextoanalisisperiodistico.com\/index.php\/2023\/10\/15\/dan-a-conocer-a-maestras-y-maestros-artesanos-ganadores-de-la-medalla-a-la-trayectoria-en-arte-popular-2023\/"},"modified":"2023-10-15T13:50:20","modified_gmt":"2023-10-15T19:50:20","slug":"dan-a-conocer-a-maestras-y-maestros-artesanos-ganadores-de-la-medalla-a-la-trayectoria-en-arte-popular-2023","status":"publish","type":"post","link":"https:\/\/contextoanalisisperiodistico.com\/index.php\/2023\/10\/15\/dan-a-conocer-a-maestras-y-maestros-artesanos-ganadores-de-la-medalla-a-la-trayectoria-en-arte-popular-2023\/","title":{"rendered":"Maestras y maestros artesanos ganadores de la Medalla a la Trayectoria en Arte Popular 2023"},"content":{"rendered":"<div id=\"fb-root\"><\/div>\n\n<p>\u2022 El titular de la Secretar\u00eda de las Culturas y Artes V\u00edctor Cata reconoci\u00f3 la labor de las y los artesanos de Oaxaca<\/p>\n\n\n\n<p>\u2022 El 21 de octubre se realizar\u00e1 una ceremonia en honor a las personas ganadoras<br \/>Oaxaca de Ju\u00e1rez, Oax. 15 de octubre de 2023.- La Secretar\u00eda de las Culturas y Artes dio a conocer a las y los artesanos ganadores de la Medalla a la Trayectoria en Arte Popular 2023, luego de la convocatoria que se lanz\u00f3 en septiembre pasado.<\/p>\n\n\n\n<p>Para este reconocimiento se postularon a representantes del oficio artesanal con experiencia comprobable de m\u00e1s de 40 a\u00f1os en la elaboraci\u00f3n y\/o producci\u00f3n de arte popular en sus diversas manifestaciones.<\/p>\n\n\n\n<p>En la categor\u00eda Reconocimiento local fueron seleccionados Lydia Anastasia Colmenares L\u00f3pez, y Aristeo Moreno, ambos artesanos de barro negro de San Bartolo Coyotepec.<\/p>\n\n\n\n<p>En la categor\u00eda Reconocimiento Estatal destaca Antonina Esther Cornelio S\u00e1nchez, artesana de bordado y deshilado de San Antonino Castillo Velasco, y Aar\u00f3n Foster Velasco Pacheco, artesano dedicado a la hojalater\u00eda de Oaxaca de Ju\u00e1rez.<\/p>\n\n\n\n<p>Las y los ganadores obtendr\u00e1n el premio que consiste en un est\u00edmulo econ\u00f3mico por la cantidad de 20 mil pesos; en tanto, la entrega de los reconocimientos se realizar\u00e1 en una ceremonia el pr\u00f3ximo 21 de octubre en el Museo Estatal de Arte Popular de Oaxaca (MEAPO).<\/p>\n\n\n\n<p>Al respecto, el titular de la Secretar\u00eda de las Culturas y Artes, V\u00edctor Cata, celebr\u00f3 la selecci\u00f3n de las y los ganadores.\u00bbNuestras artesanas y artesanos son portadores del legado cultural de los pueblos y comunidades, donde la herencia de generaciones se mantiene viva en el trabajo que da vida a las creaciones, que distinguen a Oaxaca ante el mundo\u00bb, dijo.<\/p>\n\n\n\n<p>La lista de las y los ganadores est\u00e1 disponible en el enlace: https:\/\/www.oaxaca.gob.mx\/seculta\/medalla-de-arte-popular-2023-artesanas-y-artesanos-seleccionados\/.<br \/>-0-<\/p>\n","protected":false},"excerpt":{"rendered":"<p>\u2022 El titular de la Secretar\u00eda de las Culturas y Artes V\u00edctor Cata reconoci\u00f3 la&#8230;<\/p>\n","protected":false},"author":4,"featured_media":19802,"comment_status":"closed","ping_status":"open","sticky":false,"template":"","format":"standard","meta":{"footnotes":""},"categories":[4],"tags":[],"jetpack_sharing_enabled":true,"featured_image_urls":{"full":["https:\/\/contextoanalisisperiodistico.com\/wp-content\/uploads\/2023\/10\/IMG-20231015-WA0029.jpg",1229,1600,false],"thumbnail":["https:\/\/contextoanalisisperiodistico.com\/wp-content\/uploads\/2023\/10\/IMG-20231015-WA0029-150x150.jpg",150,150,true],"medium":["https:\/\/contextoanalisisperiodistico.com\/wp-content\/uploads\/2023\/10\/IMG-20231015-WA0029-230x300.jpg",230,300,true],"medium_large":["https:\/\/contextoanalisisperiodistico.com\/wp-content\/uploads\/2023\/10\/IMG-20231015-WA0029-768x1000.jpg",640,833,true],"large":["https:\/\/contextoanalisisperiodistico.com\/wp-content\/uploads\/2023\/10\/IMG-20231015-WA0029-787x1024.jpg",640,833,true],"1536x1536":["https:\/\/contextoanalisisperiodistico.com\/wp-content\/uploads\/2023\/10\/IMG-20231015-WA0029-1180x1536.jpg",1180,1536,true],"2048x2048":["https:\/\/contextoanalisisperiodistico.com\/wp-content\/uploads\/2023\/10\/IMG-20231015-WA0029.jpg",1229,1600,false],"covernews-slider-full":["https:\/\/contextoanalisisperiodistico.com\/wp-content\/uploads\/2023\/10\/IMG-20231015-WA0029-1115x715.jpg",1115,715,true],"covernews-slider-center":["https:\/\/contextoanalisisperiodistico.com\/wp-content\/uploads\/2023\/10\/IMG-20231015-WA0029-800x500.jpg",800,500,true],"covernews-featured":["https:\/\/contextoanalisisperiodistico.com\/wp-content\/uploads\/2023\/10\/IMG-20231015-WA0029-1024x1333.jpg",1024,1333,true],"covernews-medium":["https:\/\/contextoanalisisperiodistico.com\/wp-content\/uploads\/2023\/10\/IMG-20231015-WA0029-540x340.jpg",540,340,true],"covernews-medium-square":["https:\/\/contextoanalisisperiodistico.com\/wp-content\/uploads\/2023\/10\/IMG-20231015-WA0029-400x250.jpg",400,250,true]},"author_info":{"display_name":"Mario Gir\u00f3n","author_link":"https:\/\/contextoanalisisperiodistico.com\/index.php\/author\/director\/"},"category_info":"<a href=\"https:\/\/contextoanalisisperiodistico.com\/index.php\/category\/cultura\/\" rel=\"category tag\">Cultura<\/a>","tag_info":"Cultura","comment_count":"0","jetpack_featured_media_url":"https:\/\/contextoanalisisperiodistico.com\/wp-content\/uploads\/2023\/10\/IMG-20231015-WA0029.jpg","_links":{"self":[{"href":"https:\/\/contextoanalisisperiodistico.com\/index.php\/wp-json\/wp\/v2\/posts\/19803"}],"collection":[{"href":"https:\/\/contextoanalisisperiodistico.com\/index.php\/wp-json\/wp\/v2\/posts"}],"about":[{"href":"https:\/\/contextoanalisisperiodistico.com\/index.php\/wp-json\/wp\/v2\/types\/post"}],"author":[{"embeddable":true,"href":"https:\/\/contextoanalisisperiodistico.com\/index.php\/wp-json\/wp\/v2\/users\/4"}],"replies":[{"embeddable":true,"href":"https:\/\/contextoanalisisperiodistico.com\/index.php\/wp-json\/wp\/v2\/comments?post=19803"}],"version-history":[{"count":1,"href":"https:\/\/contextoanalisisperiodistico.com\/index.php\/wp-json\/wp\/v2\/posts\/19803\/revisions"}],"predecessor-version":[{"id":19804,"href":"https:\/\/contextoanalisisperiodistico.com\/index.php\/wp-json\/wp\/v2\/posts\/19803\/revisions\/19804"}],"wp:featuredmedia":[{"embeddable":true,"href":"https:\/\/contextoanalisisperiodistico.com\/index.php\/wp-json\/wp\/v2\/media\/19802"}],"wp:attachment":[{"href":"https:\/\/contextoanalisisperiodistico.com\/index.php\/wp-json\/wp\/v2\/media?parent=19803"}],"wp:term":[{"taxonomy":"category","embeddable":true,"href":"https:\/\/contextoanalisisperiodistico.com\/index.php\/wp-json\/wp\/v2\/categories?post=19803"},{"taxonomy":"post_tag","embeddable":true,"href":"https:\/\/contextoanalisisperiodistico.com\/index.php\/wp-json\/wp\/v2\/tags?post=19803"}],"curies":[{"name":"wp","href":"https:\/\/api.w.org\/{rel}","templated":true}]}}