{"id":19766,"date":"2023-10-14T21:12:16","date_gmt":"2023-10-15T03:12:16","guid":{"rendered":"https:\/\/contextoanalisisperiodistico.com\/index.php\/2023\/10\/14\/cortv-promueve-la-cultura-a-traves-de-transmisiones-especiales\/"},"modified":"2023-10-14T21:12:16","modified_gmt":"2023-10-15T03:12:16","slug":"cortv-promueve-la-cultura-a-traves-de-transmisiones-especiales","status":"publish","type":"post","link":"https:\/\/contextoanalisisperiodistico.com\/index.php\/2023\/10\/14\/cortv-promueve-la-cultura-a-traves-de-transmisiones-especiales\/","title":{"rendered":"Cortv promueve la cultura a trav\u00e9s de transmisiones especiales"},"content":{"rendered":"<div id=\"fb-root\"><\/div>\n\n<p>\u2022 Doce horas, 70 personas trabajando minuto a minuto para ofrecer a las audiencias transmisiones en vivo<\/p>\n\n\n\n<figure class=\"wp-block-image size-large\"><img fetchpriority=\"high\" decoding=\"async\" width=\"1024\" height=\"769\" src=\"https:\/\/contextoanalisisperiodistico.com\/wp-content\/uploads\/2023\/10\/img-20231014-wa01024249107893542104195-1024x769.jpg\" alt=\"\" class=\"wp-image-19765\" srcset=\"https:\/\/contextoanalisisperiodistico.com\/wp-content\/uploads\/2023\/10\/img-20231014-wa01024249107893542104195-1024x769.jpg 1024w, https:\/\/contextoanalisisperiodistico.com\/wp-content\/uploads\/2023\/10\/img-20231014-wa01024249107893542104195-300x225.jpg 300w, https:\/\/contextoanalisisperiodistico.com\/wp-content\/uploads\/2023\/10\/img-20231014-wa01024249107893542104195-768x576.jpg 768w, https:\/\/contextoanalisisperiodistico.com\/wp-content\/uploads\/2023\/10\/img-20231014-wa01024249107893542104195-1536x1153.jpg 1536w, https:\/\/contextoanalisisperiodistico.com\/wp-content\/uploads\/2023\/10\/img-20231014-wa01024249107893542104195.jpg 1600w\" sizes=\"(max-width: 1024px) 100vw, 1024px\" \/><\/figure>\n\n\n\n<figure class=\"wp-block-image\"><img decoding=\"async\" width=\"1024\" height=\"769\" src=\"https:\/\/contextoanalisisperiodistico.com\/wp-content\/uploads\/2023\/10\/img-20231014-wa01015271872342481091475-1024x769.jpg\" alt=\"\" class=\"wp-image-19763\" srcset=\"https:\/\/contextoanalisisperiodistico.com\/wp-content\/uploads\/2023\/10\/img-20231014-wa01015271872342481091475-1024x769.jpg 1024w, https:\/\/contextoanalisisperiodistico.com\/wp-content\/uploads\/2023\/10\/img-20231014-wa01015271872342481091475-300x225.jpg 300w, https:\/\/contextoanalisisperiodistico.com\/wp-content\/uploads\/2023\/10\/img-20231014-wa01015271872342481091475-768x576.jpg 768w, https:\/\/contextoanalisisperiodistico.com\/wp-content\/uploads\/2023\/10\/img-20231014-wa01015271872342481091475-1536x1153.jpg 1536w, https:\/\/contextoanalisisperiodistico.com\/wp-content\/uploads\/2023\/10\/img-20231014-wa01015271872342481091475.jpg 1600w\" sizes=\"(max-width: 1024px) 100vw, 1024px\" \/><\/figure>\n\n\n\n<figure class=\"wp-block-image\"><img decoding=\"async\" width=\"1024\" height=\"769\" src=\"https:\/\/contextoanalisisperiodistico.com\/wp-content\/uploads\/2023\/10\/img-20231014-wa0103526042632690970554-1024x769.jpg\" alt=\"\" class=\"wp-image-19764\" srcset=\"https:\/\/contextoanalisisperiodistico.com\/wp-content\/uploads\/2023\/10\/img-20231014-wa0103526042632690970554-1024x769.jpg 1024w, https:\/\/contextoanalisisperiodistico.com\/wp-content\/uploads\/2023\/10\/img-20231014-wa0103526042632690970554-300x225.jpg 300w, https:\/\/contextoanalisisperiodistico.com\/wp-content\/uploads\/2023\/10\/img-20231014-wa0103526042632690970554-768x576.jpg 768w, https:\/\/contextoanalisisperiodistico.com\/wp-content\/uploads\/2023\/10\/img-20231014-wa0103526042632690970554-1536x1153.jpg 1536w, https:\/\/contextoanalisisperiodistico.com\/wp-content\/uploads\/2023\/10\/img-20231014-wa0103526042632690970554.jpg 1600w\" sizes=\"(max-width: 1024px) 100vw, 1024px\" \/><\/figure>\n\n\n\n<p>Huajuapan de Le\u00f3n, Oax., 14 de octubre de 2023.- La Corporaci\u00f3n Oaxaque\u00f1a de Radio y Televisi\u00f3n (Cortv) realiz\u00f3 un despliegue t\u00e9cnico y humano de m\u00e1s de 70 personas durante la transmisi\u00f3n del Festival Mole de Caderas y Guelaguetza \u00d1uu Savi, que se realizaron en el Paseo Ju\u00e1rez en la capital del estado y en la Heroica Ciudad de Huajuapan de Le\u00f3n.<\/p>\n\n\n\n<p>Durante 12 horas el equipo que conforma la Cortv trabaj\u00f3 minuto a minuto para ofrecer a las audiencias oaxaque\u00f1as la primera edici\u00f3n de uno de los manjares m\u00e1s representativos de la Mixteca oaxaque\u00f1a, el mole de caderas, celebrado en el parque Paseo Ju\u00e1rez El Llano.<\/p>\n\n\n\n<p>Como lo ha instruido el Gobernador, Salom\u00f3n Jara Cruz, la Cortv a trav\u00e9s de la Direcci\u00f3n General a cargo de Daniel Hern\u00e1ndez Ju\u00e1rez, incluye en la barra program\u00e1tica del canal digital 9.1 de televisi\u00f3n y las estaciones radiof\u00f3nicas Global 96.9 y Oaxaque\u00f1a, la cultura y su preservaci\u00f3n a trav\u00e9s de transmisiones especiales.<\/p>\n\n\n\n<p>Es as\u00ed como se suman profesionales de ingenier\u00eda, operaci\u00f3n, c\u00e1mara, producci\u00f3n, realizaci\u00f3n, continuidad, m\u00e1ster, cabina, unidad m\u00f3vil y conducci\u00f3n para llevar a las y los oaxaque\u00f1os las expresiones culturales que enaltecen las ra\u00edces del epicentro de M\u00e9xico.<\/p>\n\n\n\n<p>El espectro radiof\u00f3nico se suma a trav\u00e9s de las 33 estaciones de radio tiene la Cortv a lo largo y ancho de la geograf\u00eda de Oaxaca para llevar en vivo cada nota de voz.<\/p>\n\n\n\n<p>La Cortv se fortalece con la participaci\u00f3n de mujeres y hombres que se suman para generar contenidos que preservan las culturas de los pueblos originarios, las expresiones art\u00edsticas, pero sobretodo, ofrecen programas y transmisiones que ponen a Oaxaca en el epicentro del pa\u00eds.<\/p>\n\n\n\n<p>-0-<\/p>\n","protected":false},"excerpt":{"rendered":"<p>\u2022 Doce horas, 70 personas trabajando minuto a minuto para ofrecer a las audiencias transmisiones&#8230;<\/p>\n","protected":false},"author":4,"featured_media":19762,"comment_status":"","ping_status":"open","sticky":false,"template":"","format":"standard","meta":{"footnotes":""},"categories":[4],"tags":[],"jetpack_sharing_enabled":true,"featured_image_urls":{"full":["https:\/\/contextoanalisisperiodistico.com\/wp-content\/uploads\/2023\/10\/IMG-20231014-WA0104.jpg",1600,1201,false],"thumbnail":["https:\/\/contextoanalisisperiodistico.com\/wp-content\/uploads\/2023\/10\/IMG-20231014-WA0104-150x150.jpg",150,150,true],"medium":["https:\/\/contextoanalisisperiodistico.com\/wp-content\/uploads\/2023\/10\/IMG-20231014-WA0104-300x225.jpg",300,225,true],"medium_large":["https:\/\/contextoanalisisperiodistico.com\/wp-content\/uploads\/2023\/10\/IMG-20231014-WA0104-768x576.jpg",640,480,true],"large":["https:\/\/contextoanalisisperiodistico.com\/wp-content\/uploads\/2023\/10\/IMG-20231014-WA0104-1024x769.jpg",640,481,true],"1536x1536":["https:\/\/contextoanalisisperiodistico.com\/wp-content\/uploads\/2023\/10\/IMG-20231014-WA0104-1536x1153.jpg",1536,1153,true],"2048x2048":["https:\/\/contextoanalisisperiodistico.com\/wp-content\/uploads\/2023\/10\/IMG-20231014-WA0104.jpg",1600,1201,false],"covernews-slider-full":["https:\/\/contextoanalisisperiodistico.com\/wp-content\/uploads\/2023\/10\/IMG-20231014-WA0104-1115x715.jpg",1115,715,true],"covernews-slider-center":["https:\/\/contextoanalisisperiodistico.com\/wp-content\/uploads\/2023\/10\/IMG-20231014-WA0104-800x500.jpg",800,500,true],"covernews-featured":["https:\/\/contextoanalisisperiodistico.com\/wp-content\/uploads\/2023\/10\/IMG-20231014-WA0104-1024x769.jpg",1024,769,true],"covernews-medium":["https:\/\/contextoanalisisperiodistico.com\/wp-content\/uploads\/2023\/10\/IMG-20231014-WA0104-540x340.jpg",540,340,true],"covernews-medium-square":["https:\/\/contextoanalisisperiodistico.com\/wp-content\/uploads\/2023\/10\/IMG-20231014-WA0104-400x250.jpg",400,250,true]},"author_info":{"display_name":"Mario Gir\u00f3n","author_link":"https:\/\/contextoanalisisperiodistico.com\/index.php\/author\/director\/"},"category_info":"<a href=\"https:\/\/contextoanalisisperiodistico.com\/index.php\/category\/cultura\/\" rel=\"category tag\">Cultura<\/a>","tag_info":"Cultura","comment_count":"0","jetpack_featured_media_url":"https:\/\/contextoanalisisperiodistico.com\/wp-content\/uploads\/2023\/10\/IMG-20231014-WA0104.jpg","_links":{"self":[{"href":"https:\/\/contextoanalisisperiodistico.com\/index.php\/wp-json\/wp\/v2\/posts\/19766"}],"collection":[{"href":"https:\/\/contextoanalisisperiodistico.com\/index.php\/wp-json\/wp\/v2\/posts"}],"about":[{"href":"https:\/\/contextoanalisisperiodistico.com\/index.php\/wp-json\/wp\/v2\/types\/post"}],"author":[{"embeddable":true,"href":"https:\/\/contextoanalisisperiodistico.com\/index.php\/wp-json\/wp\/v2\/users\/4"}],"replies":[{"embeddable":true,"href":"https:\/\/contextoanalisisperiodistico.com\/index.php\/wp-json\/wp\/v2\/comments?post=19766"}],"version-history":[{"count":0,"href":"https:\/\/contextoanalisisperiodistico.com\/index.php\/wp-json\/wp\/v2\/posts\/19766\/revisions"}],"wp:featuredmedia":[{"embeddable":true,"href":"https:\/\/contextoanalisisperiodistico.com\/index.php\/wp-json\/wp\/v2\/media\/19762"}],"wp:attachment":[{"href":"https:\/\/contextoanalisisperiodistico.com\/index.php\/wp-json\/wp\/v2\/media?parent=19766"}],"wp:term":[{"taxonomy":"category","embeddable":true,"href":"https:\/\/contextoanalisisperiodistico.com\/index.php\/wp-json\/wp\/v2\/categories?post=19766"},{"taxonomy":"post_tag","embeddable":true,"href":"https:\/\/contextoanalisisperiodistico.com\/index.php\/wp-json\/wp\/v2\/tags?post=19766"}],"curies":[{"name":"wp","href":"https:\/\/api.w.org\/{rel}","templated":true}]}}