{"id":19761,"date":"2023-10-14T21:09:04","date_gmt":"2023-10-15T03:09:04","guid":{"rendered":"https:\/\/contextoanalisisperiodistico.com\/index.php\/2023\/10\/14\/transporte-gratuito-para-asistir-a-la-filo-2023\/"},"modified":"2023-10-14T21:09:04","modified_gmt":"2023-10-15T03:09:04","slug":"transporte-gratuito-para-asistir-a-la-filo-2023","status":"publish","type":"post","link":"https:\/\/contextoanalisisperiodistico.com\/index.php\/2023\/10\/14\/transporte-gratuito-para-asistir-a-la-filo-2023\/","title":{"rendered":"Transporte gratuito para asistir a la FILO 2023"},"content":{"rendered":"<div id=\"fb-root\"><\/div>\n\n<p>\u2022 El Sistema de Transporte Colectivo Metropolitano Citybus operar\u00e1 cinco rutas del 14 al 22 de octubre en un horario de 9:00 a 20:00 horas<\/p>\n\n\n\n<p><br>\u2022 Las unidades cuentan con plataformas para personas con discapacidad<\/p>\n\n\n\n<figure class=\"wp-block-image size-large\"><img fetchpriority=\"high\" decoding=\"async\" width=\"734\" height=\"489\" src=\"https:\/\/contextoanalisisperiodistico.com\/wp-content\/uploads\/2023\/10\/img-20231014-wa00841462185830835159775.jpg\" alt=\"\" class=\"wp-image-19759\" srcset=\"https:\/\/contextoanalisisperiodistico.com\/wp-content\/uploads\/2023\/10\/img-20231014-wa00841462185830835159775.jpg 734w, https:\/\/contextoanalisisperiodistico.com\/wp-content\/uploads\/2023\/10\/img-20231014-wa00841462185830835159775-300x200.jpg 300w\" sizes=\"(max-width: 734px) 100vw, 734px\" \/><\/figure>\n\n\n\n<figure class=\"wp-block-image\"><img decoding=\"async\" width=\"300\" height=\"201\" src=\"https:\/\/contextoanalisisperiodistico.com\/wp-content\/uploads\/2023\/10\/img-20231014-wa00829154873714097822875-300x201.jpg\" alt=\"\" class=\"wp-image-19760\" srcset=\"https:\/\/contextoanalisisperiodistico.com\/wp-content\/uploads\/2023\/10\/img-20231014-wa00829154873714097822875-300x201.jpg 300w, https:\/\/contextoanalisisperiodistico.com\/wp-content\/uploads\/2023\/10\/img-20231014-wa00829154873714097822875.jpg 733w\" sizes=\"(max-width: 300px) 100vw, 300px\" \/><\/figure>\n\n\n\n<p>Oaxaca de Ju\u00e1rez, Oax. 14 de octubre de 2023.- Para que la sociedad oaxaque\u00f1a cuente con una opci\u00f3n de desplazamiento segura y gratuita y acuda a las actividades de la Feria Internacional del Libro de Oaxaca (FILO), la Secretar\u00eda de Movilidad (Semovi) a trav\u00e9s del Sistema de Transporte Colectivo Metropolitano Citybus implementa Rutas de Transporte Gratuito.<\/p>\n\n\n\n<p>Esta acci\u00f3n de gobierno tiene como finalidad que un mayor n\u00famero de personas acudan a las actividades de este encuentro literario con sede en el Centro Cultural y de Convenciones de Oaxaca (CCCO).<\/p>\n\n\n\n<p>Luego de dar el banderazo de salida, la titular de la Semovi, Claudina de Gyves Mendoza, se\u00f1al\u00f3 que estas rutas se implementan como muestra del compromiso decidido del Gobernador del Estado, Salom\u00f3n Jara Cruz, por impulsar los programas de fomento a la lectura y el desarrollo de la cultura.<\/p>\n\n\n\n<p>Para esta administraci\u00f3n, dijo, es una prioridad incrementar la calidad en el transporte p\u00fablico colectivo, y este ejercicio que se realiza con el Citybus es una muestra que se puede transitar a un Sistema Integrado de Transporte P\u00fablico que conlleve grandes beneficios para la ciudadan\u00eda.<\/p>\n\n\n\n<p>Por su parte, la directora de la edici\u00f3n 43 de la FILO, Vania Res\u00e9ndiz agradeci\u00f3 la disposici\u00f3n del Gobierno del Estado para hacer posible que las familias oaxaque\u00f1as y visitantes en general, cuenten con una opci\u00f3n segura de desplazamiento y sin costo.<\/p>\n\n\n\n<p>En su oportunidad, la directora del Citybus, Karina G\u00f3mez Esteban, detall\u00f3 que de 9:00 a 20:00 horas, cada dos horas, operar\u00e1n cinco rutas que saldr\u00e1n de Brenamiel, de avenida Universidad, del Parque Ju\u00e1rez el Llano, del Parque Vinicio Castilla y de Santa Anita, en Xoxocotl\u00e1n.<\/p>\n\n\n\n<p>A\u00f1adi\u00f3 que, las unidades cuentan con plataformas para personas con discapacidad y estar\u00e1n al servicio de todas y todos hasta el pr\u00f3ximo 22 de octubre.<\/p>\n\n\n\n<p>Al arranque de las Rutas de Transporte Gratuito asisti\u00f3 el titular de la Secretar\u00eda de las Culturas y las Artes de Oaxaca, V\u00edctor Cata, as\u00ed como las personas organizadoras de la Edici\u00f3n 43 de Feria Internacional del Libro, Vania Res\u00e9ndiz y Guillermo Quijas.<\/p>\n\n\n\n<p>-0-<\/p>\n","protected":false},"excerpt":{"rendered":"<p>\u2022 El Sistema de Transporte Colectivo Metropolitano Citybus operar\u00e1 cinco rutas del 14 al 22&#8230;<\/p>\n","protected":false},"author":4,"featured_media":19758,"comment_status":"","ping_status":"open","sticky":false,"template":"","format":"standard","meta":{"footnotes":""},"categories":[9],"tags":[],"jetpack_sharing_enabled":true,"featured_image_urls":{"full":["https:\/\/contextoanalisisperiodistico.com\/wp-content\/uploads\/2023\/10\/IMG-20231014-WA0083.jpg",1024,683,false],"thumbnail":["https:\/\/contextoanalisisperiodistico.com\/wp-content\/uploads\/2023\/10\/IMG-20231014-WA0083-150x150.jpg",150,150,true],"medium":["https:\/\/contextoanalisisperiodistico.com\/wp-content\/uploads\/2023\/10\/IMG-20231014-WA0083-300x200.jpg",300,200,true],"medium_large":["https:\/\/contextoanalisisperiodistico.com\/wp-content\/uploads\/2023\/10\/IMG-20231014-WA0083-768x512.jpg",640,427,true],"large":["https:\/\/contextoanalisisperiodistico.com\/wp-content\/uploads\/2023\/10\/IMG-20231014-WA0083.jpg",640,427,false],"1536x1536":["https:\/\/contextoanalisisperiodistico.com\/wp-content\/uploads\/2023\/10\/IMG-20231014-WA0083.jpg",1024,683,false],"2048x2048":["https:\/\/contextoanalisisperiodistico.com\/wp-content\/uploads\/2023\/10\/IMG-20231014-WA0083.jpg",1024,683,false],"covernews-slider-full":["https:\/\/contextoanalisisperiodistico.com\/wp-content\/uploads\/2023\/10\/IMG-20231014-WA0083.jpg",1024,683,false],"covernews-slider-center":["https:\/\/contextoanalisisperiodistico.com\/wp-content\/uploads\/2023\/10\/IMG-20231014-WA0083-800x500.jpg",800,500,true],"covernews-featured":["https:\/\/contextoanalisisperiodistico.com\/wp-content\/uploads\/2023\/10\/IMG-20231014-WA0083.jpg",1024,683,false],"covernews-medium":["https:\/\/contextoanalisisperiodistico.com\/wp-content\/uploads\/2023\/10\/IMG-20231014-WA0083-540x340.jpg",540,340,true],"covernews-medium-square":["https:\/\/contextoanalisisperiodistico.com\/wp-content\/uploads\/2023\/10\/IMG-20231014-WA0083-400x250.jpg",400,250,true]},"author_info":{"display_name":"Mario Gir\u00f3n","author_link":"https:\/\/contextoanalisisperiodistico.com\/index.php\/author\/director\/"},"category_info":"<a href=\"https:\/\/contextoanalisisperiodistico.com\/index.php\/category\/politica\/\" rel=\"category tag\">Pol\u00edtica<\/a>","tag_info":"Pol\u00edtica","comment_count":"0","jetpack_featured_media_url":"https:\/\/contextoanalisisperiodistico.com\/wp-content\/uploads\/2023\/10\/IMG-20231014-WA0083.jpg","_links":{"self":[{"href":"https:\/\/contextoanalisisperiodistico.com\/index.php\/wp-json\/wp\/v2\/posts\/19761"}],"collection":[{"href":"https:\/\/contextoanalisisperiodistico.com\/index.php\/wp-json\/wp\/v2\/posts"}],"about":[{"href":"https:\/\/contextoanalisisperiodistico.com\/index.php\/wp-json\/wp\/v2\/types\/post"}],"author":[{"embeddable":true,"href":"https:\/\/contextoanalisisperiodistico.com\/index.php\/wp-json\/wp\/v2\/users\/4"}],"replies":[{"embeddable":true,"href":"https:\/\/contextoanalisisperiodistico.com\/index.php\/wp-json\/wp\/v2\/comments?post=19761"}],"version-history":[{"count":0,"href":"https:\/\/contextoanalisisperiodistico.com\/index.php\/wp-json\/wp\/v2\/posts\/19761\/revisions"}],"wp:featuredmedia":[{"embeddable":true,"href":"https:\/\/contextoanalisisperiodistico.com\/index.php\/wp-json\/wp\/v2\/media\/19758"}],"wp:attachment":[{"href":"https:\/\/contextoanalisisperiodistico.com\/index.php\/wp-json\/wp\/v2\/media?parent=19761"}],"wp:term":[{"taxonomy":"category","embeddable":true,"href":"https:\/\/contextoanalisisperiodistico.com\/index.php\/wp-json\/wp\/v2\/categories?post=19761"},{"taxonomy":"post_tag","embeddable":true,"href":"https:\/\/contextoanalisisperiodistico.com\/index.php\/wp-json\/wp\/v2\/tags?post=19761"}],"curies":[{"name":"wp","href":"https:\/\/api.w.org\/{rel}","templated":true}]}}