{"id":19724,"date":"2023-10-14T13:14:53","date_gmt":"2023-10-14T19:14:53","guid":{"rendered":"https:\/\/contextoanalisisperiodistico.com\/index.php\/2023\/10\/14\/capacita-sso-para-implementacion-de-puntos-de-control-de-alcoholimetria\/"},"modified":"2023-10-14T13:14:53","modified_gmt":"2023-10-14T19:14:53","slug":"capacita-sso-para-implementacion-de-puntos-de-control-de-alcoholimetria","status":"publish","type":"post","link":"https:\/\/contextoanalisisperiodistico.com\/index.php\/2023\/10\/14\/capacita-sso-para-implementacion-de-puntos-de-control-de-alcoholimetria\/","title":{"rendered":"Capacita SSO para implementaci\u00f3n de puntos de control de alcoholimetr\u00eda"},"content":{"rendered":"<div id=\"fb-root\"><\/div>\n\n<p>\u2022 Se hizo la entrega de equipo para fortalecer los puntos de control de aliento en las zonas urbanas<\/p>\n\n\n\n<p>Oaxaca de Ju\u00e1rez, Oax. 14 de octubre de 2023.- Como parte del programa estatal de Seguridad Vial y Prevenci\u00f3n de Accidentes, los Servicios de Salud de Oaxaca (SSO) llevaron a cabo el curso Formaci\u00f3n de T\u00e9cnicos Operadores de Alcohol\u00edmetros, dirigido a elementos de la Polic\u00eda Vial Estatal de Oaxaca y a sus hom\u00f3logos de siete municipios de la entidad.<\/p>\n\n\n\n<p>En esta actividad liderada por el Consejo Estatal para la Prevenci\u00f3n de Accidentes (Coepra) Oaxaca, dependiente de la instituci\u00f3n, se unificaron criterios y se estandariz\u00f3 la planificaci\u00f3n, operaci\u00f3n y evaluaci\u00f3n de las acciones.<\/p>\n\n\n\n<p>La instituci\u00f3n agradeci\u00f3 la suma de esfuerzos y la participaci\u00f3n de 35 elementos de los municipios de Oaxaca de Ju\u00e1rez, Santa Cruz Xoxocotl\u00e1n, Heroica Ciudad de Huajuapan de Le\u00f3n, Heroica Ciudad de Tlaxiaco, Santa Cruz Amilpas, San Jacinto Amilpas y San Antonio de la Cal.<\/p>\n\n\n\n<p>Durante la capacitaci\u00f3n se analiz\u00f3 el uso adecuado del equipo de alcoholimetr\u00eda, para fortalecer las habilidades y conocimientos del Protocolo de Implementaci\u00f3n en los puntos de control de alcohol en aliento en las zonas urbanas.<\/p>\n\n\n\n<p>Asimismo, se hizo entrega de chalecos balizados a elementos de la Polic\u00eda Vial Estatal y de los municipios asistentes, a fin de que sean utilizados por el personal que participa en los puntos de control.<\/p>\n\n\n\n<p>Adem\u00e1s, se entregaron lonas rotuladas, trafitambos y conos con reflejantes para fortalecer las actividades preventivas que realizan semana con semana y que han demostrado un alto impacto en la disminuci\u00f3n de lesiones y muertes por accidentes atribuidas al binomio alcohol-volante.<\/p>\n\n\n\n<p>-0-<\/p>\n\n\n\n<figure class=\"wp-block-image size-large\"><img fetchpriority=\"high\" decoding=\"async\" width=\"1024\" height=\"576\" src=\"https:\/\/contextoanalisisperiodistico.com\/wp-content\/uploads\/2023\/10\/img-20231014-wa00409004262996487096385-1024x576.jpg\" alt=\"\" class=\"wp-image-19723\" srcset=\"https:\/\/contextoanalisisperiodistico.com\/wp-content\/uploads\/2023\/10\/img-20231014-wa00409004262996487096385-1024x576.jpg 1024w, https:\/\/contextoanalisisperiodistico.com\/wp-content\/uploads\/2023\/10\/img-20231014-wa00409004262996487096385-300x169.jpg 300w, https:\/\/contextoanalisisperiodistico.com\/wp-content\/uploads\/2023\/10\/img-20231014-wa00409004262996487096385-768x432.jpg 768w, https:\/\/contextoanalisisperiodistico.com\/wp-content\/uploads\/2023\/10\/img-20231014-wa00409004262996487096385-1536x864.jpg 1536w, https:\/\/contextoanalisisperiodistico.com\/wp-content\/uploads\/2023\/10\/img-20231014-wa00409004262996487096385.jpg 1600w\" sizes=\"(max-width: 1024px) 100vw, 1024px\" \/><\/figure>\n\n\n\n<figure class=\"wp-block-image\"><img decoding=\"async\" width=\"1024\" height=\"576\" src=\"https:\/\/contextoanalisisperiodistico.com\/wp-content\/uploads\/2023\/10\/img-20231014-wa0036965621934930851749-1024x576.jpg\" alt=\"\" class=\"wp-image-19721\" srcset=\"https:\/\/contextoanalisisperiodistico.com\/wp-content\/uploads\/2023\/10\/img-20231014-wa0036965621934930851749-1024x576.jpg 1024w, https:\/\/contextoanalisisperiodistico.com\/wp-content\/uploads\/2023\/10\/img-20231014-wa0036965621934930851749-300x169.jpg 300w, https:\/\/contextoanalisisperiodistico.com\/wp-content\/uploads\/2023\/10\/img-20231014-wa0036965621934930851749-768x432.jpg 768w, https:\/\/contextoanalisisperiodistico.com\/wp-content\/uploads\/2023\/10\/img-20231014-wa0036965621934930851749-1536x864.jpg 1536w, https:\/\/contextoanalisisperiodistico.com\/wp-content\/uploads\/2023\/10\/img-20231014-wa0036965621934930851749.jpg 1600w\" sizes=\"(max-width: 1024px) 100vw, 1024px\" \/><\/figure>\n\n\n\n<figure class=\"wp-block-image\"><img decoding=\"async\" width=\"1024\" height=\"576\" src=\"https:\/\/contextoanalisisperiodistico.com\/wp-content\/uploads\/2023\/10\/img-20231014-wa00373047087368931515951-1024x576.jpg\" alt=\"\" class=\"wp-image-19722\" srcset=\"https:\/\/contextoanalisisperiodistico.com\/wp-content\/uploads\/2023\/10\/img-20231014-wa00373047087368931515951-1024x576.jpg 1024w, https:\/\/contextoanalisisperiodistico.com\/wp-content\/uploads\/2023\/10\/img-20231014-wa00373047087368931515951-300x169.jpg 300w, https:\/\/contextoanalisisperiodistico.com\/wp-content\/uploads\/2023\/10\/img-20231014-wa00373047087368931515951-768x432.jpg 768w, https:\/\/contextoanalisisperiodistico.com\/wp-content\/uploads\/2023\/10\/img-20231014-wa00373047087368931515951-1536x864.jpg 1536w, https:\/\/contextoanalisisperiodistico.com\/wp-content\/uploads\/2023\/10\/img-20231014-wa00373047087368931515951.jpg 1600w\" sizes=\"(max-width: 1024px) 100vw, 1024px\" \/><\/figure>\n","protected":false},"excerpt":{"rendered":"<p>\u2022 Se hizo la entrega de equipo para fortalecer los puntos de control de aliento&#8230;<\/p>\n","protected":false},"author":4,"featured_media":19720,"comment_status":"","ping_status":"open","sticky":false,"template":"","format":"standard","meta":{"footnotes":""},"categories":[92],"tags":[],"jetpack_sharing_enabled":true,"featured_image_urls":{"full":["https:\/\/contextoanalisisperiodistico.com\/wp-content\/uploads\/2023\/10\/IMG-20231014-WA0041.jpg",1600,900,false],"thumbnail":["https:\/\/contextoanalisisperiodistico.com\/wp-content\/uploads\/2023\/10\/IMG-20231014-WA0041-150x150.jpg",150,150,true],"medium":["https:\/\/contextoanalisisperiodistico.com\/wp-content\/uploads\/2023\/10\/IMG-20231014-WA0041-300x169.jpg",300,169,true],"medium_large":["https:\/\/contextoanalisisperiodistico.com\/wp-content\/uploads\/2023\/10\/IMG-20231014-WA0041-768x432.jpg",640,360,true],"large":["https:\/\/contextoanalisisperiodistico.com\/wp-content\/uploads\/2023\/10\/IMG-20231014-WA0041-1024x576.jpg",640,360,true],"1536x1536":["https:\/\/contextoanalisisperiodistico.com\/wp-content\/uploads\/2023\/10\/IMG-20231014-WA0041-1536x864.jpg",1536,864,true],"2048x2048":["https:\/\/contextoanalisisperiodistico.com\/wp-content\/uploads\/2023\/10\/IMG-20231014-WA0041.jpg",1600,900,false],"covernews-slider-full":["https:\/\/contextoanalisisperiodistico.com\/wp-content\/uploads\/2023\/10\/IMG-20231014-WA0041-1115x715.jpg",1115,715,true],"covernews-slider-center":["https:\/\/contextoanalisisperiodistico.com\/wp-content\/uploads\/2023\/10\/IMG-20231014-WA0041-800x500.jpg",800,500,true],"covernews-featured":["https:\/\/contextoanalisisperiodistico.com\/wp-content\/uploads\/2023\/10\/IMG-20231014-WA0041-1024x576.jpg",1024,576,true],"covernews-medium":["https:\/\/contextoanalisisperiodistico.com\/wp-content\/uploads\/2023\/10\/IMG-20231014-WA0041-540x340.jpg",540,340,true],"covernews-medium-square":["https:\/\/contextoanalisisperiodistico.com\/wp-content\/uploads\/2023\/10\/IMG-20231014-WA0041-400x250.jpg",400,250,true]},"author_info":{"display_name":"Mario Gir\u00f3n","author_link":"https:\/\/contextoanalisisperiodistico.com\/index.php\/author\/director\/"},"category_info":"<a href=\"https:\/\/contextoanalisisperiodistico.com\/index.php\/category\/salud\/\" rel=\"category tag\">Salud<\/a>","tag_info":"Salud","comment_count":"0","jetpack_featured_media_url":"https:\/\/contextoanalisisperiodistico.com\/wp-content\/uploads\/2023\/10\/IMG-20231014-WA0041.jpg","_links":{"self":[{"href":"https:\/\/contextoanalisisperiodistico.com\/index.php\/wp-json\/wp\/v2\/posts\/19724"}],"collection":[{"href":"https:\/\/contextoanalisisperiodistico.com\/index.php\/wp-json\/wp\/v2\/posts"}],"about":[{"href":"https:\/\/contextoanalisisperiodistico.com\/index.php\/wp-json\/wp\/v2\/types\/post"}],"author":[{"embeddable":true,"href":"https:\/\/contextoanalisisperiodistico.com\/index.php\/wp-json\/wp\/v2\/users\/4"}],"replies":[{"embeddable":true,"href":"https:\/\/contextoanalisisperiodistico.com\/index.php\/wp-json\/wp\/v2\/comments?post=19724"}],"version-history":[{"count":0,"href":"https:\/\/contextoanalisisperiodistico.com\/index.php\/wp-json\/wp\/v2\/posts\/19724\/revisions"}],"wp:featuredmedia":[{"embeddable":true,"href":"https:\/\/contextoanalisisperiodistico.com\/index.php\/wp-json\/wp\/v2\/media\/19720"}],"wp:attachment":[{"href":"https:\/\/contextoanalisisperiodistico.com\/index.php\/wp-json\/wp\/v2\/media?parent=19724"}],"wp:term":[{"taxonomy":"category","embeddable":true,"href":"https:\/\/contextoanalisisperiodistico.com\/index.php\/wp-json\/wp\/v2\/categories?post=19724"},{"taxonomy":"post_tag","embeddable":true,"href":"https:\/\/contextoanalisisperiodistico.com\/index.php\/wp-json\/wp\/v2\/tags?post=19724"}],"curies":[{"name":"wp","href":"https:\/\/api.w.org\/{rel}","templated":true}]}}