{"id":19716,"date":"2023-10-14T13:06:21","date_gmt":"2023-10-14T19:06:21","guid":{"rendered":"https:\/\/contextoanalisisperiodistico.com\/index.php\/2023\/10\/14\/banda-infantil-de-totontepec-trabaja-por-la-preservacion-de-la-cultura-musical-mixe\/"},"modified":"2023-10-14T13:06:21","modified_gmt":"2023-10-14T19:06:21","slug":"banda-infantil-de-totontepec-trabaja-por-la-preservacion-de-la-cultura-musical-mixe","status":"publish","type":"post","link":"https:\/\/contextoanalisisperiodistico.com\/index.php\/2023\/10\/14\/banda-infantil-de-totontepec-trabaja-por-la-preservacion-de-la-cultura-musical-mixe\/","title":{"rendered":"Banda Infantil de Totontepec trabaja por la preservaci\u00f3n de la cultura musical mixe"},"content":{"rendered":"<div id=\"fb-root\"><\/div>\n\n<p>San Jacinto Amilpas, Oax. 14 de octubre de 2023.- Como parte del compromiso de la Corporaci\u00f3n Oaxaque\u00f1a de Radio y Televisi\u00f3n (Cortv) de abrir espacios para la difusi\u00f3n de las diversas expresiones culturales de los pueblos de nuestro estado, el domingo 15 de octubre a partir de las 12:00 horas transmitir\u00e1 a trav\u00e9s de su se\u00f1al 9.1 HD en televisi\u00f3n y redes sociales un concierto de la Banda Infantil de la Escuela de M\u00fasica Tradicional de Totontepec Villa de Morelos.<\/p>\n\n\n\n<p>As\u00ed lo dio a conocer el director general de la Cortv, Daniel Hern\u00e1ndez Ju\u00e1rez, quien detall\u00f3 que generar espacios que sirvan de impulso para el talento de la ni\u00f1ez y adolescencia de todas las comunidades de nuestro estado es una prioridad para el Gobierno estatal.<\/p>\n\n\n\n<p>Por lo que, en conjunto con madres, padres de familia y personal directivo de la Escuela de M\u00fasica, 75 ni\u00f1as, ni\u00f1os y adolescentes de entre 8 y 15 a\u00f1os viajaron 165 kil\u00f3metros para grabar en las instalaciones del Teatro Universitario de la Universidad Aut\u00f3noma Benito Ju\u00e1rez de Oaxaca (UABJO) un concierto con lo mejor de su repertorio.<\/p>\n\n\n\n<p>A trav\u00e9s de 11 piezas, quienes integran la Banda Infantil de la Escuela de M\u00fasica Tradicional de Totontepec Villa de Morelos invitan a la audiencia de la Cortv a realizar un viaje por diversos g\u00e9neros musicales con piezas como \u00abSones y Jarabes Mixes\u00bb, \u00abGuantanamera\u00bb, \u00abNunca es suficiente\u00bb, \u00abCanci\u00f3n Mixteca\u00bb, \u00abA mi manera\u00bb, entre otras.<\/p>\n\n\n\n<p>Por su parte, Francisco Javier Guzm\u00e1n Vargas, director de la banda y originario de la misma comunidad, en entrevista dijo que, en poco m\u00e1s de 21 a\u00f1os de creaci\u00f3n, la escuela ha formado cinco generaciones de m\u00fasicos, a trav\u00e9s de quienes se busca fortalecer la identidad musical del pueblo Mixe.<\/p>\n\n\n\n<p>Recalc\u00f3 que como es tradici\u00f3n en los pueblos de Oaxaca, la solidaridad de las y los totontepecanos radicados en distintas ciudades del pa\u00eds y en el mismo municipio, ha sido factor importante para darle proyecci\u00f3n al trabajo de la Escuela de M\u00fasica Tradicional, por lo que expres\u00f3 su agradecimiento por su aportaci\u00f3n a favor de las y los m\u00fasicos.<\/p>\n\n\n\n<p>Finalmente, reiter\u00f3 la invitaci\u00f3n a la audiencia para que este domingo 15 de octubre a las 12 del d\u00eda, disfruten de una hora de m\u00fasica a trav\u00e9s del canal de televisi\u00f3n 9.1 HD y las redes sociales de la Corporaci\u00f3n Oaxaque\u00f1a de Radio y Televisi\u00f3n.<\/p>\n\n\n\n<figure class=\"wp-block-image size-large\"><img fetchpriority=\"high\" decoding=\"async\" width=\"1024\" height=\"682\" src=\"https:\/\/contextoanalisisperiodistico.com\/wp-content\/uploads\/2023\/10\/img-20231014-wa00322914758174227236150.jpg\" alt=\"\" class=\"wp-image-19715\" srcset=\"https:\/\/contextoanalisisperiodistico.com\/wp-content\/uploads\/2023\/10\/img-20231014-wa00322914758174227236150.jpg 1024w, https:\/\/contextoanalisisperiodistico.com\/wp-content\/uploads\/2023\/10\/img-20231014-wa00322914758174227236150-300x200.jpg 300w, https:\/\/contextoanalisisperiodistico.com\/wp-content\/uploads\/2023\/10\/img-20231014-wa00322914758174227236150-768x512.jpg 768w\" sizes=\"(max-width: 1024px) 100vw, 1024px\" \/><\/figure>\n\n\n\n<figure class=\"wp-block-image\"><img decoding=\"async\" width=\"1024\" height=\"768\" src=\"https:\/\/contextoanalisisperiodistico.com\/wp-content\/uploads\/2023\/10\/img-20231014-wa00344458452349479893698-1024x768.jpg\" alt=\"\" class=\"wp-image-19714\" srcset=\"https:\/\/contextoanalisisperiodistico.com\/wp-content\/uploads\/2023\/10\/img-20231014-wa00344458452349479893698-1024x768.jpg 1024w, https:\/\/contextoanalisisperiodistico.com\/wp-content\/uploads\/2023\/10\/img-20231014-wa00344458452349479893698-300x225.jpg 300w, https:\/\/contextoanalisisperiodistico.com\/wp-content\/uploads\/2023\/10\/img-20231014-wa00344458452349479893698-768x576.jpg 768w, https:\/\/contextoanalisisperiodistico.com\/wp-content\/uploads\/2023\/10\/img-20231014-wa00344458452349479893698.jpg 1280w\" sizes=\"(max-width: 1024px) 100vw, 1024px\" \/><\/figure>\n","protected":false},"excerpt":{"rendered":"<p>San Jacinto Amilpas, Oax. 14 de octubre de 2023.- Como parte del compromiso de la&#8230;<\/p>\n","protected":false},"author":4,"featured_media":19713,"comment_status":"","ping_status":"open","sticky":false,"template":"","format":"standard","meta":{"footnotes":""},"categories":[4],"tags":[],"jetpack_sharing_enabled":true,"featured_image_urls":{"full":["https:\/\/contextoanalisisperiodistico.com\/wp-content\/uploads\/2023\/10\/IMG-20231014-WA0033.jpg",1024,683,false],"thumbnail":["https:\/\/contextoanalisisperiodistico.com\/wp-content\/uploads\/2023\/10\/IMG-20231014-WA0033-150x150.jpg",150,150,true],"medium":["https:\/\/contextoanalisisperiodistico.com\/wp-content\/uploads\/2023\/10\/IMG-20231014-WA0033-300x200.jpg",300,200,true],"medium_large":["https:\/\/contextoanalisisperiodistico.com\/wp-content\/uploads\/2023\/10\/IMG-20231014-WA0033-768x512.jpg",640,427,true],"large":["https:\/\/contextoanalisisperiodistico.com\/wp-content\/uploads\/2023\/10\/IMG-20231014-WA0033.jpg",640,427,false],"1536x1536":["https:\/\/contextoanalisisperiodistico.com\/wp-content\/uploads\/2023\/10\/IMG-20231014-WA0033.jpg",1024,683,false],"2048x2048":["https:\/\/contextoanalisisperiodistico.com\/wp-content\/uploads\/2023\/10\/IMG-20231014-WA0033.jpg",1024,683,false],"covernews-slider-full":["https:\/\/contextoanalisisperiodistico.com\/wp-content\/uploads\/2023\/10\/IMG-20231014-WA0033.jpg",1024,683,false],"covernews-slider-center":["https:\/\/contextoanalisisperiodistico.com\/wp-content\/uploads\/2023\/10\/IMG-20231014-WA0033-800x500.jpg",800,500,true],"covernews-featured":["https:\/\/contextoanalisisperiodistico.com\/wp-content\/uploads\/2023\/10\/IMG-20231014-WA0033.jpg",1024,683,false],"covernews-medium":["https:\/\/contextoanalisisperiodistico.com\/wp-content\/uploads\/2023\/10\/IMG-20231014-WA0033-540x340.jpg",540,340,true],"covernews-medium-square":["https:\/\/contextoanalisisperiodistico.com\/wp-content\/uploads\/2023\/10\/IMG-20231014-WA0033-400x250.jpg",400,250,true]},"author_info":{"display_name":"Mario Gir\u00f3n","author_link":"https:\/\/contextoanalisisperiodistico.com\/index.php\/author\/director\/"},"category_info":"<a href=\"https:\/\/contextoanalisisperiodistico.com\/index.php\/category\/cultura\/\" rel=\"category tag\">Cultura<\/a>","tag_info":"Cultura","comment_count":"0","jetpack_featured_media_url":"https:\/\/contextoanalisisperiodistico.com\/wp-content\/uploads\/2023\/10\/IMG-20231014-WA0033.jpg","_links":{"self":[{"href":"https:\/\/contextoanalisisperiodistico.com\/index.php\/wp-json\/wp\/v2\/posts\/19716"}],"collection":[{"href":"https:\/\/contextoanalisisperiodistico.com\/index.php\/wp-json\/wp\/v2\/posts"}],"about":[{"href":"https:\/\/contextoanalisisperiodistico.com\/index.php\/wp-json\/wp\/v2\/types\/post"}],"author":[{"embeddable":true,"href":"https:\/\/contextoanalisisperiodistico.com\/index.php\/wp-json\/wp\/v2\/users\/4"}],"replies":[{"embeddable":true,"href":"https:\/\/contextoanalisisperiodistico.com\/index.php\/wp-json\/wp\/v2\/comments?post=19716"}],"version-history":[{"count":0,"href":"https:\/\/contextoanalisisperiodistico.com\/index.php\/wp-json\/wp\/v2\/posts\/19716\/revisions"}],"wp:featuredmedia":[{"embeddable":true,"href":"https:\/\/contextoanalisisperiodistico.com\/index.php\/wp-json\/wp\/v2\/media\/19713"}],"wp:attachment":[{"href":"https:\/\/contextoanalisisperiodistico.com\/index.php\/wp-json\/wp\/v2\/media?parent=19716"}],"wp:term":[{"taxonomy":"category","embeddable":true,"href":"https:\/\/contextoanalisisperiodistico.com\/index.php\/wp-json\/wp\/v2\/categories?post=19716"},{"taxonomy":"post_tag","embeddable":true,"href":"https:\/\/contextoanalisisperiodistico.com\/index.php\/wp-json\/wp\/v2\/tags?post=19716"}],"curies":[{"name":"wp","href":"https:\/\/api.w.org\/{rel}","templated":true}]}}