{"id":19639,"date":"2023-10-12T17:36:56","date_gmt":"2023-10-12T23:36:56","guid":{"rendered":"https:\/\/contextoanalisisperiodistico.com\/index.php\/2023\/10\/12\/atienden-dependencias-generacion-de-residuos-solidos-por-flujo-de-migrantes\/"},"modified":"2023-10-12T17:36:56","modified_gmt":"2023-10-12T23:36:56","slug":"atienden-dependencias-generacion-de-residuos-solidos-por-flujo-de-migrantes","status":"publish","type":"post","link":"https:\/\/contextoanalisisperiodistico.com\/index.php\/2023\/10\/12\/atienden-dependencias-generacion-de-residuos-solidos-por-flujo-de-migrantes\/","title":{"rendered":"Atienden dependencias  generaci\u00f3n de residuos s\u00f3lidos por flujo de migrantes"},"content":{"rendered":"<div id=\"fb-root\"><\/div>\n\n<p>\u2022 Dependencias del sector ambiental colaboran para el manejo de la basura para prevenir y mitigar la contaminaci\u00f3n en el Centro de Movilidad para Migrantes<\/p>\n\n\n\n<p>Oaxaca de Ju\u00e1rez, Oax. 12 de octubre de 2023.- Dependencias del sector ambiental evaluaron las condiciones del Centro de Movilidad para Migrantes de San Sebasti\u00e1n Tutla, para atender la situaci\u00f3n de la generaci\u00f3n de residuos s\u00f3lidos y el manejo de la basura para prevenir y mitigar la contaminaci\u00f3n en el lugar y las zonas aleda\u00f1as.<\/p>\n\n\n\n<p>Personal de la Secretar\u00eda de Medio Ambiente, Biodiversidad, Energ\u00edas y Sostenibilidad, la Procuradur\u00eda de Protecci\u00f3n al Ambiente del Estado de Oaxaca y el Organismo Operador para el Manejo Integral de los Residuos S\u00f3lidos Urbanos acudieron al lugar para definir la estrategia del manejo de los residuos.<\/p>\n\n\n\n<p>Cabe se\u00f1alar que ante la situaci\u00f3n humanitaria que representa el flujo de migrantes por territorio oaxaque\u00f1o el Gobierno del Estado instal\u00f3 el Centro de Movilidad para Migrantes, por lo que tambi\u00e9n se atender\u00e1 la generaci\u00f3n de residuos por el tr\u00e1nsito de migrantes y se trabaja en un plan emergente que permita mantener condiciones ambientales y de salud p\u00fablica.<\/p>\n\n\n\n<p>El director del Organismo Operador, Luis Alberto L\u00f3pez Garrido, explic\u00f3 que, a pesar de estimar la generaci\u00f3n en dos toneladas de residuos al d\u00eda, producto del arribo de 2 mil 500 personas en promedio, la atenci\u00f3n se enfoca a la correcta disposici\u00f3n de estos y se alistan medidas de prevenci\u00f3n y mitigaci\u00f3n.<\/p>\n\n\n\n<p>L\u00f3pez Garrido detall\u00f3 que se realizar\u00e1 la asignaci\u00f3n de un lugar espec\u00edfico de acopio que implique la separaci\u00f3n, la recolecci\u00f3n permanente de parte de los municipios y brigadas informativas, medidas que se iniciar\u00e1n de inmediato.<\/p>\n\n\n\n<p>Cabe mencionar que en d\u00edas pasados, el Gobernador Salom\u00f3n Jara Cruz y la secretaria Karime Unda Harp firmaron con 47 autoridades municipales de los Valles Centrales el Programa de Fortalecimiento de Capacidades a Municipios en Materia Ambiental, el cual permitir\u00e1 avanzar en el manejo adecuado de los residuos s\u00f3lidos urbanos y el saneamiento de los r\u00edos Atoyac y Salado.<br \/>-0-<\/p>\n\n\n\n<figure class=\"wp-block-image size-large\"><img fetchpriority=\"high\" decoding=\"async\" width=\"1024\" height=\"580\" src=\"https:\/\/contextoanalisisperiodistico.com\/wp-content\/uploads\/2023\/10\/img-20231012-wa00944313896996190868248-1024x580.jpg\" alt=\"\" class=\"wp-image-19637\" srcset=\"https:\/\/contextoanalisisperiodistico.com\/wp-content\/uploads\/2023\/10\/img-20231012-wa00944313896996190868248-1024x580.jpg 1024w, https:\/\/contextoanalisisperiodistico.com\/wp-content\/uploads\/2023\/10\/img-20231012-wa00944313896996190868248-300x170.jpg 300w, https:\/\/contextoanalisisperiodistico.com\/wp-content\/uploads\/2023\/10\/img-20231012-wa00944313896996190868248-768x435.jpg 768w, https:\/\/contextoanalisisperiodistico.com\/wp-content\/uploads\/2023\/10\/img-20231012-wa00944313896996190868248.jpg 1079w\" sizes=\"(max-width: 1024px) 100vw, 1024px\" \/><\/figure>\n\n\n\n<figure class=\"wp-block-image\"><img decoding=\"async\" width=\"1024\" height=\"768\" src=\"https:\/\/contextoanalisisperiodistico.com\/wp-content\/uploads\/2023\/10\/img-20231012-wa00964371554902645729117-1024x768.jpg\" alt=\"\" class=\"wp-image-19638\" srcset=\"https:\/\/contextoanalisisperiodistico.com\/wp-content\/uploads\/2023\/10\/img-20231012-wa00964371554902645729117-1024x768.jpg 1024w, https:\/\/contextoanalisisperiodistico.com\/wp-content\/uploads\/2023\/10\/img-20231012-wa00964371554902645729117-300x225.jpg 300w, https:\/\/contextoanalisisperiodistico.com\/wp-content\/uploads\/2023\/10\/img-20231012-wa00964371554902645729117-768x576.jpg 768w, https:\/\/contextoanalisisperiodistico.com\/wp-content\/uploads\/2023\/10\/img-20231012-wa00964371554902645729117-1536x1152.jpg 1536w, https:\/\/contextoanalisisperiodistico.com\/wp-content\/uploads\/2023\/10\/img-20231012-wa00964371554902645729117.jpg 1600w\" sizes=\"(max-width: 1024px) 100vw, 1024px\" \/><\/figure>\n","protected":false},"excerpt":{"rendered":"<p>\u2022 Dependencias del sector ambiental colaboran para el manejo de la basura para prevenir y&#8230;<\/p>\n","protected":false},"author":4,"featured_media":19636,"comment_status":"","ping_status":"open","sticky":false,"template":"","format":"standard","meta":{"footnotes":""},"categories":[92],"tags":[],"jetpack_sharing_enabled":true,"featured_image_urls":{"full":["https:\/\/contextoanalisisperiodistico.com\/wp-content\/uploads\/2023\/10\/IMG-20231012-WA0095.jpg",1600,1200,false],"thumbnail":["https:\/\/contextoanalisisperiodistico.com\/wp-content\/uploads\/2023\/10\/IMG-20231012-WA0095-150x150.jpg",150,150,true],"medium":["https:\/\/contextoanalisisperiodistico.com\/wp-content\/uploads\/2023\/10\/IMG-20231012-WA0095-300x225.jpg",300,225,true],"medium_large":["https:\/\/contextoanalisisperiodistico.com\/wp-content\/uploads\/2023\/10\/IMG-20231012-WA0095-768x576.jpg",640,480,true],"large":["https:\/\/contextoanalisisperiodistico.com\/wp-content\/uploads\/2023\/10\/IMG-20231012-WA0095-1024x768.jpg",640,480,true],"1536x1536":["https:\/\/contextoanalisisperiodistico.com\/wp-content\/uploads\/2023\/10\/IMG-20231012-WA0095-1536x1152.jpg",1536,1152,true],"2048x2048":["https:\/\/contextoanalisisperiodistico.com\/wp-content\/uploads\/2023\/10\/IMG-20231012-WA0095.jpg",1600,1200,false],"covernews-slider-full":["https:\/\/contextoanalisisperiodistico.com\/wp-content\/uploads\/2023\/10\/IMG-20231012-WA0095-1115x715.jpg",1115,715,true],"covernews-slider-center":["https:\/\/contextoanalisisperiodistico.com\/wp-content\/uploads\/2023\/10\/IMG-20231012-WA0095-800x500.jpg",800,500,true],"covernews-featured":["https:\/\/contextoanalisisperiodistico.com\/wp-content\/uploads\/2023\/10\/IMG-20231012-WA0095-1024x768.jpg",1024,768,true],"covernews-medium":["https:\/\/contextoanalisisperiodistico.com\/wp-content\/uploads\/2023\/10\/IMG-20231012-WA0095-540x340.jpg",540,340,true],"covernews-medium-square":["https:\/\/contextoanalisisperiodistico.com\/wp-content\/uploads\/2023\/10\/IMG-20231012-WA0095-400x250.jpg",400,250,true]},"author_info":{"display_name":"Mario Gir\u00f3n","author_link":"https:\/\/contextoanalisisperiodistico.com\/index.php\/author\/director\/"},"category_info":"<a href=\"https:\/\/contextoanalisisperiodistico.com\/index.php\/category\/salud\/\" rel=\"category tag\">Salud<\/a>","tag_info":"Salud","comment_count":"0","jetpack_featured_media_url":"https:\/\/contextoanalisisperiodistico.com\/wp-content\/uploads\/2023\/10\/IMG-20231012-WA0095.jpg","_links":{"self":[{"href":"https:\/\/contextoanalisisperiodistico.com\/index.php\/wp-json\/wp\/v2\/posts\/19639"}],"collection":[{"href":"https:\/\/contextoanalisisperiodistico.com\/index.php\/wp-json\/wp\/v2\/posts"}],"about":[{"href":"https:\/\/contextoanalisisperiodistico.com\/index.php\/wp-json\/wp\/v2\/types\/post"}],"author":[{"embeddable":true,"href":"https:\/\/contextoanalisisperiodistico.com\/index.php\/wp-json\/wp\/v2\/users\/4"}],"replies":[{"embeddable":true,"href":"https:\/\/contextoanalisisperiodistico.com\/index.php\/wp-json\/wp\/v2\/comments?post=19639"}],"version-history":[{"count":0,"href":"https:\/\/contextoanalisisperiodistico.com\/index.php\/wp-json\/wp\/v2\/posts\/19639\/revisions"}],"wp:featuredmedia":[{"embeddable":true,"href":"https:\/\/contextoanalisisperiodistico.com\/index.php\/wp-json\/wp\/v2\/media\/19636"}],"wp:attachment":[{"href":"https:\/\/contextoanalisisperiodistico.com\/index.php\/wp-json\/wp\/v2\/media?parent=19639"}],"wp:term":[{"taxonomy":"category","embeddable":true,"href":"https:\/\/contextoanalisisperiodistico.com\/index.php\/wp-json\/wp\/v2\/categories?post=19639"},{"taxonomy":"post_tag","embeddable":true,"href":"https:\/\/contextoanalisisperiodistico.com\/index.php\/wp-json\/wp\/v2\/tags?post=19639"}],"curies":[{"name":"wp","href":"https:\/\/api.w.org\/{rel}","templated":true}]}}