{"id":19632,"date":"2023-10-12T13:46:30","date_gmt":"2023-10-12T19:46:30","guid":{"rendered":"https:\/\/contextoanalisisperiodistico.com\/index.php\/2023\/10\/12\/continua-ieea-construyendo-historias-de-superacion\/"},"modified":"2023-10-12T13:46:30","modified_gmt":"2023-10-12T19:46:30","slug":"continua-ieea-construyendo-historias-de-superacion","status":"publish","type":"post","link":"https:\/\/contextoanalisisperiodistico.com\/index.php\/2023\/10\/12\/continua-ieea-construyendo-historias-de-superacion\/","title":{"rendered":"Contin\u00faa IEEA construyendo historias de superaci\u00f3n"},"content":{"rendered":"<div id=\"fb-root\"><\/div>\n\n<p>\u2022 Actualmente el Instituto atiende a 44 mil 25 personas educandas mayores de 15 a\u00f1os, a trav\u00e9s de las modalidades de alfabetizaci\u00f3n, primaria y secundaria<\/p>\n\n\n\n<figure class=\"wp-block-image size-large\"><img fetchpriority=\"high\" decoding=\"async\" width=\"990\" height=\"660\" src=\"https:\/\/contextoanalisisperiodistico.com\/wp-content\/uploads\/2023\/10\/img-20231012-wa00445894876168407876667.jpg\" alt=\"\" class=\"wp-image-19630\" srcset=\"https:\/\/contextoanalisisperiodistico.com\/wp-content\/uploads\/2023\/10\/img-20231012-wa00445894876168407876667.jpg 990w, https:\/\/contextoanalisisperiodistico.com\/wp-content\/uploads\/2023\/10\/img-20231012-wa00445894876168407876667-300x200.jpg 300w, https:\/\/contextoanalisisperiodistico.com\/wp-content\/uploads\/2023\/10\/img-20231012-wa00445894876168407876667-768x512.jpg 768w\" sizes=\"(max-width: 990px) 100vw, 990px\" \/><\/figure>\n\n\n\n<figure class=\"wp-block-image\"><img decoding=\"async\" width=\"300\" height=\"200\" src=\"https:\/\/contextoanalisisperiodistico.com\/wp-content\/uploads\/2023\/10\/img-20231012-wa00457244113119573379923-300x200.jpg\" alt=\"\" class=\"wp-image-19631\" srcset=\"https:\/\/contextoanalisisperiodistico.com\/wp-content\/uploads\/2023\/10\/img-20231012-wa00457244113119573379923-300x200.jpg 300w, https:\/\/contextoanalisisperiodistico.com\/wp-content\/uploads\/2023\/10\/img-20231012-wa00457244113119573379923-768x512.jpg 768w, https:\/\/contextoanalisisperiodistico.com\/wp-content\/uploads\/2023\/10\/img-20231012-wa00457244113119573379923.jpg 990w\" sizes=\"(max-width: 300px) 100vw, 300px\" \/><\/figure>\n\n\n\n<p>Oaxaca de Ju\u00e1rez, Oax. 12 de octubre de 2023.- Con 68 a\u00f1os de edad, don Nereo L\u00f3pez Hern\u00e1ndez, originario del municipio de Zimatl\u00e1n de \u00c1lvarez, es un ejemplo de inspiraci\u00f3n y motivaci\u00f3n para las personas que buscan su superaci\u00f3n escolar, al concluir su educaci\u00f3n secundaria en el Instituto Estatal de Educaci\u00f3n para Adultos (IEEA).<\/p>\n\n\n\n<p>Don Nereo narr\u00f3 que a muy temprana edad decidi\u00f3 salir de su comunidad en busca de un futuro mejor, por lo que emigr\u00f3 a Canad\u00e1 y Estados Unidos en varias ocasiones, a fin de brindarle a su esposa e hijos una mejor calidad de vida.<\/p>\n\n\n\n<p>\u201cYo he trabajado de todo, sembraba tomate, miltomate, chile de agua, siempre me he esforzado por salir adelante\u201d, dijo. Actualmente dedica su tiempo a velar las instalaciones de una empresa mezcalera y atiende un negocio familiar<\/p>\n\n\n\n<p>Consciente de la necesidad del estudio, relat\u00f3 que debido a las escasas oportunidades de su \u00e9poca, durante su ni\u00f1ez s\u00f3lo curs\u00f3 la educaci\u00f3n primaria.<\/p>\n\n\n\n<p>\u201cNo cre\u00ed que seguir\u00eda estudiando, pens\u00e9 que llegar\u00eda hasta ah\u00ed; pero un d\u00eda vino una maestra quien me pregunt\u00f3 sobre la escuela y al contarle sobre mi grado de estudios me invit\u00f3 a seguir estudiando. Hoy, afortunadamente estoy por recibir mi certificado de secundaria\u201d, manifest\u00f3.<\/p>\n\n\n\n<p>Es as\u00ed como don Nereo invita a las personas a continuar sus estudios y aprovechar las oportunidades que brinda el IEEA, \u201cSiempre es necesario saber y conocer, porque si no sabemos leer y escribir, es muy dif\u00edcil salir adelante\u201d indic\u00f3.<\/p>\n\n\n\n<p>Ahora, don Nereo se siente entusiasmado por aprender cosas nuevas. Los conocimientos adquiridos al concluir su educaci\u00f3n secundaria le permitir\u00e1n mejorar en la administraci\u00f3n de su negocio y en su desempe\u00f1o en el trabajo.<\/p>\n\n\n\n<p>El IEEA brinda servicios educativos para personas mayores de 15 a\u00f1os, a trav\u00e9s de las modalidades de alfabetizaci\u00f3n, primaria y secundaria. Actualmente se atienden a 44 mil 25 personas educandas mediante 26 coordinaciones de Zona y 2 mil 200 c\u00edrculos de estudios.<\/p>\n\n\n\n<p>Las personas interesadas que deseen m\u00e1s informaci\u00f3n pueden comunicarse al tel\u00e9fono 951 502 14 90 extensi\u00f3n 535 o acudir a las instalaciones ubicadas en Heroica Escuela Naval Militar n\u00famero 701, colonia Reforma, Oaxaca de Ju\u00e1rez.<\/p>\n\n\n\n<p>-0-<\/p>\n","protected":false},"excerpt":{"rendered":"<p>\u2022 Actualmente el Instituto atiende a 44 mil 25 personas educandas mayores de 15 a\u00f1os,&#8230;<\/p>\n","protected":false},"author":4,"featured_media":19629,"comment_status":"","ping_status":"open","sticky":false,"template":"","format":"standard","meta":{"footnotes":""},"categories":[91],"tags":[],"jetpack_sharing_enabled":true,"featured_image_urls":{"full":["https:\/\/contextoanalisisperiodistico.com\/wp-content\/uploads\/2023\/10\/IMG-20231012-WA0043.jpg",990,660,false],"thumbnail":["https:\/\/contextoanalisisperiodistico.com\/wp-content\/uploads\/2023\/10\/IMG-20231012-WA0043-150x150.jpg",150,150,true],"medium":["https:\/\/contextoanalisisperiodistico.com\/wp-content\/uploads\/2023\/10\/IMG-20231012-WA0043-300x200.jpg",300,200,true],"medium_large":["https:\/\/contextoanalisisperiodistico.com\/wp-content\/uploads\/2023\/10\/IMG-20231012-WA0043-768x512.jpg",640,427,true],"large":["https:\/\/contextoanalisisperiodistico.com\/wp-content\/uploads\/2023\/10\/IMG-20231012-WA0043.jpg",640,427,false],"1536x1536":["https:\/\/contextoanalisisperiodistico.com\/wp-content\/uploads\/2023\/10\/IMG-20231012-WA0043.jpg",990,660,false],"2048x2048":["https:\/\/contextoanalisisperiodistico.com\/wp-content\/uploads\/2023\/10\/IMG-20231012-WA0043.jpg",990,660,false],"covernews-slider-full":["https:\/\/contextoanalisisperiodistico.com\/wp-content\/uploads\/2023\/10\/IMG-20231012-WA0043.jpg",990,660,false],"covernews-slider-center":["https:\/\/contextoanalisisperiodistico.com\/wp-content\/uploads\/2023\/10\/IMG-20231012-WA0043-800x500.jpg",800,500,true],"covernews-featured":["https:\/\/contextoanalisisperiodistico.com\/wp-content\/uploads\/2023\/10\/IMG-20231012-WA0043.jpg",990,660,false],"covernews-medium":["https:\/\/contextoanalisisperiodistico.com\/wp-content\/uploads\/2023\/10\/IMG-20231012-WA0043-540x340.jpg",540,340,true],"covernews-medium-square":["https:\/\/contextoanalisisperiodistico.com\/wp-content\/uploads\/2023\/10\/IMG-20231012-WA0043-400x250.jpg",400,250,true]},"author_info":{"display_name":"Mario Gir\u00f3n","author_link":"https:\/\/contextoanalisisperiodistico.com\/index.php\/author\/director\/"},"category_info":"<a href=\"https:\/\/contextoanalisisperiodistico.com\/index.php\/category\/educacion\/\" rel=\"category tag\">Educaci\u00f3n<\/a>","tag_info":"Educaci\u00f3n","comment_count":"0","jetpack_featured_media_url":"https:\/\/contextoanalisisperiodistico.com\/wp-content\/uploads\/2023\/10\/IMG-20231012-WA0043.jpg","_links":{"self":[{"href":"https:\/\/contextoanalisisperiodistico.com\/index.php\/wp-json\/wp\/v2\/posts\/19632"}],"collection":[{"href":"https:\/\/contextoanalisisperiodistico.com\/index.php\/wp-json\/wp\/v2\/posts"}],"about":[{"href":"https:\/\/contextoanalisisperiodistico.com\/index.php\/wp-json\/wp\/v2\/types\/post"}],"author":[{"embeddable":true,"href":"https:\/\/contextoanalisisperiodistico.com\/index.php\/wp-json\/wp\/v2\/users\/4"}],"replies":[{"embeddable":true,"href":"https:\/\/contextoanalisisperiodistico.com\/index.php\/wp-json\/wp\/v2\/comments?post=19632"}],"version-history":[{"count":0,"href":"https:\/\/contextoanalisisperiodistico.com\/index.php\/wp-json\/wp\/v2\/posts\/19632\/revisions"}],"wp:featuredmedia":[{"embeddable":true,"href":"https:\/\/contextoanalisisperiodistico.com\/index.php\/wp-json\/wp\/v2\/media\/19629"}],"wp:attachment":[{"href":"https:\/\/contextoanalisisperiodistico.com\/index.php\/wp-json\/wp\/v2\/media?parent=19632"}],"wp:term":[{"taxonomy":"category","embeddable":true,"href":"https:\/\/contextoanalisisperiodistico.com\/index.php\/wp-json\/wp\/v2\/categories?post=19632"},{"taxonomy":"post_tag","embeddable":true,"href":"https:\/\/contextoanalisisperiodistico.com\/index.php\/wp-json\/wp\/v2\/tags?post=19632"}],"curies":[{"name":"wp","href":"https:\/\/api.w.org\/{rel}","templated":true}]}}