{"id":19609,"date":"2023-10-11T19:43:11","date_gmt":"2023-10-12T01:43:11","guid":{"rendered":"https:\/\/contextoanalisisperiodistico.com\/index.php\/2023\/10\/11\/registra-sso-53-casos-nuevos-de-dengue-suman-mil-216-confirmados\/"},"modified":"2023-10-11T19:45:04","modified_gmt":"2023-10-12T01:45:04","slug":"registra-sso-53-casos-nuevos-de-dengue-suman-mil-216-confirmados","status":"publish","type":"post","link":"https:\/\/contextoanalisisperiodistico.com\/index.php\/2023\/10\/11\/registra-sso-53-casos-nuevos-de-dengue-suman-mil-216-confirmados\/","title":{"rendered":"Registra SSO 53 casos nuevos de dengue"},"content":{"rendered":"<div id=\"fb-root\"><\/div>\n\n<p>(*) Suman mil 216 confirmados <\/p>\n\n\n\n<p>Oaxaca de Ju\u00e1rez, Oax. 11 de octubre de 2023.- Durante el corte semanal de dengue, la jefa de la Unidad de Epidemiologia de los Servicios de Salud de Oaxaca (SSO) Mayliz Esparza Castellanos dio a conocer que hasta la semana epidemiol\u00f3gica n\u00famero 40 en la entidad se registraron 53 casos nuevos de dengue, para un total de mil 216 confirmados acumulados.<\/p>\n\n\n\n<p>Detall\u00f3 que de acuerdo con su clasificaci\u00f3n cl\u00ednica: 581 corresponden a Dengue No Grave (DNG), 593 a Dengue Con Signos de Alarma (DCSA), y 42 a Dengue Grave (DG), cifras que colocan a la entidad en el lugar n\u00famero diez a nivel nacional.<\/p>\n\n\n\n<p>Los casos se distribuyen por Jurisdicci\u00f3n Sanitaria de la siguiente manera: Valles Centrales 861 casos, Istmo 100, Tuxtepec 82, Costa 77, Mixteca 66 y Sierra 30.<\/p>\n\n\n\n<p>Mencion\u00f3 que de los 53 casos nuevos, 25 pertenecen al sexo femenino y 28 al masculino. Y la cifra de defunciones se mantiene en seis lamentables decesos.<\/p>\n\n\n\n<p>Esparza Castellanos dio a conocer que la dependencia ha realizado acciones intensivas de control larvario en 457 localidades de 133 municipios.<\/p>\n\n\n\n<p>Se ha trabajado rociado residual en 385 localidades de 166 municipios, y nebulizaci\u00f3n Ultra Bajo Volumen y Nebulizaci\u00f3n T\u00e9rmica o Termonebulizaci\u00f3n; en 337 localidades, de 146 municipios; con un total 101 mil hect\u00e1reas y se mantiene la Vigilancia Entomol\u00f3gica con ovitrampas en las localidades prioritarias.<\/p>\n\n\n\n<p>Para ponerle un alto al incremento de casos, la participaci\u00f3n es esencial con acciones de patio y vivienda saludable, ya que la salud es responsabilidad de todas y todos, concluy\u00f3.<\/p>\n\n\n\n<p>-0-<\/p>\n\n\n\n<figure class=\"wp-block-image size-large\"><img fetchpriority=\"high\" decoding=\"async\" width=\"1024\" height=\"461\" src=\"https:\/\/contextoanalisisperiodistico.com\/wp-content\/uploads\/2023\/10\/img-20231011-wa01508610796238901584927-1024x461.jpg\" alt=\"\" class=\"wp-image-19608\" srcset=\"https:\/\/contextoanalisisperiodistico.com\/wp-content\/uploads\/2023\/10\/img-20231011-wa01508610796238901584927-1024x461.jpg 1024w, https:\/\/contextoanalisisperiodistico.com\/wp-content\/uploads\/2023\/10\/img-20231011-wa01508610796238901584927-300x135.jpg 300w, https:\/\/contextoanalisisperiodistico.com\/wp-content\/uploads\/2023\/10\/img-20231011-wa01508610796238901584927-768x346.jpg 768w, https:\/\/contextoanalisisperiodistico.com\/wp-content\/uploads\/2023\/10\/img-20231011-wa01508610796238901584927-1536x692.jpg 1536w, https:\/\/contextoanalisisperiodistico.com\/wp-content\/uploads\/2023\/10\/img-20231011-wa01508610796238901584927.jpg 1600w\" sizes=\"(max-width: 1024px) 100vw, 1024px\" \/><\/figure>\n","protected":false},"excerpt":{"rendered":"<p>(*) Suman mil 216 confirmados Oaxaca de Ju\u00e1rez, Oax. 11 de octubre de 2023.- Durante&#8230;<\/p>\n","protected":false},"author":4,"featured_media":19607,"comment_status":"closed","ping_status":"open","sticky":false,"template":"","format":"standard","meta":{"footnotes":""},"categories":[92],"tags":[],"jetpack_sharing_enabled":true,"featured_image_urls":{"full":["https:\/\/contextoanalisisperiodistico.com\/wp-content\/uploads\/2023\/10\/IMG-20231011-WA0149.jpg",688,1600,false],"thumbnail":["https:\/\/contextoanalisisperiodistico.com\/wp-content\/uploads\/2023\/10\/IMG-20231011-WA0149-150x150.jpg",150,150,true],"medium":["https:\/\/contextoanalisisperiodistico.com\/wp-content\/uploads\/2023\/10\/IMG-20231011-WA0149-129x300.jpg",129,300,true],"medium_large":["https:\/\/contextoanalisisperiodistico.com\/wp-content\/uploads\/2023\/10\/IMG-20231011-WA0149.jpg",640,1488,false],"large":["https:\/\/contextoanalisisperiodistico.com\/wp-content\/uploads\/2023\/10\/IMG-20231011-WA0149-440x1024.jpg",440,1024,true],"1536x1536":["https:\/\/contextoanalisisperiodistico.com\/wp-content\/uploads\/2023\/10\/IMG-20231011-WA0149-660x1536.jpg",660,1536,true],"2048x2048":["https:\/\/contextoanalisisperiodistico.com\/wp-content\/uploads\/2023\/10\/IMG-20231011-WA0149.jpg",688,1600,false],"covernews-slider-full":["https:\/\/contextoanalisisperiodistico.com\/wp-content\/uploads\/2023\/10\/IMG-20231011-WA0149-688x715.jpg",688,715,true],"covernews-slider-center":["https:\/\/contextoanalisisperiodistico.com\/wp-content\/uploads\/2023\/10\/IMG-20231011-WA0149-688x500.jpg",688,500,true],"covernews-featured":["https:\/\/contextoanalisisperiodistico.com\/wp-content\/uploads\/2023\/10\/IMG-20231011-WA0149.jpg",688,1600,false],"covernews-medium":["https:\/\/contextoanalisisperiodistico.com\/wp-content\/uploads\/2023\/10\/IMG-20231011-WA0149-540x340.jpg",540,340,true],"covernews-medium-square":["https:\/\/contextoanalisisperiodistico.com\/wp-content\/uploads\/2023\/10\/IMG-20231011-WA0149-400x250.jpg",400,250,true]},"author_info":{"display_name":"Mario Gir\u00f3n","author_link":"https:\/\/contextoanalisisperiodistico.com\/index.php\/author\/director\/"},"category_info":"<a href=\"https:\/\/contextoanalisisperiodistico.com\/index.php\/category\/salud\/\" rel=\"category tag\">Salud<\/a>","tag_info":"Salud","comment_count":"0","jetpack_featured_media_url":"https:\/\/contextoanalisisperiodistico.com\/wp-content\/uploads\/2023\/10\/IMG-20231011-WA0149.jpg","_links":{"self":[{"href":"https:\/\/contextoanalisisperiodistico.com\/index.php\/wp-json\/wp\/v2\/posts\/19609"}],"collection":[{"href":"https:\/\/contextoanalisisperiodistico.com\/index.php\/wp-json\/wp\/v2\/posts"}],"about":[{"href":"https:\/\/contextoanalisisperiodistico.com\/index.php\/wp-json\/wp\/v2\/types\/post"}],"author":[{"embeddable":true,"href":"https:\/\/contextoanalisisperiodistico.com\/index.php\/wp-json\/wp\/v2\/users\/4"}],"replies":[{"embeddable":true,"href":"https:\/\/contextoanalisisperiodistico.com\/index.php\/wp-json\/wp\/v2\/comments?post=19609"}],"version-history":[{"count":1,"href":"https:\/\/contextoanalisisperiodistico.com\/index.php\/wp-json\/wp\/v2\/posts\/19609\/revisions"}],"predecessor-version":[{"id":19610,"href":"https:\/\/contextoanalisisperiodistico.com\/index.php\/wp-json\/wp\/v2\/posts\/19609\/revisions\/19610"}],"wp:featuredmedia":[{"embeddable":true,"href":"https:\/\/contextoanalisisperiodistico.com\/index.php\/wp-json\/wp\/v2\/media\/19607"}],"wp:attachment":[{"href":"https:\/\/contextoanalisisperiodistico.com\/index.php\/wp-json\/wp\/v2\/media?parent=19609"}],"wp:term":[{"taxonomy":"category","embeddable":true,"href":"https:\/\/contextoanalisisperiodistico.com\/index.php\/wp-json\/wp\/v2\/categories?post=19609"},{"taxonomy":"post_tag","embeddable":true,"href":"https:\/\/contextoanalisisperiodistico.com\/index.php\/wp-json\/wp\/v2\/tags?post=19609"}],"curies":[{"name":"wp","href":"https:\/\/api.w.org\/{rel}","templated":true}]}}