{"id":19601,"date":"2023-10-11T18:53:42","date_gmt":"2023-10-12T00:53:42","guid":{"rendered":"https:\/\/contextoanalisisperiodistico.com\/index.php\/2023\/10\/11\/garantiza-sspc-de-oaxaca-derecho-a-la-educacion-de-ppl\/"},"modified":"2023-10-11T18:53:42","modified_gmt":"2023-10-12T00:53:42","slug":"garantiza-sspc-de-oaxaca-derecho-a-la-educacion-de-ppl","status":"publish","type":"post","link":"https:\/\/contextoanalisisperiodistico.com\/index.php\/2023\/10\/11\/garantiza-sspc-de-oaxaca-derecho-a-la-educacion-de-ppl\/","title":{"rendered":"Garantiza SSPC de Oaxaca derecho a la educaci\u00f3n de PPL"},"content":{"rendered":"<div id=\"fb-root\"><\/div>\n\n<p>\u2022 En coordinaci\u00f3n con diversas instancias del Gobierno del Estado se establecen acciones para que este sector inicie, contin\u00fae y culmine sus estudios en los niveles b\u00e1sico, medio superior y superior<\/p>\n\n\n\n<figure class=\"wp-block-image size-large\"><img fetchpriority=\"high\" decoding=\"async\" width=\"1024\" height=\"576\" src=\"https:\/\/contextoanalisisperiodistico.com\/wp-content\/uploads\/2023\/10\/img-20231011-wa01096137932921589700480-1024x576.jpg\" alt=\"\" class=\"wp-image-19599\" srcset=\"https:\/\/contextoanalisisperiodistico.com\/wp-content\/uploads\/2023\/10\/img-20231011-wa01096137932921589700480-1024x576.jpg 1024w, https:\/\/contextoanalisisperiodistico.com\/wp-content\/uploads\/2023\/10\/img-20231011-wa01096137932921589700480-300x169.jpg 300w, https:\/\/contextoanalisisperiodistico.com\/wp-content\/uploads\/2023\/10\/img-20231011-wa01096137932921589700480-768x432.jpg 768w, https:\/\/contextoanalisisperiodistico.com\/wp-content\/uploads\/2023\/10\/img-20231011-wa01096137932921589700480.jpg 1280w\" sizes=\"(max-width: 1024px) 100vw, 1024px\" \/><\/figure>\n\n\n\n<figure class=\"wp-block-image\"><img decoding=\"async\" width=\"300\" height=\"225\" src=\"https:\/\/contextoanalisisperiodistico.com\/wp-content\/uploads\/2023\/10\/img-20231011-wa01076670454392249844224-300x225.jpg\" alt=\"\" class=\"wp-image-19600\" srcset=\"https:\/\/contextoanalisisperiodistico.com\/wp-content\/uploads\/2023\/10\/img-20231011-wa01076670454392249844224-300x225.jpg 300w, https:\/\/contextoanalisisperiodistico.com\/wp-content\/uploads\/2023\/10\/img-20231011-wa01076670454392249844224-768x576.jpg 768w, https:\/\/contextoanalisisperiodistico.com\/wp-content\/uploads\/2023\/10\/img-20231011-wa01076670454392249844224.jpg 1024w\" sizes=\"(max-width: 300px) 100vw, 300px\" \/><\/figure>\n\n\n\n<p>Oaxaca de Ju\u00e1rez, Oax. 11 de octubre de 2023.- A fin de garantizar el derecho a la educaci\u00f3n en todos los sectores de la entidad, instituciones del Gobierno del Estado acordaron acciones que permitan a las Personas Privadas de la Libertad (PPL) iniciar, continuar y culminar sus estudios en los niveles b\u00e1sico, medio superior y superior.<\/p>\n\n\n\n<p>Como parte del eje rector de Reinserci\u00f3n Social, la Secretar\u00eda de Seguridad y Protecci\u00f3n Ciudadana (SSPC) encabez\u00f3 una mesa de trabajo con representantes del Instituto Estatal de Educaci\u00f3n para Adultos (IEEA), el Instituto Estatal de Educaci\u00f3n P\u00fablica de Oaxaca (IEEPO) y la Coordinaci\u00f3n General de Educaci\u00f3n Media Superior, Superior, Ciencia y Tecnolog\u00eda (CGEMSySCyT) para establecer estrategias que les permita a las PPL cursar o concluir sus estudios.<\/p>\n\n\n\n<p>Los acuerdos generados buscan reforzar la implementaci\u00f3n del Modelo Integral de Reinserci\u00f3n Social para lograr que las PPL tengan una reincorporaci\u00f3n social efectiva, mediante el inicio, la continuidad o culminaci\u00f3n de sus estudios del nivel b\u00e1sico, medio superior o superior.<\/p>\n\n\n\n<p>A trav\u00e9s de la Subsecretar\u00eda de Prevenci\u00f3n y Reinserci\u00f3n Social se realizan acciones en materia educativa. Seg\u00fan el reporte institucional correspondiente a la semana del 27 de septiembre al 3 de octubre de 2023, 542 Personas Privadas de la Libertad se encuentran inscritos en diferentes niveles educativos.<\/p>\n\n\n\n<p>Mediante estas acciones, la SSPC que encabeza Iv\u00e1n Garc\u00eda \u00c1lvarez da cumplimiento al eje estrat\u00e9gico de pol\u00edtica p\u00fablica implementada por el Gobierno del Estado sobre un Nuevo Pacto Social y la Reparaci\u00f3n Hist\u00f3rica de los Pueblos que impulsa el Gobernador Salom\u00f3n Jara Cruz.<\/p>\n\n\n\n<p>-0-<\/p>\n","protected":false},"excerpt":{"rendered":"<p>\u2022 En coordinaci\u00f3n con diversas instancias del Gobierno del Estado se establecen acciones para que&#8230;<\/p>\n","protected":false},"author":4,"featured_media":19598,"comment_status":"","ping_status":"open","sticky":false,"template":"","format":"standard","meta":{"footnotes":""},"categories":[9],"tags":[],"jetpack_sharing_enabled":true,"featured_image_urls":{"full":["https:\/\/contextoanalisisperiodistico.com\/wp-content\/uploads\/2023\/10\/IMG-20231011-WA0110.jpg",1024,683,false],"thumbnail":["https:\/\/contextoanalisisperiodistico.com\/wp-content\/uploads\/2023\/10\/IMG-20231011-WA0110-150x150.jpg",150,150,true],"medium":["https:\/\/contextoanalisisperiodistico.com\/wp-content\/uploads\/2023\/10\/IMG-20231011-WA0110-300x200.jpg",300,200,true],"medium_large":["https:\/\/contextoanalisisperiodistico.com\/wp-content\/uploads\/2023\/10\/IMG-20231011-WA0110-768x512.jpg",640,427,true],"large":["https:\/\/contextoanalisisperiodistico.com\/wp-content\/uploads\/2023\/10\/IMG-20231011-WA0110.jpg",640,427,false],"1536x1536":["https:\/\/contextoanalisisperiodistico.com\/wp-content\/uploads\/2023\/10\/IMG-20231011-WA0110.jpg",1024,683,false],"2048x2048":["https:\/\/contextoanalisisperiodistico.com\/wp-content\/uploads\/2023\/10\/IMG-20231011-WA0110.jpg",1024,683,false],"covernews-slider-full":["https:\/\/contextoanalisisperiodistico.com\/wp-content\/uploads\/2023\/10\/IMG-20231011-WA0110.jpg",1024,683,false],"covernews-slider-center":["https:\/\/contextoanalisisperiodistico.com\/wp-content\/uploads\/2023\/10\/IMG-20231011-WA0110-800x500.jpg",800,500,true],"covernews-featured":["https:\/\/contextoanalisisperiodistico.com\/wp-content\/uploads\/2023\/10\/IMG-20231011-WA0110.jpg",1024,683,false],"covernews-medium":["https:\/\/contextoanalisisperiodistico.com\/wp-content\/uploads\/2023\/10\/IMG-20231011-WA0110-540x340.jpg",540,340,true],"covernews-medium-square":["https:\/\/contextoanalisisperiodistico.com\/wp-content\/uploads\/2023\/10\/IMG-20231011-WA0110-400x250.jpg",400,250,true]},"author_info":{"display_name":"Mario Gir\u00f3n","author_link":"https:\/\/contextoanalisisperiodistico.com\/index.php\/author\/director\/"},"category_info":"<a href=\"https:\/\/contextoanalisisperiodistico.com\/index.php\/category\/politica\/\" rel=\"category tag\">Pol\u00edtica<\/a>","tag_info":"Pol\u00edtica","comment_count":"0","jetpack_featured_media_url":"https:\/\/contextoanalisisperiodistico.com\/wp-content\/uploads\/2023\/10\/IMG-20231011-WA0110.jpg","_links":{"self":[{"href":"https:\/\/contextoanalisisperiodistico.com\/index.php\/wp-json\/wp\/v2\/posts\/19601"}],"collection":[{"href":"https:\/\/contextoanalisisperiodistico.com\/index.php\/wp-json\/wp\/v2\/posts"}],"about":[{"href":"https:\/\/contextoanalisisperiodistico.com\/index.php\/wp-json\/wp\/v2\/types\/post"}],"author":[{"embeddable":true,"href":"https:\/\/contextoanalisisperiodistico.com\/index.php\/wp-json\/wp\/v2\/users\/4"}],"replies":[{"embeddable":true,"href":"https:\/\/contextoanalisisperiodistico.com\/index.php\/wp-json\/wp\/v2\/comments?post=19601"}],"version-history":[{"count":0,"href":"https:\/\/contextoanalisisperiodistico.com\/index.php\/wp-json\/wp\/v2\/posts\/19601\/revisions"}],"wp:featuredmedia":[{"embeddable":true,"href":"https:\/\/contextoanalisisperiodistico.com\/index.php\/wp-json\/wp\/v2\/media\/19598"}],"wp:attachment":[{"href":"https:\/\/contextoanalisisperiodistico.com\/index.php\/wp-json\/wp\/v2\/media?parent=19601"}],"wp:term":[{"taxonomy":"category","embeddable":true,"href":"https:\/\/contextoanalisisperiodistico.com\/index.php\/wp-json\/wp\/v2\/categories?post=19601"},{"taxonomy":"post_tag","embeddable":true,"href":"https:\/\/contextoanalisisperiodistico.com\/index.php\/wp-json\/wp\/v2\/tags?post=19601"}],"curies":[{"name":"wp","href":"https:\/\/api.w.org\/{rel}","templated":true}]}}