{"id":19573,"date":"2023-10-11T15:20:36","date_gmt":"2023-10-11T21:20:36","guid":{"rendered":"https:\/\/contextoanalisisperiodistico.com\/index.php\/2023\/10\/11\/arranca-dif-oaxaca-campana-rompe-el-tabu-hazlo-seguro-dirigida-a-las-adolescencias\/"},"modified":"2023-10-11T15:20:36","modified_gmt":"2023-10-11T21:20:36","slug":"arranca-dif-oaxaca-campana-rompe-el-tabu-hazlo-seguro-dirigida-a-las-adolescencias","status":"publish","type":"post","link":"https:\/\/contextoanalisisperiodistico.com\/index.php\/2023\/10\/11\/arranca-dif-oaxaca-campana-rompe-el-tabu-hazlo-seguro-dirigida-a-las-adolescencias\/","title":{"rendered":"<em>Arranca DIF Oaxaca  campa\u00f1a Rompe el Tab\u00fa, hazlo seguro, dirigida a las adolescencias<\/em>"},"content":{"rendered":"<div id=\"fb-root\"><\/div>\n\n<p>\u2022 Irma Bola\u00f1os Quijano, Presidenta Honoraria del organismo encabeza el inicio de esta campa\u00f1a informativa que acompa\u00f1a a las y los adolescentes en el conocimiento de sus derechos sexuales y reproductivos<\/p>\n\n\n\n<p>Santa Mar\u00eda del Tule, Oax. 11 de octubre de 2023.- En el marco del D\u00eda Internacional de la Ni\u00f1a, el Sistema para el Desarrollo Integral de la Familia (DIF) Oaxaca arranc\u00f3 la campa\u00f1a Rompe el Tab\u00fa, hazlo seguro, en el Colegio de Bachilleres del Estado de Oaxaca (Cobao) de este municipio de los Valles Centrales, el cual consiste en la difusi\u00f3n de los derechos sexuales y reproductivos de las y los j\u00f3venes del estado.<br \/>Dicha iniciativa a cargo de la Procuradur\u00eda Estatal de Protecci\u00f3n de los Derechos de las Ni\u00f1as, Ni\u00f1os y Adolescentes del Estado de Oaxaca (Prodennao) tiene como objetivo principal reconocer a las y los adolescentes como seres sexuados, titulares de sus derechos, a quienes se les debe brindar informaci\u00f3n clara, habilidades y actitudes para el ejercicio de sus derechos de manera plena, consciente y sin discriminaci\u00f3n.<br \/>En esta meta, es necesario que tambi\u00e9n se sumen a la campa\u00f1a los padres, madres y personas cuidadoras, puesto que una de las responsabilidades es conocer con detalle los derechos sexuales y reproductivos.<br \/>En compa\u00f1\u00eda de la titular del Cobao, Ver\u00f3nica Hern\u00e1ndez Gonz\u00e1lez, personal directivo del organismo y del plantel escolar, como de autoridades municipales, Irma Bola\u00f1os Quijano, Presidenta Honoraria del DIF Oaxaca destac\u00f3 frente a la comunidad estudiantil que con esta estrategia dan cobertura institucional a un tema que hab\u00eda sido relegado de las agendas de los gobiernos anteriores: el tema de la sexualidad adolescente.<br \/>\u201cUn tema de primer orden en la vida individual, familiar y social, al cual no se le hab\u00eda prestado la debida atenci\u00f3n p\u00fablica pero que resulta crucial por sus implicaciones en la salud f\u00edsica y mental, en la maternidad temprana, en el abandono escolar y otras tantas consecuencias que tienen un impacto negativo en la vida de las y los adolescentes\u201d, enfatiz\u00f3.<br \/>En ese sentido, Bola\u00f1os Quijano enunci\u00f3 que la educaci\u00f3n escolar, la informaci\u00f3n y la debida asesor\u00eda y acompa\u00f1amiento de las madres y los padres deben ser conducidos de tal modo que las y los adolescentes asuman su sexualidad de manera plena, libre y consciente, conociendo sus derechos sexuales y reproductivos.<br \/>\u201cTrabajando en conjunto con la Prodennao, la campa\u00f1a Rompe el tab\u00fa incluye una serie de acciones de sensibilizaci\u00f3n y capacitaci\u00f3n como pl\u00e1ticas, seminarios y talleres de informaci\u00f3n psicoeducativa dirigidos a las y los adolescentes, cuidadores, poblaci\u00f3n docente, madres y padres de familia\u201d, agreg\u00f3.<br \/>A su vez, la titular de la Prodennao, Yarib Hern\u00e1ndez Garc\u00eda explic\u00f3 que la campa\u00f1a Rompe el tab\u00fa, hazlo seguro incorpora una perspectiva de derechos humanos de ni\u00f1as, ni\u00f1os y adolescentes, de g\u00e9nero, intercultural, de desarrollo y una perspectiva sist\u00e9mica.<br \/>Esto permite, continu\u00f3 la titular de la Prodennao, que las acciones se implementen en tres tipos de poblaci\u00f3n: para las y los adolescentes a quienes de forma amigable y resolviendo sus dudas se les informar\u00e1 sobre el ejercicio de su sexualidad de forma segura, informada; voluntaria y responsable para padres, madres y cuidadores, quienes acceder\u00e1n a jornadas para brindar informaci\u00f3n sobre temas como los derechos sexuales y reproductivos de las y los adolescentes; desmitificando, la sexualidad en la adolescencia, \u00bfC\u00f3mo hablar de sexualidad con mi hijo\/hija adolescente?<br \/>Por otro lado, detall\u00f3 que est\u00e1 enfocada para la poblaci\u00f3n docente a trav\u00e9s de un proceso de formaci\u00f3n en donde se abordar\u00e1n temas como la funci\u00f3n docente ante las expresiones sexuales de las y los adolescentes; pr\u00e1cticas generales que pueden favorecer un desarrollo sexual saludable en la adolescencia; c\u00f3mo fomentar la participaci\u00f3n de las y los adolescentes; y acerca de las discusiones e iniciativa que involucren los derechos sexuales y reproductivos e informaci\u00f3n sobre la ruta de atenci\u00f3n en casos de violencia sexual.<br \/>Esta actividad se ir\u00e1 replicando en un primer momento entre el estudiantado de nivel bachillerato, con la \u00fanica finalidad de llegar a todas las personas adolescentes del estado de Oaxaca.<br \/>-0-<\/p>\n\n\n\n<figure class=\"wp-block-image size-large\"><img fetchpriority=\"high\" decoding=\"async\" width=\"1024\" height=\"682\" src=\"https:\/\/contextoanalisisperiodistico.com\/wp-content\/uploads\/2023\/10\/img-20231011-wa00608572494265299368682-1024x682.jpg\" alt=\"\" class=\"wp-image-19572\" srcset=\"https:\/\/contextoanalisisperiodistico.com\/wp-content\/uploads\/2023\/10\/img-20231011-wa00608572494265299368682-1024x682.jpg 1024w, https:\/\/contextoanalisisperiodistico.com\/wp-content\/uploads\/2023\/10\/img-20231011-wa00608572494265299368682-300x200.jpg 300w, https:\/\/contextoanalisisperiodistico.com\/wp-content\/uploads\/2023\/10\/img-20231011-wa00608572494265299368682-768x512.jpg 768w, https:\/\/contextoanalisisperiodistico.com\/wp-content\/uploads\/2023\/10\/img-20231011-wa00608572494265299368682-1536x1023.jpg 1536w, https:\/\/contextoanalisisperiodistico.com\/wp-content\/uploads\/2023\/10\/img-20231011-wa00608572494265299368682.jpg 1600w\" sizes=\"(max-width: 1024px) 100vw, 1024px\" \/><\/figure>\n\n\n\n<figure class=\"wp-block-image\"><img decoding=\"async\" width=\"1024\" height=\"682\" src=\"https:\/\/contextoanalisisperiodistico.com\/wp-content\/uploads\/2023\/10\/img-20231011-wa00743127828837868205920-1024x682.jpg\" alt=\"\" class=\"wp-image-19571\" srcset=\"https:\/\/contextoanalisisperiodistico.com\/wp-content\/uploads\/2023\/10\/img-20231011-wa00743127828837868205920-1024x682.jpg 1024w, https:\/\/contextoanalisisperiodistico.com\/wp-content\/uploads\/2023\/10\/img-20231011-wa00743127828837868205920-300x200.jpg 300w, https:\/\/contextoanalisisperiodistico.com\/wp-content\/uploads\/2023\/10\/img-20231011-wa00743127828837868205920-768x512.jpg 768w, https:\/\/contextoanalisisperiodistico.com\/wp-content\/uploads\/2023\/10\/img-20231011-wa00743127828837868205920-1536x1023.jpg 1536w, https:\/\/contextoanalisisperiodistico.com\/wp-content\/uploads\/2023\/10\/img-20231011-wa00743127828837868205920.jpg 1600w\" sizes=\"(max-width: 1024px) 100vw, 1024px\" \/><\/figure>\n\n\n\n<figure class=\"wp-block-image\"><img decoding=\"async\" width=\"1024\" height=\"682\" src=\"https:\/\/contextoanalisisperiodistico.com\/wp-content\/uploads\/2023\/10\/img-20231011-wa00753636965079477845692-1024x682.jpg\" alt=\"\" class=\"wp-image-19570\" srcset=\"https:\/\/contextoanalisisperiodistico.com\/wp-content\/uploads\/2023\/10\/img-20231011-wa00753636965079477845692-1024x682.jpg 1024w, https:\/\/contextoanalisisperiodistico.com\/wp-content\/uploads\/2023\/10\/img-20231011-wa00753636965079477845692-300x200.jpg 300w, https:\/\/contextoanalisisperiodistico.com\/wp-content\/uploads\/2023\/10\/img-20231011-wa00753636965079477845692-768x512.jpg 768w, https:\/\/contextoanalisisperiodistico.com\/wp-content\/uploads\/2023\/10\/img-20231011-wa00753636965079477845692-1536x1023.jpg 1536w, https:\/\/contextoanalisisperiodistico.com\/wp-content\/uploads\/2023\/10\/img-20231011-wa00753636965079477845692.jpg 1600w\" sizes=\"(max-width: 1024px) 100vw, 1024px\" \/><\/figure>\n","protected":false},"excerpt":{"rendered":"<p>\u2022 Irma Bola\u00f1os Quijano, Presidenta Honoraria del organismo encabeza el inicio de esta campa\u00f1a informativa&#8230;<\/p>\n","protected":false},"author":4,"featured_media":19569,"comment_status":"","ping_status":"open","sticky":false,"template":"","format":"standard","meta":{"footnotes":""},"categories":[7],"tags":[],"jetpack_sharing_enabled":true,"featured_image_urls":{"full":["https:\/\/contextoanalisisperiodistico.com\/wp-content\/uploads\/2023\/10\/IMG-20231011-WA0076.jpg",1600,1066,false],"thumbnail":["https:\/\/contextoanalisisperiodistico.com\/wp-content\/uploads\/2023\/10\/IMG-20231011-WA0076-150x150.jpg",150,150,true],"medium":["https:\/\/contextoanalisisperiodistico.com\/wp-content\/uploads\/2023\/10\/IMG-20231011-WA0076-300x200.jpg",300,200,true],"medium_large":["https:\/\/contextoanalisisperiodistico.com\/wp-content\/uploads\/2023\/10\/IMG-20231011-WA0076-768x512.jpg",640,427,true],"large":["https:\/\/contextoanalisisperiodistico.com\/wp-content\/uploads\/2023\/10\/IMG-20231011-WA0076-1024x682.jpg",640,426,true],"1536x1536":["https:\/\/contextoanalisisperiodistico.com\/wp-content\/uploads\/2023\/10\/IMG-20231011-WA0076-1536x1023.jpg",1536,1023,true],"2048x2048":["https:\/\/contextoanalisisperiodistico.com\/wp-content\/uploads\/2023\/10\/IMG-20231011-WA0076.jpg",1600,1066,false],"covernews-slider-full":["https:\/\/contextoanalisisperiodistico.com\/wp-content\/uploads\/2023\/10\/IMG-20231011-WA0076-1115x715.jpg",1115,715,true],"covernews-slider-center":["https:\/\/contextoanalisisperiodistico.com\/wp-content\/uploads\/2023\/10\/IMG-20231011-WA0076-800x500.jpg",800,500,true],"covernews-featured":["https:\/\/contextoanalisisperiodistico.com\/wp-content\/uploads\/2023\/10\/IMG-20231011-WA0076-1024x682.jpg",1024,682,true],"covernews-medium":["https:\/\/contextoanalisisperiodistico.com\/wp-content\/uploads\/2023\/10\/IMG-20231011-WA0076-540x340.jpg",540,340,true],"covernews-medium-square":["https:\/\/contextoanalisisperiodistico.com\/wp-content\/uploads\/2023\/10\/IMG-20231011-WA0076-400x250.jpg",400,250,true]},"author_info":{"display_name":"Mario Gir\u00f3n","author_link":"https:\/\/contextoanalisisperiodistico.com\/index.php\/author\/director\/"},"category_info":"<a href=\"https:\/\/contextoanalisisperiodistico.com\/index.php\/category\/municipios\/\" rel=\"category tag\">Municipios<\/a>","tag_info":"Municipios","comment_count":"0","jetpack_featured_media_url":"https:\/\/contextoanalisisperiodistico.com\/wp-content\/uploads\/2023\/10\/IMG-20231011-WA0076.jpg","_links":{"self":[{"href":"https:\/\/contextoanalisisperiodistico.com\/index.php\/wp-json\/wp\/v2\/posts\/19573"}],"collection":[{"href":"https:\/\/contextoanalisisperiodistico.com\/index.php\/wp-json\/wp\/v2\/posts"}],"about":[{"href":"https:\/\/contextoanalisisperiodistico.com\/index.php\/wp-json\/wp\/v2\/types\/post"}],"author":[{"embeddable":true,"href":"https:\/\/contextoanalisisperiodistico.com\/index.php\/wp-json\/wp\/v2\/users\/4"}],"replies":[{"embeddable":true,"href":"https:\/\/contextoanalisisperiodistico.com\/index.php\/wp-json\/wp\/v2\/comments?post=19573"}],"version-history":[{"count":0,"href":"https:\/\/contextoanalisisperiodistico.com\/index.php\/wp-json\/wp\/v2\/posts\/19573\/revisions"}],"wp:featuredmedia":[{"embeddable":true,"href":"https:\/\/contextoanalisisperiodistico.com\/index.php\/wp-json\/wp\/v2\/media\/19569"}],"wp:attachment":[{"href":"https:\/\/contextoanalisisperiodistico.com\/index.php\/wp-json\/wp\/v2\/media?parent=19573"}],"wp:term":[{"taxonomy":"category","embeddable":true,"href":"https:\/\/contextoanalisisperiodistico.com\/index.php\/wp-json\/wp\/v2\/categories?post=19573"},{"taxonomy":"post_tag","embeddable":true,"href":"https:\/\/contextoanalisisperiodistico.com\/index.php\/wp-json\/wp\/v2\/tags?post=19573"}],"curies":[{"name":"wp","href":"https:\/\/api.w.org\/{rel}","templated":true}]}}