{"id":19558,"date":"2023-10-11T15:02:30","date_gmt":"2023-10-11T21:02:30","guid":{"rendered":"https:\/\/contextoanalisisperiodistico.com\/?p=19558"},"modified":"2023-10-11T15:04:05","modified_gmt":"2023-10-11T21:04:05","slug":"prepara-oaxaca-programa-para-celebracion-de-dia-de-muertos","status":"publish","type":"post","link":"https:\/\/contextoanalisisperiodistico.com\/index.php\/2023\/10\/11\/prepara-oaxaca-programa-para-celebracion-de-dia-de-muertos\/","title":{"rendered":"<em>Prepara Oaxaca programa celebraci\u00f3n D\u00eda de Muertos<\/em>"},"content":{"rendered":"<div id=\"fb-root\"><\/div>\n\n<p>\u2022 El Gobernador Salom\u00f3n Jara Cruz anunci\u00f3 que del 28 de octubre al 4 de noviembre se desarrollar\u00e1n diversas actividades para compartir con visitantes nacionales y extranjeros esta gran tradici\u00f3n<\/p>\n\n\n\n<p>\u2022 Expres\u00f3 que en este marco se prev\u00e9 el arribo de 50 mil turistas que generen una derrama econ\u00f3mica que supere los 140 millones de pesos<\/p>\n\n\n\n<p>Oaxaca de Ju\u00e1rez, Oax. 11 de octubre de 2023.- El Gobernador de Oaxaca Salom\u00f3n Jara Cruz present\u00f3 las actividades que este a\u00f1o conformar\u00e1n el programa para la celebraci\u00f3n de D\u00eda de Muertos, una de las festividades tradicionales del pa\u00eds, y en la que se prev\u00e9 arriben a la entidad 50 mil turistas nacionales y extranjeros que generen una derrama econ\u00f3mica que supere los 140 millones de pesos.<\/p>\n\n\n\n<p>\u201cEs una prioridad de este gobierno preservar las tradiciones y costumbres de todos nuestros pueblos y comunidades, es por esto que realizaremos varias actividades que comprender\u00e1n esta festividad\u201d, afirm\u00f3.<\/p>\n\n\n\n<p>El Mandatario oaxaque\u00f1o expres\u00f3 que las actividades se desarrollar\u00e1n del 28 de octubre al 4 de noviembre, para recibir el D\u00eda de Muertos con m\u00e1s emoci\u00f3n que nunca, con el objetivo de preservar las costumbres y tradiciones y difundir con M\u00e9xico y el mundo que Oaxaca es cultura, color, fiesta y respeto por sus pueblos, por sus antepasados, por la vida y la muerte.<\/p>\n\n\n\n<p>Asever\u00f3 que el d\u00eda 29 de octubre el programa arrancar\u00e1 con una magna comparsa en la que participar\u00e1n m\u00e1s de 40 contingentes originales y tradicionales pertenecientes a los 13 barrios de la capital oaxaque\u00f1a.<\/p>\n\n\n\n<p>\u201cA partir de ese d\u00eda contaremos con exposiciones de altares monumentales de las 16 culturas y el pueblo afromexicano, tapetes monumentales, talleres de artes pl\u00e1sticas para realizar catrinas y calaveras\u201d, expres\u00f3 al tiempo de se\u00f1alar que tambi\u00e9n habr\u00e1 muestras de pan, tamales y dulces, cuentos, mitos y leyendas, cine de las \u00e1nimas, conciertos de m\u00fasica sacra y popular.<\/p>\n\n\n\n<p>Tambi\u00e9n, en el z\u00f3calo de la ciudad se pondr\u00e1 en escena la obra de teatro La Llorona de Tehuantepec.<\/p>\n\n\n\n<p>Avanza reconstrucci\u00f3n de inmuebles hist\u00f3ricos en Oaxaca<\/p>\n\n\n\n<p>En la conferencia de prensa el Mandatario oaxaque\u00f1o tambi\u00e9n record\u00f3 la reciente visita de la secretaria de Cultura del Gobierno federal, Alejandra Frausto Guerrero, con quien dijo se realiz\u00f3 la supervisi\u00f3n de los trabajos de rehabilitaci\u00f3n del templo de Nuestra Se\u00f1ora de La Merced en la ciudad de Oaxaca de Ju\u00e1rez, y el templo de Santa Mar\u00eda Zegache.<\/p>\n\n\n\n<p>Jara Cruz destac\u00f3 que las acciones se realizan como parte del Programa de Reconstrucci\u00f3n y Restauraci\u00f3n del Patrimonio Hist\u00f3rico y Cultural de Oaxaca, mediante el cual se invierten 945.9 millones de pesos para 301 obras.<\/p>\n\n\n\n<p>\u201cPara nuestro gobierno, la recuperaci\u00f3n de la memoria y de los inmuebles que constituyen la riqueza material e inmaterial de nuestros pueblos y comunidades, va a seguir siendo una prioridad\u201d.<\/p>\n\n\n\n<p>Va Oaxaca por el saneamiento de los r\u00edos Atoyac y Salado<\/p>\n\n\n\n<p><br \/>El Gobernador Salom\u00f3n Jara Cruz tambi\u00e9n expres\u00f3 que para mejorar en el manejo de residuos s\u00f3lidos urbanos, se puso en marcha el programa de Fortalecimiento de capacidades municipales en materia ambiental mediante el cual se busca avanzar en el saneamiento del agua de los r\u00edos Atoyac y Salado; y junto a las autoridades municipales sentar las bases del desarrollo integral y sostenible en las 8 regiones del estado.<br \/>Encaminados en este objetivo, dijo, el domingo se realiz\u00f3 el Tequio Bienestar en un tramo del R\u00edo Atoyac, donde se atendi\u00f3 4 kil\u00f3metros con diversas acciones de embellecimiento.<\/p>\n\n\n\n<p>Oaxaca un estado con gobernabilidad y seguro para las inversiones<\/p>\n\n\n\n<p>Entre otras actividades que el Gobernador destac\u00f3, fue su participaci\u00f3n en la Reuni\u00f3n Anual de Industriales que se realiz\u00f3 en Le\u00f3n, Guanajuato, en donde dijo comparti\u00f3 las acciones que su gobierno realiza para mejorar la gobernabilidad y consolidar la transformaci\u00f3n.<\/p>\n\n\n\n<p>A\u00f1adi\u00f3 que este encuentro tambi\u00e9n permiti\u00f3 ratificar que en su gobierno el empresariado encontrar\u00e1 el aliado que se necesita para que sus inversiones prosperen con la garant\u00eda de un estado con gobernabilidad, paz, seguridad, bienestar y vigencia del estado de derecho.<\/p>\n\n\n\n<p>Gobierno de Oaxaca seguir\u00e1 aportando voluntad y esfuerzo en la Conago<\/p>\n\n\n\n<p>Jara Cruz tambi\u00e9n se\u00f1al\u00f3 que despu\u00e9s de ocho meses, entreg\u00f3 la Presidencia de la Conferencia Nacional de Gobernadores (Conago), \u00f3rgano que dej\u00f3 de ser un mecanismo polarizado y utilizado para confrontar al Gobierno de la Rep\u00fablica y se consolid\u00f3 como un espacio plural basado en el di\u00e1logo y la concertaci\u00f3n.<\/p>\n\n\n\n<p>Asever\u00f3 que durante este acto atestiguado por el Presidente Andr\u00e9s Manuel L\u00f3pez Obrador refrend\u00f3 el compromiso para seguir aportando desde Oaxaca voluntad y esfuerzo que permita seguir siendo protagonistas de las grandes transformaciones.<\/p>\n\n\n\n<p>Se suma Oaxaca a la federalizaci\u00f3n del sistema de salud<\/p>\n\n\n\n<p><br \/>El Gobernador Salom\u00f3n Jara tambi\u00e9n comparti\u00f3 la firma del Acuerdo Nacional para la Federalizaci\u00f3n del Sistema de Salud IMSS \u2013Bienestar que realiz\u00f3 este martes en Palacio Nacional junto a sus hom\u00f3logas y hom\u00f3logos del pa\u00eds, para garantizar el acceso a los servicios de salud y a medicamentos gratuitos para todas y todos los oaxaque\u00f1os.<\/p>\n\n\n\n<p>\u201cEl derecho a la salud de nuestro pueblo es una de nuestras principales prioridades, por ello, teniendo como referente los principios y valores del humanismo mexicano instrumentado por el Presidente de la Rep\u00fablica, seguiremos poniendo al pueblo al centro de las pol\u00edticas p\u00fablicas\u201d, dijo.<\/p>\n\n\n\n<p>Invita Jara Cruz a las actividades de esta semana<\/p>\n\n\n\n<p><br \/>Finalmente, el Gobernador Salom\u00f3n Jara invit\u00f3 a dos importantes eventos que tendr\u00e1n lugar en esta semana, se trata del Primer Festival del Mole de Caderas que se realizar\u00e1 en el paseo Ju\u00e1rez El Llano en la capital oaxaque\u00f1a del 13 al 15 de octubre, y la Feria Internacional del Libro que se realizar\u00e1 del 14 al 22 de octubre en el Centro Cultural y de Convenciones de Oaxaca.<\/p>\n\n\n\n<figure class=\"wp-block-image size-large\"><img fetchpriority=\"high\" decoding=\"async\" width=\"1024\" height=\"682\" src=\"https:\/\/contextoanalisisperiodistico.com\/wp-content\/uploads\/2023\/10\/img-20231011-wa00261240608805705893094-1024x682.jpg\" alt=\"\" class=\"wp-image-19560\" srcset=\"https:\/\/contextoanalisisperiodistico.com\/wp-content\/uploads\/2023\/10\/img-20231011-wa00261240608805705893094-1024x682.jpg 1024w, https:\/\/contextoanalisisperiodistico.com\/wp-content\/uploads\/2023\/10\/img-20231011-wa00261240608805705893094-300x200.jpg 300w, https:\/\/contextoanalisisperiodistico.com\/wp-content\/uploads\/2023\/10\/img-20231011-wa00261240608805705893094-768x512.jpg 768w, https:\/\/contextoanalisisperiodistico.com\/wp-content\/uploads\/2023\/10\/img-20231011-wa00261240608805705893094-1536x1023.jpg 1536w, https:\/\/contextoanalisisperiodistico.com\/wp-content\/uploads\/2023\/10\/img-20231011-wa00261240608805705893094.jpg 1600w\" sizes=\"(max-width: 1024px) 100vw, 1024px\" \/><\/figure>\n\n\n\n<figure class=\"wp-block-image\"><img decoding=\"async\" width=\"1024\" height=\"682\" src=\"https:\/\/contextoanalisisperiodistico.com\/wp-content\/uploads\/2023\/10\/img-20231011-wa00252371407543732148433-1024x682.jpg\" alt=\"\" class=\"wp-image-19561\" srcset=\"https:\/\/contextoanalisisperiodistico.com\/wp-content\/uploads\/2023\/10\/img-20231011-wa00252371407543732148433-1024x682.jpg 1024w, https:\/\/contextoanalisisperiodistico.com\/wp-content\/uploads\/2023\/10\/img-20231011-wa00252371407543732148433-300x200.jpg 300w, https:\/\/contextoanalisisperiodistico.com\/wp-content\/uploads\/2023\/10\/img-20231011-wa00252371407543732148433-768x512.jpg 768w, https:\/\/contextoanalisisperiodistico.com\/wp-content\/uploads\/2023\/10\/img-20231011-wa00252371407543732148433-1536x1023.jpg 1536w, https:\/\/contextoanalisisperiodistico.com\/wp-content\/uploads\/2023\/10\/img-20231011-wa00252371407543732148433.jpg 1600w\" sizes=\"(max-width: 1024px) 100vw, 1024px\" \/><\/figure>\n\n\n\n<p>En el Primer Festival del Mole de Caderas las personas podr\u00e1n degustar la saz\u00f3n de 20 cocineras tradicionales, quienes adem\u00e1s de ofrecer el tradicional Mole de Caderas, tambi\u00e9n compartir\u00e1n el Mole de Clavo, patitas de chivo con frijol, ubres fritas, chicharr\u00f3n de chivo, barbacoa, esquimole de chivo, mixiotes de chito y chito de chivo, entre otros platillos para degustar al paladar.<\/p>\n\n\n\n<p>Asimismo, la Feria Internacional del Libro en su edici\u00f3n n\u00famero 43 tambi\u00e9n contar\u00e1 con diversas actividades e invitados especiales en sus charlas, mesas redondas, conciertos, presentaciones de libros y lecturas.<code> -0-<\/code><\/p>\n","protected":false},"excerpt":{"rendered":"<p>\u2022 El Gobernador Salom\u00f3n Jara Cruz anunci\u00f3 que del 28 de octubre al 4 de&#8230;<\/p>\n","protected":false},"author":4,"featured_media":19559,"comment_status":"closed","ping_status":"open","sticky":false,"template":"","format":"standard","meta":{"footnotes":""},"categories":[9],"tags":[],"jetpack_sharing_enabled":true,"featured_image_urls":{"full":["https:\/\/contextoanalisisperiodistico.com\/wp-content\/uploads\/2023\/10\/IMG-20231011-WA0020.jpg",1600,1066,false],"thumbnail":["https:\/\/contextoanalisisperiodistico.com\/wp-content\/uploads\/2023\/10\/IMG-20231011-WA0020-150x150.jpg",150,150,true],"medium":["https:\/\/contextoanalisisperiodistico.com\/wp-content\/uploads\/2023\/10\/IMG-20231011-WA0020-300x200.jpg",300,200,true],"medium_large":["https:\/\/contextoanalisisperiodistico.com\/wp-content\/uploads\/2023\/10\/IMG-20231011-WA0020-768x512.jpg",640,427,true],"large":["https:\/\/contextoanalisisperiodistico.com\/wp-content\/uploads\/2023\/10\/IMG-20231011-WA0020-1024x682.jpg",640,426,true],"1536x1536":["https:\/\/contextoanalisisperiodistico.com\/wp-content\/uploads\/2023\/10\/IMG-20231011-WA0020-1536x1023.jpg",1536,1023,true],"2048x2048":["https:\/\/contextoanalisisperiodistico.com\/wp-content\/uploads\/2023\/10\/IMG-20231011-WA0020.jpg",1600,1066,false],"covernews-slider-full":["https:\/\/contextoanalisisperiodistico.com\/wp-content\/uploads\/2023\/10\/IMG-20231011-WA0020-1115x715.jpg",1115,715,true],"covernews-slider-center":["https:\/\/contextoanalisisperiodistico.com\/wp-content\/uploads\/2023\/10\/IMG-20231011-WA0020-800x500.jpg",800,500,true],"covernews-featured":["https:\/\/contextoanalisisperiodistico.com\/wp-content\/uploads\/2023\/10\/IMG-20231011-WA0020-1024x682.jpg",1024,682,true],"covernews-medium":["https:\/\/contextoanalisisperiodistico.com\/wp-content\/uploads\/2023\/10\/IMG-20231011-WA0020-540x340.jpg",540,340,true],"covernews-medium-square":["https:\/\/contextoanalisisperiodistico.com\/wp-content\/uploads\/2023\/10\/IMG-20231011-WA0020-400x250.jpg",400,250,true]},"author_info":{"display_name":"Mario Gir\u00f3n","author_link":"https:\/\/contextoanalisisperiodistico.com\/index.php\/author\/director\/"},"category_info":"<a href=\"https:\/\/contextoanalisisperiodistico.com\/index.php\/category\/politica\/\" rel=\"category tag\">Pol\u00edtica<\/a>","tag_info":"Pol\u00edtica","comment_count":"0","jetpack_featured_media_url":"https:\/\/contextoanalisisperiodistico.com\/wp-content\/uploads\/2023\/10\/IMG-20231011-WA0020.jpg","_links":{"self":[{"href":"https:\/\/contextoanalisisperiodistico.com\/index.php\/wp-json\/wp\/v2\/posts\/19558"}],"collection":[{"href":"https:\/\/contextoanalisisperiodistico.com\/index.php\/wp-json\/wp\/v2\/posts"}],"about":[{"href":"https:\/\/contextoanalisisperiodistico.com\/index.php\/wp-json\/wp\/v2\/types\/post"}],"author":[{"embeddable":true,"href":"https:\/\/contextoanalisisperiodistico.com\/index.php\/wp-json\/wp\/v2\/users\/4"}],"replies":[{"embeddable":true,"href":"https:\/\/contextoanalisisperiodistico.com\/index.php\/wp-json\/wp\/v2\/comments?post=19558"}],"version-history":[{"count":2,"href":"https:\/\/contextoanalisisperiodistico.com\/index.php\/wp-json\/wp\/v2\/posts\/19558\/revisions"}],"predecessor-version":[{"id":19563,"href":"https:\/\/contextoanalisisperiodistico.com\/index.php\/wp-json\/wp\/v2\/posts\/19558\/revisions\/19563"}],"wp:featuredmedia":[{"embeddable":true,"href":"https:\/\/contextoanalisisperiodistico.com\/index.php\/wp-json\/wp\/v2\/media\/19559"}],"wp:attachment":[{"href":"https:\/\/contextoanalisisperiodistico.com\/index.php\/wp-json\/wp\/v2\/media?parent=19558"}],"wp:term":[{"taxonomy":"category","embeddable":true,"href":"https:\/\/contextoanalisisperiodistico.com\/index.php\/wp-json\/wp\/v2\/categories?post=19558"},{"taxonomy":"post_tag","embeddable":true,"href":"https:\/\/contextoanalisisperiodistico.com\/index.php\/wp-json\/wp\/v2\/tags?post=19558"}],"curies":[{"name":"wp","href":"https:\/\/api.w.org\/{rel}","templated":true}]}}