{"id":19552,"date":"2023-10-10T21:38:34","date_gmt":"2023-10-11T03:38:34","guid":{"rendered":"https:\/\/contextoanalisisperiodistico.com\/?p=19552"},"modified":"2023-10-10T21:39:01","modified_gmt":"2023-10-11T03:39:01","slug":"alista-sso-campana-de-temporada-invernal-2023-2024","status":"publish","type":"post","link":"https:\/\/contextoanalisisperiodistico.com\/index.php\/2023\/10\/10\/alista-sso-campana-de-temporada-invernal-2023-2024\/","title":{"rendered":"Alista SSO campa\u00f1a de temporada invernal 2023-2024"},"content":{"rendered":"<div id=\"fb-root\"><\/div>\n\n<p>\u2022 La inmunizaci\u00f3n contra la influenza estacional se inaugurar\u00e1 en Oaxaca el pr\u00f3ximo 17 de octubre y concluir\u00e1 el 31 de marzo de 2024<br \/>\u2022 Para este periodo invernal, la vacuna contra la influenza es tetravalente, dise\u00f1ada para proteger contra cuatro virus diferentes de influenza<\/p>\n\n\n\n<p>Oaxaca de Ju\u00e1rez, Oax. 10 de octubre de 2023.- Como parte de las estrategias enfocadas en incrementar las coberturas de inmunizaci\u00f3n en la entidad y ante la pr\u00f3xima campa\u00f1a de temporada invernal 2023-2024, los Servicios de Salud de Oaxaca (SSO) llevan a cabo una jornada de capacitaci\u00f3n dirigida al personal de enfermer\u00eda y m\u00e9dico de las unidades de las seis Jurisdicciones Sanitarias.<\/p>\n\n\n\n<p>La dependencia inform\u00f3 que, a trav\u00e9s del Programa de Vacunaci\u00f3n Universal, las y los colaboradores de los SSO conocen las actualizaciones de lineamientos de acuerdo a la normatividad de la cadena de fr\u00edo, a fin de que estos sean replicados correctamente por personal responsable de inmunizaci\u00f3n en los centros de salud del estado.<\/p>\n\n\n\n<p>Con estas capacitaciones se busca unificar criterios para el arranque de la campa\u00f1a de vacunaci\u00f3n contra la influenza estacional, a fin de proteger a la poblaci\u00f3n que pertenece a los grupos blancos y con factores de riesgo, en una primera etapa.<\/p>\n\n\n\n<p>Cabe destacar que dentro de los temas que se abordan en la capacitaci\u00f3n son: vigilancia epidemiol\u00f3gica de las enfermedades prevenibles por vacunaci\u00f3n, esquema pedi\u00e1trico y adulto, diferencias de vacunas polisac\u00e1ridas y conjugadas.<\/p>\n\n\n\n<p>Adem\u00e1s, la importancia de la aplicaci\u00f3n de la vacuna contra rotavirus en las edades indicadas y c\u00f3mo funciona la vacuna Tdpa que protege contra la difteria, t\u00e9tanos y tos ferina en las mujeres embarazadas.<\/p>\n\n\n\n<p>As\u00ed como almacenamiento y conservaci\u00f3n de los biol\u00f3gicos, diagn\u00f3stico de la red de fr\u00edo, y taller sobre traslado y almacenamiento de las vacunas en las Jurisdicciones Sanitarias.<\/p>\n\n\n\n<p>Lo anterior tiene como prop\u00f3sito contribuir a mejorar la cobertura de inmunizaci\u00f3n en cada uno de los biol\u00f3gicos de la Cartilla Nacional de Vacunaci\u00f3n, y de esta forma proporcionar protecci\u00f3n a la poblaci\u00f3n contra enfermedades prevenibles.<\/p>\n\n\n\n<p>En este contexto, la inmunizaci\u00f3n contra la influenza estacional se inaugurar\u00e1 en Oaxaca el pr\u00f3ximo 17 de octubre y concluir\u00e1 el 31 de marzo de 2024 de manera simult\u00e1nea en toda la entidad.<\/p>\n\n\n\n<p>Precis\u00f3 que, para este periodo invernal, la vacuna contra la influenza es tetravalente dise\u00f1ada para proteger contra cuatro virus diferentes de influenza: A(H1N1), A(H3N2), influenza B y un segundo linaje del tipo B, para ofrecer mayor protecci\u00f3n contra los virus en circulaci\u00f3n. Cabe se\u00f1alar que, en a\u00f1os anteriores, el biol\u00f3gico era trivalente.<\/p>\n\n\n\n<p>Las vacunas son seguras y avaladas por la Organizaci\u00f3n Mundial de la Salud (OMS) y del nivel federal. En Oaxaca, los SSO tienen como meta aplicar 563 mil 338 dosis, para un total de un mill\u00f3n 179 mil 052 biol\u00f3gicos en todo el sector salud, de manera gratuita.<\/p>\n\n\n\n<p>De esta forma el Gobierno del Estado que encabeza el Mandatario, Salom\u00f3n Jara Cruz y la titular de los SSO, Alma Lilia Velasco Hern\u00e1ndez, refrendan su compromiso con el bienestar de la poblaci\u00f3n en el fortalecimiento de los conocimientos del personal de salud para hacer m\u00e1s eficientes las acciones y el cumplimiento de las metas establecidas. <code>-0-<\/code><\/p>\n\n\n\n<figure class=\"wp-block-image size-large\"><img fetchpriority=\"high\" decoding=\"async\" width=\"1024\" height=\"768\" src=\"https:\/\/contextoanalisisperiodistico.com\/wp-content\/uploads\/2023\/10\/img-20231010-wa00892215848135931205692-1024x768.jpg\" alt=\"\" class=\"wp-image-19555\" srcset=\"https:\/\/contextoanalisisperiodistico.com\/wp-content\/uploads\/2023\/10\/img-20231010-wa00892215848135931205692-1024x768.jpg 1024w, https:\/\/contextoanalisisperiodistico.com\/wp-content\/uploads\/2023\/10\/img-20231010-wa00892215848135931205692-300x225.jpg 300w, https:\/\/contextoanalisisperiodistico.com\/wp-content\/uploads\/2023\/10\/img-20231010-wa00892215848135931205692-768x576.jpg 768w, https:\/\/contextoanalisisperiodistico.com\/wp-content\/uploads\/2023\/10\/img-20231010-wa00892215848135931205692-1536x1152.jpg 1536w, https:\/\/contextoanalisisperiodistico.com\/wp-content\/uploads\/2023\/10\/img-20231010-wa00892215848135931205692.jpg 1600w\" sizes=\"(max-width: 1024px) 100vw, 1024px\" \/><\/figure>\n\n\n\n<figure class=\"wp-block-image\"><img decoding=\"async\" width=\"1024\" height=\"768\" src=\"https:\/\/contextoanalisisperiodistico.com\/wp-content\/uploads\/2023\/10\/img-20231010-wa00887902931362361870230-1024x768.jpg\" alt=\"\" class=\"wp-image-19554\" srcset=\"https:\/\/contextoanalisisperiodistico.com\/wp-content\/uploads\/2023\/10\/img-20231010-wa00887902931362361870230-1024x768.jpg 1024w, https:\/\/contextoanalisisperiodistico.com\/wp-content\/uploads\/2023\/10\/img-20231010-wa00887902931362361870230-300x225.jpg 300w, https:\/\/contextoanalisisperiodistico.com\/wp-content\/uploads\/2023\/10\/img-20231010-wa00887902931362361870230-768x576.jpg 768w, https:\/\/contextoanalisisperiodistico.com\/wp-content\/uploads\/2023\/10\/img-20231010-wa00887902931362361870230-1536x1152.jpg 1536w, https:\/\/contextoanalisisperiodistico.com\/wp-content\/uploads\/2023\/10\/img-20231010-wa00887902931362361870230.jpg 1600w\" sizes=\"(max-width: 1024px) 100vw, 1024px\" \/><\/figure>\n\n\n\n<figure class=\"wp-block-image\"><img decoding=\"async\" width=\"1024\" height=\"768\" src=\"https:\/\/contextoanalisisperiodistico.com\/wp-content\/uploads\/2023\/10\/img-20231010-wa00907231482352054720040-1024x768.jpg\" alt=\"\" class=\"wp-image-19556\" srcset=\"https:\/\/contextoanalisisperiodistico.com\/wp-content\/uploads\/2023\/10\/img-20231010-wa00907231482352054720040-1024x768.jpg 1024w, https:\/\/contextoanalisisperiodistico.com\/wp-content\/uploads\/2023\/10\/img-20231010-wa00907231482352054720040-300x225.jpg 300w, https:\/\/contextoanalisisperiodistico.com\/wp-content\/uploads\/2023\/10\/img-20231010-wa00907231482352054720040-768x576.jpg 768w, https:\/\/contextoanalisisperiodistico.com\/wp-content\/uploads\/2023\/10\/img-20231010-wa00907231482352054720040-1536x1152.jpg 1536w, https:\/\/contextoanalisisperiodistico.com\/wp-content\/uploads\/2023\/10\/img-20231010-wa00907231482352054720040.jpg 1600w\" sizes=\"(max-width: 1024px) 100vw, 1024px\" \/><\/figure>\n","protected":false},"excerpt":{"rendered":"<p>\u2022 La inmunizaci\u00f3n contra la influenza estacional se inaugurar\u00e1 en Oaxaca el pr\u00f3ximo 17 de&#8230;<\/p>\n","protected":false},"author":4,"featured_media":19553,"comment_status":"closed","ping_status":"open","sticky":false,"template":"","format":"standard","meta":{"footnotes":""},"categories":[92],"tags":[],"jetpack_sharing_enabled":true,"featured_image_urls":{"full":["https:\/\/contextoanalisisperiodistico.com\/wp-content\/uploads\/2023\/10\/IMG-20231010-WA0091.jpg",1600,1200,false],"thumbnail":["https:\/\/contextoanalisisperiodistico.com\/wp-content\/uploads\/2023\/10\/IMG-20231010-WA0091-150x150.jpg",150,150,true],"medium":["https:\/\/contextoanalisisperiodistico.com\/wp-content\/uploads\/2023\/10\/IMG-20231010-WA0091-300x225.jpg",300,225,true],"medium_large":["https:\/\/contextoanalisisperiodistico.com\/wp-content\/uploads\/2023\/10\/IMG-20231010-WA0091-768x576.jpg",640,480,true],"large":["https:\/\/contextoanalisisperiodistico.com\/wp-content\/uploads\/2023\/10\/IMG-20231010-WA0091-1024x768.jpg",640,480,true],"1536x1536":["https:\/\/contextoanalisisperiodistico.com\/wp-content\/uploads\/2023\/10\/IMG-20231010-WA0091-1536x1152.jpg",1536,1152,true],"2048x2048":["https:\/\/contextoanalisisperiodistico.com\/wp-content\/uploads\/2023\/10\/IMG-20231010-WA0091.jpg",1600,1200,false],"covernews-slider-full":["https:\/\/contextoanalisisperiodistico.com\/wp-content\/uploads\/2023\/10\/IMG-20231010-WA0091-1115x715.jpg",1115,715,true],"covernews-slider-center":["https:\/\/contextoanalisisperiodistico.com\/wp-content\/uploads\/2023\/10\/IMG-20231010-WA0091-800x500.jpg",800,500,true],"covernews-featured":["https:\/\/contextoanalisisperiodistico.com\/wp-content\/uploads\/2023\/10\/IMG-20231010-WA0091-1024x768.jpg",1024,768,true],"covernews-medium":["https:\/\/contextoanalisisperiodistico.com\/wp-content\/uploads\/2023\/10\/IMG-20231010-WA0091-540x340.jpg",540,340,true],"covernews-medium-square":["https:\/\/contextoanalisisperiodistico.com\/wp-content\/uploads\/2023\/10\/IMG-20231010-WA0091-400x250.jpg",400,250,true]},"author_info":{"display_name":"Mario Gir\u00f3n","author_link":"https:\/\/contextoanalisisperiodistico.com\/index.php\/author\/director\/"},"category_info":"<a href=\"https:\/\/contextoanalisisperiodistico.com\/index.php\/category\/salud\/\" rel=\"category tag\">Salud<\/a>","tag_info":"Salud","comment_count":"0","jetpack_featured_media_url":"https:\/\/contextoanalisisperiodistico.com\/wp-content\/uploads\/2023\/10\/IMG-20231010-WA0091.jpg","_links":{"self":[{"href":"https:\/\/contextoanalisisperiodistico.com\/index.php\/wp-json\/wp\/v2\/posts\/19552"}],"collection":[{"href":"https:\/\/contextoanalisisperiodistico.com\/index.php\/wp-json\/wp\/v2\/posts"}],"about":[{"href":"https:\/\/contextoanalisisperiodistico.com\/index.php\/wp-json\/wp\/v2\/types\/post"}],"author":[{"embeddable":true,"href":"https:\/\/contextoanalisisperiodistico.com\/index.php\/wp-json\/wp\/v2\/users\/4"}],"replies":[{"embeddable":true,"href":"https:\/\/contextoanalisisperiodistico.com\/index.php\/wp-json\/wp\/v2\/comments?post=19552"}],"version-history":[{"count":1,"href":"https:\/\/contextoanalisisperiodistico.com\/index.php\/wp-json\/wp\/v2\/posts\/19552\/revisions"}],"predecessor-version":[{"id":19557,"href":"https:\/\/contextoanalisisperiodistico.com\/index.php\/wp-json\/wp\/v2\/posts\/19552\/revisions\/19557"}],"wp:featuredmedia":[{"embeddable":true,"href":"https:\/\/contextoanalisisperiodistico.com\/index.php\/wp-json\/wp\/v2\/media\/19553"}],"wp:attachment":[{"href":"https:\/\/contextoanalisisperiodistico.com\/index.php\/wp-json\/wp\/v2\/media?parent=19552"}],"wp:term":[{"taxonomy":"category","embeddable":true,"href":"https:\/\/contextoanalisisperiodistico.com\/index.php\/wp-json\/wp\/v2\/categories?post=19552"},{"taxonomy":"post_tag","embeddable":true,"href":"https:\/\/contextoanalisisperiodistico.com\/index.php\/wp-json\/wp\/v2\/tags?post=19552"}],"curies":[{"name":"wp","href":"https:\/\/api.w.org\/{rel}","templated":true}]}}