{"id":19535,"date":"2023-10-10T15:40:08","date_gmt":"2023-10-10T21:40:08","guid":{"rendered":"https:\/\/contextoanalisisperiodistico.com\/index.php\/2023\/10\/10\/prepara-cecytes-oferta-educativa-para-incorporar-a-egresados-al-corredor-interoceanico\/"},"modified":"2023-10-10T15:43:02","modified_gmt":"2023-10-10T21:43:02","slug":"prepara-cecytes-oferta-educativa-para-incorporar-a-egresados-al-corredor-interoceanico","status":"publish","type":"post","link":"https:\/\/contextoanalisisperiodistico.com\/index.php\/2023\/10\/10\/prepara-cecytes-oferta-educativa-para-incorporar-a-egresados-al-corredor-interoceanico\/","title":{"rendered":"Prepara CECyTE oferta educativa para incorporar a egresados al Corredor Interoce\u00e1nico"},"content":{"rendered":"<div id=\"fb-root\"><\/div>\n\n<p>La Lic. Blanca Mart\u00ednez, directora general del CECyTE, informa: <\/p>\n\n\n\n<p>\u00abHoy sostuvimos una reuni\u00f3n de trabajo con la Profra. Delfina Guzm\u00e1n, titular de la Secretar\u00eda de Educaci\u00f3n P\u00fablica, el Mtro. Alejandro Samuel Col\u00edn Ram\u00edrez, Coordinador Nacional de los ODES de los CECyTEs, el Contralmirante, Efr\u00e9n G\u00f3mez Luis, directoras y directores de los planteles en la regi\u00f3n del Istmo de Tehuantepec para revisar la preparaci\u00f3n de una oferta educativa que nos permita formar a t\u00e9cnicos y especialistas con los conocimientos necesarios para incorporarse al campo laboral dentro del proyecto del Corredor Interoce\u00e1nico\u00bb.<\/p>\n\n\n\n<p>\u00abEn el Cecyte Oaxaca seguimos trabajando para ofrecer una educaci\u00f3n de calidad y a la vanguardia que impulse el desarrollo de las juventudes\u00bb. <\/p>\n\n\n\n<figure class=\"wp-block-image size-large\"><img fetchpriority=\"high\" decoding=\"async\" width=\"720\" height=\"407\" src=\"https:\/\/contextoanalisisperiodistico.com\/wp-content\/uploads\/2023\/10\/fb_img_16969733960344181808556897342798.jpg\" alt=\"\" class=\"wp-image-19533\" srcset=\"https:\/\/contextoanalisisperiodistico.com\/wp-content\/uploads\/2023\/10\/fb_img_16969733960344181808556897342798.jpg 720w, https:\/\/contextoanalisisperiodistico.com\/wp-content\/uploads\/2023\/10\/fb_img_16969733960344181808556897342798-300x170.jpg 300w\" sizes=\"(max-width: 720px) 100vw, 720px\" \/><\/figure>\n\n\n\n<figure class=\"wp-block-image\"><img decoding=\"async\" width=\"300\" height=\"200\" src=\"https:\/\/contextoanalisisperiodistico.com\/wp-content\/uploads\/2023\/10\/fb_img_1696973383950134697383996222336-300x200.jpg\" alt=\"\" class=\"wp-image-19534\" srcset=\"https:\/\/contextoanalisisperiodistico.com\/wp-content\/uploads\/2023\/10\/fb_img_1696973383950134697383996222336-300x200.jpg 300w, https:\/\/contextoanalisisperiodistico.com\/wp-content\/uploads\/2023\/10\/fb_img_1696973383950134697383996222336.jpg 720w\" sizes=\"(max-width: 300px) 100vw, 300px\" \/><\/figure>\n\n\n\n<figure class=\"wp-block-image\"><img decoding=\"async\" width=\"300\" height=\"200\" src=\"https:\/\/contextoanalisisperiodistico.com\/wp-content\/uploads\/2023\/10\/fb_img_16969733757455251572691506261137-300x200.jpg\" alt=\"\" class=\"wp-image-19531\" srcset=\"https:\/\/contextoanalisisperiodistico.com\/wp-content\/uploads\/2023\/10\/fb_img_16969733757455251572691506261137-300x200.jpg 300w, https:\/\/contextoanalisisperiodistico.com\/wp-content\/uploads\/2023\/10\/fb_img_16969733757455251572691506261137.jpg 720w\" sizes=\"(max-width: 300px) 100vw, 300px\" \/><\/figure>\n\n\n\n<figure class=\"wp-block-image\"><img loading=\"lazy\" decoding=\"async\" width=\"300\" height=\"200\" src=\"https:\/\/contextoanalisisperiodistico.com\/wp-content\/uploads\/2023\/10\/fb_img_16969733878575516120457575252422-300x200.jpg\" alt=\"\" class=\"wp-image-19532\" srcset=\"https:\/\/contextoanalisisperiodistico.com\/wp-content\/uploads\/2023\/10\/fb_img_16969733878575516120457575252422-300x200.jpg 300w, https:\/\/contextoanalisisperiodistico.com\/wp-content\/uploads\/2023\/10\/fb_img_16969733878575516120457575252422.jpg 720w\" sizes=\"(max-width: 300px) 100vw, 300px\" \/><\/figure>\n\n\n\n<p><\/p>\n","protected":false},"excerpt":{"rendered":"<p>La Lic. Blanca Mart\u00ednez, directora general del CECyTE, informa: \u00abHoy sostuvimos una reuni\u00f3n de trabajo&#8230;<\/p>\n","protected":false},"author":4,"featured_media":19530,"comment_status":"closed","ping_status":"open","sticky":false,"template":"","format":"standard","meta":{"footnotes":""},"categories":[9],"tags":[140,139,141,142,34],"jetpack_sharing_enabled":true,"featured_image_urls":{"full":["https:\/\/contextoanalisisperiodistico.com\/wp-content\/uploads\/2023\/10\/FB_IMG_1696973392167.jpg",720,480,false],"thumbnail":["https:\/\/contextoanalisisperiodistico.com\/wp-content\/uploads\/2023\/10\/FB_IMG_1696973392167-150x150.jpg",150,150,true],"medium":["https:\/\/contextoanalisisperiodistico.com\/wp-content\/uploads\/2023\/10\/FB_IMG_1696973392167-300x200.jpg",300,200,true],"medium_large":["https:\/\/contextoanalisisperiodistico.com\/wp-content\/uploads\/2023\/10\/FB_IMG_1696973392167.jpg",640,427,false],"large":["https:\/\/contextoanalisisperiodistico.com\/wp-content\/uploads\/2023\/10\/FB_IMG_1696973392167.jpg",640,427,false],"1536x1536":["https:\/\/contextoanalisisperiodistico.com\/wp-content\/uploads\/2023\/10\/FB_IMG_1696973392167.jpg",720,480,false],"2048x2048":["https:\/\/contextoanalisisperiodistico.com\/wp-content\/uploads\/2023\/10\/FB_IMG_1696973392167.jpg",720,480,false],"covernews-slider-full":["https:\/\/contextoanalisisperiodistico.com\/wp-content\/uploads\/2023\/10\/FB_IMG_1696973392167.jpg",720,480,false],"covernews-slider-center":["https:\/\/contextoanalisisperiodistico.com\/wp-content\/uploads\/2023\/10\/FB_IMG_1696973392167.jpg",720,480,false],"covernews-featured":["https:\/\/contextoanalisisperiodistico.com\/wp-content\/uploads\/2023\/10\/FB_IMG_1696973392167.jpg",720,480,false],"covernews-medium":["https:\/\/contextoanalisisperiodistico.com\/wp-content\/uploads\/2023\/10\/FB_IMG_1696973392167-540x340.jpg",540,340,true],"covernews-medium-square":["https:\/\/contextoanalisisperiodistico.com\/wp-content\/uploads\/2023\/10\/FB_IMG_1696973392167-400x250.jpg",400,250,true]},"author_info":{"display_name":"Mario Gir\u00f3n","author_link":"https:\/\/contextoanalisisperiodistico.com\/index.php\/author\/director\/"},"category_info":"<a href=\"https:\/\/contextoanalisisperiodistico.com\/index.php\/category\/politica\/\" rel=\"category tag\">Pol\u00edtica<\/a>","tag_info":"Pol\u00edtica","comment_count":"0","jetpack_featured_media_url":"https:\/\/contextoanalisisperiodistico.com\/wp-content\/uploads\/2023\/10\/FB_IMG_1696973392167.jpg","_links":{"self":[{"href":"https:\/\/contextoanalisisperiodistico.com\/index.php\/wp-json\/wp\/v2\/posts\/19535"}],"collection":[{"href":"https:\/\/contextoanalisisperiodistico.com\/index.php\/wp-json\/wp\/v2\/posts"}],"about":[{"href":"https:\/\/contextoanalisisperiodistico.com\/index.php\/wp-json\/wp\/v2\/types\/post"}],"author":[{"embeddable":true,"href":"https:\/\/contextoanalisisperiodistico.com\/index.php\/wp-json\/wp\/v2\/users\/4"}],"replies":[{"embeddable":true,"href":"https:\/\/contextoanalisisperiodistico.com\/index.php\/wp-json\/wp\/v2\/comments?post=19535"}],"version-history":[{"count":1,"href":"https:\/\/contextoanalisisperiodistico.com\/index.php\/wp-json\/wp\/v2\/posts\/19535\/revisions"}],"predecessor-version":[{"id":19536,"href":"https:\/\/contextoanalisisperiodistico.com\/index.php\/wp-json\/wp\/v2\/posts\/19535\/revisions\/19536"}],"wp:featuredmedia":[{"embeddable":true,"href":"https:\/\/contextoanalisisperiodistico.com\/index.php\/wp-json\/wp\/v2\/media\/19530"}],"wp:attachment":[{"href":"https:\/\/contextoanalisisperiodistico.com\/index.php\/wp-json\/wp\/v2\/media?parent=19535"}],"wp:term":[{"taxonomy":"category","embeddable":true,"href":"https:\/\/contextoanalisisperiodistico.com\/index.php\/wp-json\/wp\/v2\/categories?post=19535"},{"taxonomy":"post_tag","embeddable":true,"href":"https:\/\/contextoanalisisperiodistico.com\/index.php\/wp-json\/wp\/v2\/tags?post=19535"}],"curies":[{"name":"wp","href":"https:\/\/api.w.org\/{rel}","templated":true}]}}