{"id":19507,"date":"2023-10-09T20:08:44","date_gmt":"2023-10-10T02:08:44","guid":{"rendered":"https:\/\/contextoanalisisperiodistico.com\/?p=19507"},"modified":"2023-10-09T20:09:12","modified_gmt":"2023-10-10T02:09:12","slug":"la-trituracion-intensiva-de-material-organico-es-un-beneficio-directo-al-medio-ambiente","status":"publish","type":"post","link":"https:\/\/contextoanalisisperiodistico.com\/index.php\/2023\/10\/09\/la-trituracion-intensiva-de-material-organico-es-un-beneficio-directo-al-medio-ambiente\/","title":{"rendered":"La trituraci\u00f3n intensiva de material org\u00e1nico es un beneficio directo al medio ambiente"},"content":{"rendered":"<div id=\"fb-root\"><\/div>\n\n<ul>\n<li>Al triturar el material org\u00e1nico recolectado, se minimiza la emisi\u00f3n de gases de efecto invernadero, y se elimina la producci\u00f3n de lixiviados.<\/li>\n\n\n\n<li>Esta acci\u00f3n permitir\u00e1 disminuir el gasto realizado en el env\u00edo de los Residuos S\u00f3lidos Urbanos a otros estados.<\/li>\n<\/ul>\n\n\n\n<p>Oaxaca de Ju\u00e1rez, Oax., a 09 de octubre de 2023.- En su constante compromiso por emprender acciones para afrontar y resolver el problema de la \u00abbasura\u00bb, el municipio de Oaxaca de Ju\u00e1rez adquiri\u00f3 un triturador de materia org\u00e1nica, tipo tina- accionado por un tractor agr\u00edcola de 100 HP- con destinado a procesar los residuos org\u00e1nicos de la ciudad. Esta inversi\u00f3n se enmarca en un esfuerzo por optimizar el tratamiento de los residuos y fomentar pr\u00e1cticas amigables con el entorno.<\/p>\n\n\n\n<p>El triturador, a partir del d\u00eda 8 de octubre, fecha en que se cumple un a\u00f1o del cierre del relleno sanitario de Zaachila, ha comenzado a operar eficazmente, transformando los residuos org\u00e1nicos en material que se puede incorporar a la tierra para su r\u00e1pida degradaci\u00f3n.<\/p>\n\n\n\n<p>El coordinador de Residuos S\u00f3lidos Urbanos, Abelardo Ruiz Acevedo, resalt\u00f3 la importancia de esta adquisici\u00f3n. Seg\u00fan Ruiz Acevedo, Oaxaca de Ju\u00e1rez genera aproximadamente 100 toneladas de residuos org\u00e1nicos al d\u00eda. El 60% de estos residuos es recolectado por la Secretar\u00eda de Servicios Municipales, mientras que el 40% restante se distribuye entre recolecci\u00f3n privada, compostaje dom\u00e9stico y recolectores independientes.<\/p>\n\n\n\n<p>En este sentido, el nuevo triturador procesa los residuos org\u00e1nicos recibidos, lo que equivale al enriquecimiento del suelo correspondiente a una hect\u00e1rea m\u00e1s un cuarto de terreno, diariamente.<\/p>\n\n\n\n<p>Esta acci\u00f3n no solo elimina la necesidad de enviar los residuos org\u00e1nicos a un vertedero, sino que tambi\u00e9n minimiza la generaci\u00f3n de gases de efecto invernadero y lixiviados, lo que se traduce en un beneficio para el medio ambiente.<\/p>\n\n\n\n<p>Por otro lado, la inversi\u00f3n realizada en la adquisici\u00f3n de este triturador reducir\u00e1 los costos de env\u00edo de residuos a otros lugares del pa\u00eds, con el consecuente ahorro en las finanzas municipales.<\/p>\n\n\n\n<p>Es importante mencionar que esta adquisici\u00f3n refleja el compromiso del municipio de Oaxaca de Ju\u00e1rez que encabeza el edil Francisco Mart\u00ednez Neri, con la b\u00fasqueda de soluciones sostenibles y duraderas para la gesti\u00f3n de residuos, as\u00ed como con el medio ambiente, promoviendo pr\u00e1cticas responsables en la ciudad capital.<\/p>\n\n\n\n<figure class=\"wp-block-image size-large\"><img fetchpriority=\"high\" decoding=\"async\" width=\"1024\" height=\"684\" src=\"https:\/\/contextoanalisisperiodistico.com\/wp-content\/uploads\/2023\/10\/img-20231009-wa00902527684304316358062-1024x684.jpg\" alt=\"\" class=\"wp-image-19510\" srcset=\"https:\/\/contextoanalisisperiodistico.com\/wp-content\/uploads\/2023\/10\/img-20231009-wa00902527684304316358062-1024x684.jpg 1024w, https:\/\/contextoanalisisperiodistico.com\/wp-content\/uploads\/2023\/10\/img-20231009-wa00902527684304316358062-300x200.jpg 300w, https:\/\/contextoanalisisperiodistico.com\/wp-content\/uploads\/2023\/10\/img-20231009-wa00902527684304316358062-768x513.jpg 768w, https:\/\/contextoanalisisperiodistico.com\/wp-content\/uploads\/2023\/10\/img-20231009-wa00902527684304316358062-1536x1026.jpg 1536w, https:\/\/contextoanalisisperiodistico.com\/wp-content\/uploads\/2023\/10\/img-20231009-wa00902527684304316358062.jpg 1600w\" sizes=\"(max-width: 1024px) 100vw, 1024px\" \/><\/figure>\n\n\n\n<figure class=\"wp-block-image\"><img decoding=\"async\" width=\"1024\" height=\"684\" src=\"https:\/\/contextoanalisisperiodistico.com\/wp-content\/uploads\/2023\/10\/img-20231009-wa00895035659678950951986-1024x684.jpg\" alt=\"\" class=\"wp-image-19509\" srcset=\"https:\/\/contextoanalisisperiodistico.com\/wp-content\/uploads\/2023\/10\/img-20231009-wa00895035659678950951986-1024x684.jpg 1024w, https:\/\/contextoanalisisperiodistico.com\/wp-content\/uploads\/2023\/10\/img-20231009-wa00895035659678950951986-300x200.jpg 300w, https:\/\/contextoanalisisperiodistico.com\/wp-content\/uploads\/2023\/10\/img-20231009-wa00895035659678950951986-768x513.jpg 768w, https:\/\/contextoanalisisperiodistico.com\/wp-content\/uploads\/2023\/10\/img-20231009-wa00895035659678950951986-1536x1026.jpg 1536w, https:\/\/contextoanalisisperiodistico.com\/wp-content\/uploads\/2023\/10\/img-20231009-wa00895035659678950951986.jpg 1600w\" sizes=\"(max-width: 1024px) 100vw, 1024px\" \/><\/figure>\n","protected":false},"excerpt":{"rendered":"<p>Oaxaca de Ju\u00e1rez, Oax., a 09 de octubre de 2023.- En su constante compromiso por&#8230;<\/p>\n","protected":false},"author":4,"featured_media":19508,"comment_status":"closed","ping_status":"open","sticky":false,"template":"","format":"standard","meta":{"footnotes":""},"categories":[9],"tags":[],"jetpack_sharing_enabled":true,"featured_image_urls":{"full":["https:\/\/contextoanalisisperiodistico.com\/wp-content\/uploads\/2023\/10\/IMG-20231008-WA0013-1.jpg",1600,1069,false],"thumbnail":["https:\/\/contextoanalisisperiodistico.com\/wp-content\/uploads\/2023\/10\/IMG-20231008-WA0013-1-150x150.jpg",150,150,true],"medium":["https:\/\/contextoanalisisperiodistico.com\/wp-content\/uploads\/2023\/10\/IMG-20231008-WA0013-1-300x200.jpg",300,200,true],"medium_large":["https:\/\/contextoanalisisperiodistico.com\/wp-content\/uploads\/2023\/10\/IMG-20231008-WA0013-1-768x513.jpg",640,428,true],"large":["https:\/\/contextoanalisisperiodistico.com\/wp-content\/uploads\/2023\/10\/IMG-20231008-WA0013-1-1024x684.jpg",640,428,true],"1536x1536":["https:\/\/contextoanalisisperiodistico.com\/wp-content\/uploads\/2023\/10\/IMG-20231008-WA0013-1-1536x1026.jpg",1536,1026,true],"2048x2048":["https:\/\/contextoanalisisperiodistico.com\/wp-content\/uploads\/2023\/10\/IMG-20231008-WA0013-1.jpg",1600,1069,false],"covernews-slider-full":["https:\/\/contextoanalisisperiodistico.com\/wp-content\/uploads\/2023\/10\/IMG-20231008-WA0013-1-1115x715.jpg",1115,715,true],"covernews-slider-center":["https:\/\/contextoanalisisperiodistico.com\/wp-content\/uploads\/2023\/10\/IMG-20231008-WA0013-1-800x500.jpg",800,500,true],"covernews-featured":["https:\/\/contextoanalisisperiodistico.com\/wp-content\/uploads\/2023\/10\/IMG-20231008-WA0013-1-1024x684.jpg",1024,684,true],"covernews-medium":["https:\/\/contextoanalisisperiodistico.com\/wp-content\/uploads\/2023\/10\/IMG-20231008-WA0013-1-540x340.jpg",540,340,true],"covernews-medium-square":["https:\/\/contextoanalisisperiodistico.com\/wp-content\/uploads\/2023\/10\/IMG-20231008-WA0013-1-400x250.jpg",400,250,true]},"author_info":{"display_name":"Mario Gir\u00f3n","author_link":"https:\/\/contextoanalisisperiodistico.com\/index.php\/author\/director\/"},"category_info":"<a href=\"https:\/\/contextoanalisisperiodistico.com\/index.php\/category\/politica\/\" rel=\"category tag\">Pol\u00edtica<\/a>","tag_info":"Pol\u00edtica","comment_count":"0","jetpack_featured_media_url":"https:\/\/contextoanalisisperiodistico.com\/wp-content\/uploads\/2023\/10\/IMG-20231008-WA0013-1.jpg","_links":{"self":[{"href":"https:\/\/contextoanalisisperiodistico.com\/index.php\/wp-json\/wp\/v2\/posts\/19507"}],"collection":[{"href":"https:\/\/contextoanalisisperiodistico.com\/index.php\/wp-json\/wp\/v2\/posts"}],"about":[{"href":"https:\/\/contextoanalisisperiodistico.com\/index.php\/wp-json\/wp\/v2\/types\/post"}],"author":[{"embeddable":true,"href":"https:\/\/contextoanalisisperiodistico.com\/index.php\/wp-json\/wp\/v2\/users\/4"}],"replies":[{"embeddable":true,"href":"https:\/\/contextoanalisisperiodistico.com\/index.php\/wp-json\/wp\/v2\/comments?post=19507"}],"version-history":[{"count":1,"href":"https:\/\/contextoanalisisperiodistico.com\/index.php\/wp-json\/wp\/v2\/posts\/19507\/revisions"}],"predecessor-version":[{"id":19511,"href":"https:\/\/contextoanalisisperiodistico.com\/index.php\/wp-json\/wp\/v2\/posts\/19507\/revisions\/19511"}],"wp:featuredmedia":[{"embeddable":true,"href":"https:\/\/contextoanalisisperiodistico.com\/index.php\/wp-json\/wp\/v2\/media\/19508"}],"wp:attachment":[{"href":"https:\/\/contextoanalisisperiodistico.com\/index.php\/wp-json\/wp\/v2\/media?parent=19507"}],"wp:term":[{"taxonomy":"category","embeddable":true,"href":"https:\/\/contextoanalisisperiodistico.com\/index.php\/wp-json\/wp\/v2\/categories?post=19507"},{"taxonomy":"post_tag","embeddable":true,"href":"https:\/\/contextoanalisisperiodistico.com\/index.php\/wp-json\/wp\/v2\/tags?post=19507"}],"curies":[{"name":"wp","href":"https:\/\/api.w.org\/{rel}","templated":true}]}}