{"id":19488,"date":"2023-10-09T19:43:24","date_gmt":"2023-10-10T01:43:24","guid":{"rendered":"https:\/\/contextoanalisisperiodistico.com\/?p=19488"},"modified":"2023-10-09T19:43:54","modified_gmt":"2023-10-10T01:43:54","slug":"depresion-ansiedad-e-ideas-suicidas-principales-problemas-de-salud-mental-en-poblacion-oaxaquena","status":"publish","type":"post","link":"https:\/\/contextoanalisisperiodistico.com\/index.php\/2023\/10\/09\/depresion-ansiedad-e-ideas-suicidas-principales-problemas-de-salud-mental-en-poblacion-oaxaquena\/","title":{"rendered":"Depresi\u00f3n, ansiedad e ideas suicidas principales problemas de salud mental en poblaci\u00f3n oaxaque\u00f1a"},"content":{"rendered":"<div id=\"fb-root\"><\/div>\n\n<p>\u2022 De enero a la fecha, los Servicios de Salud de Oaxaca han brindado 29 mil 112 atenciones en salud mental a trav\u00e9s de las unidades m\u00e9dicas, de las cuales 20 mil 414 han sido por depresi\u00f3n, ansiedad e ideaci\u00f3n suicida<\/p>\n\n\n\n<p>\u2022 Recomiendan fomentar la comunicaci\u00f3n entre familiares y amistades, as\u00ed como acudir a los Centros de Salud y Centros Comunitarios de Salud Mental y Adicciones (CCSMA) para mayor informaci\u00f3n y atenci\u00f3n<\/p>\n\n\n\n<p>Oaxaca de Ju\u00e1rez, Oax. 9 de octubre de 2023.- En el marco del D\u00eda Mundial de la Salud Mental que se conmemora este 10 de octubre, los Servicios de Salud de Oaxaca (SSO) inform\u00f3 que se ha fortalecido la atenci\u00f3n integral a las y los oaxaque\u00f1os a trav\u00e9s de siete Centros Comunitarios de Salud Mental y Adicciones (CCSMA) que existen en el estado.<\/p>\n\n\n\n<p>Con motivo de la conmemoraci\u00f3n con el lema: \u201cLa salud mental es un derecho humano universal\u201d, se dio a conocer que acuerdo con las cifras de la Organizaci\u00f3n Mundial de la Salud (OMS), una de cada ocho personas en el mundo padece alg\u00fan problema de salud mental, lo que puede repercutir en su salud f\u00edsica, sus relaciones con las dem\u00e1s personas y su medio laboral, adem\u00e1s de que cada vez m\u00e1s adolescentes y j\u00f3venes presentan problemas de salud mentales.<\/p>\n\n\n\n<p>SSO ha otorgado a la fecha 29 mil 112 atenciones psicol\u00f3gicas a trav\u00e9s de la red hospitalaria, de las cuales 20 mil 414 han sido por depresi\u00f3n, ansiedad e ideaci\u00f3n suicida y el resto por adicciones.<\/p>\n\n\n\n<p>La instituci\u00f3n destac\u00f3 que es importante estrechar la comunicaci\u00f3n entre integrantes de las familias, as\u00ed como detectar se\u00f1ales de alarma en las personas como son: falta de ganas para hacer las cosas, ataques de p\u00e1nico, sentimientos de desesperanza, tristeza por m\u00e1s de dos semanas, falta de concentraci\u00f3n, aislamiento, cambios de \u00e1nimo, entre otras.<\/p>\n\n\n\n<p>Ante ello es importante pedir ayuda a la l\u00ednea de la vida 800 911 2000, a trav\u00e9s de cual la poblaci\u00f3n puede obtener informaci\u00f3n y orientaci\u00f3n o acudir a los CCSMA, que se encuentran ubicados en Santa Cruz Xoxocotl\u00e1n, Trinidad de Viguera en la Jurisdicci\u00f3n Sanitaria de Valles Centrales; en el Istmo en Santo Domingo Tehuantepec; en Tuxtepec, en San Juan Bautista Tuxtepec; en la Costa en San Pedro Mixtepec y Santiago Pinotepa Nacional, y en la Mixteca en Huajuapan de Le\u00f3n, de lunes a s\u00e1bado.<\/p>\n\n\n\n<p>Los SSO recomendaron aplicar rutinas de ejercicios y h\u00e1bitos de actividad f\u00edsica, llevar una alimentaci\u00f3n saludable, regular las horas de sue\u00f1o y fortalecer las relaciones con familiares y amigos.<\/p>\n\n\n\n<p>Es importante destacar que en los CCSMA se brinda servicios de prevenci\u00f3n, tratamiento y consejer\u00eda en salud mental y adicciones de manera integral y gratuita, con la intervenci\u00f3n de profesionales en psicolog\u00eda y trabajo social, se fomenta la promoci\u00f3n de la salud y el tratamiento de los problemas emocionales y psicol\u00f3gicos, aunado al tratamiento de dependencias a sustancias psicoactivas.<\/p>\n\n\n\n<p>Esta atenci\u00f3n se da con un enfoque centrado en las necesidades particulares de cada persona y en estricto apego a los derechos humanos, con enfoque de g\u00e9nero, sin discriminaci\u00f3n, de forma calidad y eficiente.<\/p>\n\n\n\n<p>-0-<\/p>\n\n\n\n<figure class=\"wp-block-image size-large\"><img fetchpriority=\"high\" decoding=\"async\" width=\"1024\" height=\"576\" src=\"https:\/\/contextoanalisisperiodistico.com\/wp-content\/uploads\/2023\/10\/img-20231009-wa0087494146810041812047-1024x576.jpg\" alt=\"\" class=\"wp-image-19490\" srcset=\"https:\/\/contextoanalisisperiodistico.com\/wp-content\/uploads\/2023\/10\/img-20231009-wa0087494146810041812047-1024x576.jpg 1024w, https:\/\/contextoanalisisperiodistico.com\/wp-content\/uploads\/2023\/10\/img-20231009-wa0087494146810041812047-300x169.jpg 300w, https:\/\/contextoanalisisperiodistico.com\/wp-content\/uploads\/2023\/10\/img-20231009-wa0087494146810041812047-768x432.jpg 768w, https:\/\/contextoanalisisperiodistico.com\/wp-content\/uploads\/2023\/10\/img-20231009-wa0087494146810041812047-1536x864.jpg 1536w, https:\/\/contextoanalisisperiodistico.com\/wp-content\/uploads\/2023\/10\/img-20231009-wa0087494146810041812047.jpg 1600w\" sizes=\"(max-width: 1024px) 100vw, 1024px\" \/><\/figure>\n\n\n\n<figure class=\"wp-block-image\"><img decoding=\"async\" width=\"1024\" height=\"682\" src=\"https:\/\/contextoanalisisperiodistico.com\/wp-content\/uploads\/2023\/10\/img-20231009-wa00783751961314695826623-1024x682.jpg\" alt=\"\" class=\"wp-image-19492\" srcset=\"https:\/\/contextoanalisisperiodistico.com\/wp-content\/uploads\/2023\/10\/img-20231009-wa00783751961314695826623-1024x682.jpg 1024w, https:\/\/contextoanalisisperiodistico.com\/wp-content\/uploads\/2023\/10\/img-20231009-wa00783751961314695826623-300x200.jpg 300w, https:\/\/contextoanalisisperiodistico.com\/wp-content\/uploads\/2023\/10\/img-20231009-wa00783751961314695826623-768x512.jpg 768w, https:\/\/contextoanalisisperiodistico.com\/wp-content\/uploads\/2023\/10\/img-20231009-wa00783751961314695826623-1536x1023.jpg 1536w, https:\/\/contextoanalisisperiodistico.com\/wp-content\/uploads\/2023\/10\/img-20231009-wa00783751961314695826623.jpg 1600w\" sizes=\"(max-width: 1024px) 100vw, 1024px\" \/><\/figure>\n\n\n\n<figure class=\"wp-block-image\"><img decoding=\"async\" width=\"1024\" height=\"576\" src=\"https:\/\/contextoanalisisperiodistico.com\/wp-content\/uploads\/2023\/10\/img-20231009-wa0086362562068681157924-1024x576.jpg\" alt=\"\" class=\"wp-image-19491\" srcset=\"https:\/\/contextoanalisisperiodistico.com\/wp-content\/uploads\/2023\/10\/img-20231009-wa0086362562068681157924-1024x576.jpg 1024w, https:\/\/contextoanalisisperiodistico.com\/wp-content\/uploads\/2023\/10\/img-20231009-wa0086362562068681157924-300x169.jpg 300w, https:\/\/contextoanalisisperiodistico.com\/wp-content\/uploads\/2023\/10\/img-20231009-wa0086362562068681157924-768x432.jpg 768w, https:\/\/contextoanalisisperiodistico.com\/wp-content\/uploads\/2023\/10\/img-20231009-wa0086362562068681157924-1536x864.jpg 1536w, https:\/\/contextoanalisisperiodistico.com\/wp-content\/uploads\/2023\/10\/img-20231009-wa0086362562068681157924.jpg 1600w\" sizes=\"(max-width: 1024px) 100vw, 1024px\" \/><\/figure>\n","protected":false},"excerpt":{"rendered":"<p>\u2022 De enero a la fecha, los Servicios de Salud de Oaxaca han brindado 29&#8230;<\/p>\n","protected":false},"author":4,"featured_media":19489,"comment_status":"closed","ping_status":"open","sticky":false,"template":"","format":"standard","meta":{"footnotes":""},"categories":[92],"tags":[],"jetpack_sharing_enabled":true,"featured_image_urls":{"full":["https:\/\/contextoanalisisperiodistico.com\/wp-content\/uploads\/2023\/10\/IMG-20231009-WA0085.jpg",1600,1600,false],"thumbnail":["https:\/\/contextoanalisisperiodistico.com\/wp-content\/uploads\/2023\/10\/IMG-20231009-WA0085-150x150.jpg",150,150,true],"medium":["https:\/\/contextoanalisisperiodistico.com\/wp-content\/uploads\/2023\/10\/IMG-20231009-WA0085-300x300.jpg",300,300,true],"medium_large":["https:\/\/contextoanalisisperiodistico.com\/wp-content\/uploads\/2023\/10\/IMG-20231009-WA0085-768x768.jpg",640,640,true],"large":["https:\/\/contextoanalisisperiodistico.com\/wp-content\/uploads\/2023\/10\/IMG-20231009-WA0085-1024x1024.jpg",640,640,true],"1536x1536":["https:\/\/contextoanalisisperiodistico.com\/wp-content\/uploads\/2023\/10\/IMG-20231009-WA0085-1536x1536.jpg",1536,1536,true],"2048x2048":["https:\/\/contextoanalisisperiodistico.com\/wp-content\/uploads\/2023\/10\/IMG-20231009-WA0085.jpg",1600,1600,false],"covernews-slider-full":["https:\/\/contextoanalisisperiodistico.com\/wp-content\/uploads\/2023\/10\/IMG-20231009-WA0085-1115x715.jpg",1115,715,true],"covernews-slider-center":["https:\/\/contextoanalisisperiodistico.com\/wp-content\/uploads\/2023\/10\/IMG-20231009-WA0085-800x500.jpg",800,500,true],"covernews-featured":["https:\/\/contextoanalisisperiodistico.com\/wp-content\/uploads\/2023\/10\/IMG-20231009-WA0085-1024x1024.jpg",1024,1024,true],"covernews-medium":["https:\/\/contextoanalisisperiodistico.com\/wp-content\/uploads\/2023\/10\/IMG-20231009-WA0085-540x340.jpg",540,340,true],"covernews-medium-square":["https:\/\/contextoanalisisperiodistico.com\/wp-content\/uploads\/2023\/10\/IMG-20231009-WA0085-400x250.jpg",400,250,true]},"author_info":{"display_name":"Mario Gir\u00f3n","author_link":"https:\/\/contextoanalisisperiodistico.com\/index.php\/author\/director\/"},"category_info":"<a href=\"https:\/\/contextoanalisisperiodistico.com\/index.php\/category\/salud\/\" rel=\"category tag\">Salud<\/a>","tag_info":"Salud","comment_count":"0","jetpack_featured_media_url":"https:\/\/contextoanalisisperiodistico.com\/wp-content\/uploads\/2023\/10\/IMG-20231009-WA0085.jpg","_links":{"self":[{"href":"https:\/\/contextoanalisisperiodistico.com\/index.php\/wp-json\/wp\/v2\/posts\/19488"}],"collection":[{"href":"https:\/\/contextoanalisisperiodistico.com\/index.php\/wp-json\/wp\/v2\/posts"}],"about":[{"href":"https:\/\/contextoanalisisperiodistico.com\/index.php\/wp-json\/wp\/v2\/types\/post"}],"author":[{"embeddable":true,"href":"https:\/\/contextoanalisisperiodistico.com\/index.php\/wp-json\/wp\/v2\/users\/4"}],"replies":[{"embeddable":true,"href":"https:\/\/contextoanalisisperiodistico.com\/index.php\/wp-json\/wp\/v2\/comments?post=19488"}],"version-history":[{"count":1,"href":"https:\/\/contextoanalisisperiodistico.com\/index.php\/wp-json\/wp\/v2\/posts\/19488\/revisions"}],"predecessor-version":[{"id":19493,"href":"https:\/\/contextoanalisisperiodistico.com\/index.php\/wp-json\/wp\/v2\/posts\/19488\/revisions\/19493"}],"wp:featuredmedia":[{"embeddable":true,"href":"https:\/\/contextoanalisisperiodistico.com\/index.php\/wp-json\/wp\/v2\/media\/19489"}],"wp:attachment":[{"href":"https:\/\/contextoanalisisperiodistico.com\/index.php\/wp-json\/wp\/v2\/media?parent=19488"}],"wp:term":[{"taxonomy":"category","embeddable":true,"href":"https:\/\/contextoanalisisperiodistico.com\/index.php\/wp-json\/wp\/v2\/categories?post=19488"},{"taxonomy":"post_tag","embeddable":true,"href":"https:\/\/contextoanalisisperiodistico.com\/index.php\/wp-json\/wp\/v2\/tags?post=19488"}],"curies":[{"name":"wp","href":"https:\/\/api.w.org\/{rel}","templated":true}]}}