{"id":19460,"date":"2023-10-09T11:14:04","date_gmt":"2023-10-09T17:14:04","guid":{"rendered":"https:\/\/contextoanalisisperiodistico.com\/index.php\/2023\/10\/09\/entrega-gobernador-de-oaxaca-salomon-jara-una-conago-renovada-y-fortalecida\/"},"modified":"2023-10-09T11:14:04","modified_gmt":"2023-10-09T17:14:04","slug":"entrega-gobernador-de-oaxaca-salomon-jara-una-conago-renovada-y-fortalecida","status":"publish","type":"post","link":"https:\/\/contextoanalisisperiodistico.com\/index.php\/2023\/10\/09\/entrega-gobernador-de-oaxaca-salomon-jara-una-conago-renovada-y-fortalecida\/","title":{"rendered":"Entrega Gobernador de Oaxaca Salom\u00f3n Jara una Conago renovada y fortalecida"},"content":{"rendered":"<div id=\"fb-root\"><\/div>\n\n<p>\u2022 En la conferencia ma\u00f1anera del Presidente L\u00f3pez Obrador, el Gobernador de Oaxaca realiz\u00f3 la entrega de la presidencia de la Conago a su hom\u00f3logo de Yucat\u00e1n, Mauricio Vila<\/p>\n\n\n\n<p>\u2022 El nuevo presidente de la Conferencia reconoci\u00f3 el trabajo realizado por Salom\u00f3n Jara al frente<br \/>Ciudad de M\u00e9xico, 9 de octubre de 2023.- Luego de siete meses de permanecer al frente de la Conferencia Nacional de Gobernadores (Conago) el Gobernador de Oaxaca Salom\u00f3n Jara Cruz entreg\u00f3 la Presidencia de este \u00f3rgano fortalecido y renovado conforme a las necesidades de la ciudadan\u00eda mexicana.<\/p>\n\n\n\n<p>El Mandatario oaxaque\u00f1o entreg\u00f3 la estafeta a su hom\u00f3logo de Yucat\u00e1n, Mauricio Vila, teniendo como testigo al Presidente de M\u00e9xico, Andr\u00e9s Manuel L\u00f3pez Obrador, desde Palacio Nacional.<\/p>\n\n\n\n<p>En este marco, el Gobernador Salom\u00f3n Jara agradeci\u00f3 la confianza que le brindaron las y los gobernadores y la entonces Jefa de Gobierno para conducir la Conago en una etapa de rescate y transformaci\u00f3n.<\/p>\n\n\n\n<p>Reconoci\u00f3 la madurez pol\u00edtica y la buena fe de todas y todos, lo que permiti\u00f3 a la Conferencia dejar de ser un mecanismo polarizado y utilizado para confrontar al Gobierno de la Rep\u00fablica, y se convirti\u00f3 en un espacio de di\u00e1logo y concertaci\u00f3n.<\/p>\n\n\n\n<p>En su mensaje, Jara Cruz refiri\u00f3 que en los meses que fungi\u00f3 como Presidente de la Conferencia se enfoc\u00f3 en contribuir en el fortalecimiento de la relaci\u00f3n entre las entidades y el Poder Ejecutivo Federal; as\u00ed como promover el intercambio de experiencias exitosas en materia de pol\u00edticas p\u00fablicas y apoyar acciones a favor de la transformaci\u00f3n y el bienestar de M\u00e9xico.<\/p>\n\n\n\n<p>Entre las principales acciones emprendidas destac\u00f3 que, con este nuevo marco de operaci\u00f3n, quienes integran la Conago recibieron el 21 de marzo, en Oaxaca, a John Kerry, enviado especial del presidente de Estados Unidos Joe Biden, para abordar el tema del cambio clim\u00e1tico. \u201cFue una reuni\u00f3n hist\u00f3rica, y un intercambio de opiniones y propuestas francas y enriquecedoras\u201d, puntualiz\u00f3.<\/p>\n\n\n\n<p>\u201cDesde Oaxaca seguiremos aportando nuestro granito de arena y le deseamos el mayor de los \u00e9xitos al Gobernador de Yucat\u00e1n\u201d, concluy\u00f3.<\/p>\n\n\n\n<p>En su oportunidad, el Gobernador de Yucat\u00e1n Mauricio Vila, quien -conforme al reglamento del organismo- asume durante los pr\u00f3ximos tres meses la Presidencia de la Conago, reconoci\u00f3 el trabajo de Jara Cruz por generar un espacio de di\u00e1logo, adem\u00e1s de impulsar una importante reforma que la adecua a los tiempos actuales para volver a la Conferencia m\u00e1s austera y eficiente.<\/p>\n\n\n\n<p>\u201cQuiero reconocer el trabajo realizado por el Gobernador de Oaxaca Salom\u00f3n Jara Cruz, ya que durante su gesti\u00f3n la Conago fue un espacio de di\u00e1logo y colaboraci\u00f3n entre las y los gobernadores que integramos la Conferencia\u201d, afirm\u00f3 Mauricio Vila.<br \/>-0-<\/p>\n\n\n\n<figure class=\"wp-block-image size-large\"><img fetchpriority=\"high\" decoding=\"async\" width=\"541\" height=\"543\" src=\"https:\/\/contextoanalisisperiodistico.com\/wp-content\/uploads\/2023\/10\/screenshot_20231009_105627_whatsapp7323597164184549267.jpg\" alt=\"\" class=\"wp-image-19456\" srcset=\"https:\/\/contextoanalisisperiodistico.com\/wp-content\/uploads\/2023\/10\/screenshot_20231009_105627_whatsapp7323597164184549267.jpg 541w, https:\/\/contextoanalisisperiodistico.com\/wp-content\/uploads\/2023\/10\/screenshot_20231009_105627_whatsapp7323597164184549267-300x300.jpg 300w, https:\/\/contextoanalisisperiodistico.com\/wp-content\/uploads\/2023\/10\/screenshot_20231009_105627_whatsapp7323597164184549267-150x150.jpg 150w\" sizes=\"(max-width: 541px) 100vw, 541px\" \/><\/figure>\n\n\n\n<figure class=\"wp-block-image\"><img decoding=\"async\" width=\"300\" height=\"244\" src=\"https:\/\/contextoanalisisperiodistico.com\/wp-content\/uploads\/2023\/10\/screenshot_20231009_105619_whatsapp5633312729747852109-300x244.jpg\" alt=\"\" class=\"wp-image-19455\" srcset=\"https:\/\/contextoanalisisperiodistico.com\/wp-content\/uploads\/2023\/10\/screenshot_20231009_105619_whatsapp5633312729747852109-300x244.jpg 300w, https:\/\/contextoanalisisperiodistico.com\/wp-content\/uploads\/2023\/10\/screenshot_20231009_105619_whatsapp5633312729747852109.jpg 591w\" sizes=\"(max-width: 300px) 100vw, 300px\" \/><\/figure>\n\n\n\n<figure class=\"wp-block-image\"><img decoding=\"async\" width=\"300\" height=\"206\" src=\"https:\/\/contextoanalisisperiodistico.com\/wp-content\/uploads\/2023\/10\/screenshot_20231009_105612_whatsapp8649042469495855856-300x206.jpg\" alt=\"\" class=\"wp-image-19457\" srcset=\"https:\/\/contextoanalisisperiodistico.com\/wp-content\/uploads\/2023\/10\/screenshot_20231009_105612_whatsapp8649042469495855856-300x206.jpg 300w, https:\/\/contextoanalisisperiodistico.com\/wp-content\/uploads\/2023\/10\/screenshot_20231009_105612_whatsapp8649042469495855856.jpg 688w\" sizes=\"(max-width: 300px) 100vw, 300px\" \/><\/figure>\n\n\n\n<figure class=\"wp-block-image\"><img loading=\"lazy\" decoding=\"async\" width=\"1024\" height=\"647\" src=\"https:\/\/contextoanalisisperiodistico.com\/wp-content\/uploads\/2023\/10\/img-20231009-wa00043736140287568937697-1024x647.jpg\" alt=\"\" class=\"wp-image-19458\" srcset=\"https:\/\/contextoanalisisperiodistico.com\/wp-content\/uploads\/2023\/10\/img-20231009-wa00043736140287568937697-1024x647.jpg 1024w, https:\/\/contextoanalisisperiodistico.com\/wp-content\/uploads\/2023\/10\/img-20231009-wa00043736140287568937697-300x190.jpg 300w, https:\/\/contextoanalisisperiodistico.com\/wp-content\/uploads\/2023\/10\/img-20231009-wa00043736140287568937697-768x485.jpg 768w, https:\/\/contextoanalisisperiodistico.com\/wp-content\/uploads\/2023\/10\/img-20231009-wa00043736140287568937697-1536x971.jpg 1536w, https:\/\/contextoanalisisperiodistico.com\/wp-content\/uploads\/2023\/10\/img-20231009-wa00043736140287568937697-540x340.jpg 540w, https:\/\/contextoanalisisperiodistico.com\/wp-content\/uploads\/2023\/10\/img-20231009-wa00043736140287568937697.jpg 1600w\" sizes=\"(max-width: 1024px) 100vw, 1024px\" \/><\/figure>\n\n\n\n<figure class=\"wp-block-image\"><img loading=\"lazy\" decoding=\"async\" width=\"1024\" height=\"682\" src=\"https:\/\/contextoanalisisperiodistico.com\/wp-content\/uploads\/2023\/10\/img-20231009-wa00054407579102278699156-1024x682.jpg\" alt=\"\" class=\"wp-image-19459\" srcset=\"https:\/\/contextoanalisisperiodistico.com\/wp-content\/uploads\/2023\/10\/img-20231009-wa00054407579102278699156-1024x682.jpg 1024w, https:\/\/contextoanalisisperiodistico.com\/wp-content\/uploads\/2023\/10\/img-20231009-wa00054407579102278699156-300x200.jpg 300w, https:\/\/contextoanalisisperiodistico.com\/wp-content\/uploads\/2023\/10\/img-20231009-wa00054407579102278699156-768x512.jpg 768w, https:\/\/contextoanalisisperiodistico.com\/wp-content\/uploads\/2023\/10\/img-20231009-wa00054407579102278699156-1536x1023.jpg 1536w, https:\/\/contextoanalisisperiodistico.com\/wp-content\/uploads\/2023\/10\/img-20231009-wa00054407579102278699156.jpg 1600w\" sizes=\"(max-width: 1024px) 100vw, 1024px\" \/><\/figure>\n","protected":false},"excerpt":{"rendered":"<p>\u2022 En la conferencia ma\u00f1anera del Presidente L\u00f3pez Obrador, el Gobernador de Oaxaca realiz\u00f3 la&#8230;<\/p>\n","protected":false},"author":4,"featured_media":19454,"comment_status":"","ping_status":"open","sticky":true,"template":"","format":"standard","meta":{"footnotes":""},"categories":[9],"tags":[],"jetpack_sharing_enabled":true,"featured_image_urls":{"full":["https:\/\/contextoanalisisperiodistico.com\/wp-content\/uploads\/2023\/10\/IMG-20231009-WA0001.jpg",1600,1066,false],"thumbnail":["https:\/\/contextoanalisisperiodistico.com\/wp-content\/uploads\/2023\/10\/IMG-20231009-WA0001-150x150.jpg",150,150,true],"medium":["https:\/\/contextoanalisisperiodistico.com\/wp-content\/uploads\/2023\/10\/IMG-20231009-WA0001-300x200.jpg",300,200,true],"medium_large":["https:\/\/contextoanalisisperiodistico.com\/wp-content\/uploads\/2023\/10\/IMG-20231009-WA0001-768x512.jpg",640,427,true],"large":["https:\/\/contextoanalisisperiodistico.com\/wp-content\/uploads\/2023\/10\/IMG-20231009-WA0001-1024x682.jpg",640,426,true],"1536x1536":["https:\/\/contextoanalisisperiodistico.com\/wp-content\/uploads\/2023\/10\/IMG-20231009-WA0001-1536x1023.jpg",1536,1023,true],"2048x2048":["https:\/\/contextoanalisisperiodistico.com\/wp-content\/uploads\/2023\/10\/IMG-20231009-WA0001.jpg",1600,1066,false],"covernews-slider-full":["https:\/\/contextoanalisisperiodistico.com\/wp-content\/uploads\/2023\/10\/IMG-20231009-WA0001-1115x715.jpg",1115,715,true],"covernews-slider-center":["https:\/\/contextoanalisisperiodistico.com\/wp-content\/uploads\/2023\/10\/IMG-20231009-WA0001-800x500.jpg",800,500,true],"covernews-featured":["https:\/\/contextoanalisisperiodistico.com\/wp-content\/uploads\/2023\/10\/IMG-20231009-WA0001-1024x682.jpg",1024,682,true],"covernews-medium":["https:\/\/contextoanalisisperiodistico.com\/wp-content\/uploads\/2023\/10\/IMG-20231009-WA0001-540x340.jpg",540,340,true],"covernews-medium-square":["https:\/\/contextoanalisisperiodistico.com\/wp-content\/uploads\/2023\/10\/IMG-20231009-WA0001-400x250.jpg",400,250,true]},"author_info":{"display_name":"Mario Gir\u00f3n","author_link":"https:\/\/contextoanalisisperiodistico.com\/index.php\/author\/director\/"},"category_info":"<a href=\"https:\/\/contextoanalisisperiodistico.com\/index.php\/category\/politica\/\" rel=\"category tag\">Pol\u00edtica<\/a>","tag_info":"Pol\u00edtica","comment_count":"0","jetpack_featured_media_url":"https:\/\/contextoanalisisperiodistico.com\/wp-content\/uploads\/2023\/10\/IMG-20231009-WA0001.jpg","_links":{"self":[{"href":"https:\/\/contextoanalisisperiodistico.com\/index.php\/wp-json\/wp\/v2\/posts\/19460"}],"collection":[{"href":"https:\/\/contextoanalisisperiodistico.com\/index.php\/wp-json\/wp\/v2\/posts"}],"about":[{"href":"https:\/\/contextoanalisisperiodistico.com\/index.php\/wp-json\/wp\/v2\/types\/post"}],"author":[{"embeddable":true,"href":"https:\/\/contextoanalisisperiodistico.com\/index.php\/wp-json\/wp\/v2\/users\/4"}],"replies":[{"embeddable":true,"href":"https:\/\/contextoanalisisperiodistico.com\/index.php\/wp-json\/wp\/v2\/comments?post=19460"}],"version-history":[{"count":0,"href":"https:\/\/contextoanalisisperiodistico.com\/index.php\/wp-json\/wp\/v2\/posts\/19460\/revisions"}],"wp:featuredmedia":[{"embeddable":true,"href":"https:\/\/contextoanalisisperiodistico.com\/index.php\/wp-json\/wp\/v2\/media\/19454"}],"wp:attachment":[{"href":"https:\/\/contextoanalisisperiodistico.com\/index.php\/wp-json\/wp\/v2\/media?parent=19460"}],"wp:term":[{"taxonomy":"category","embeddable":true,"href":"https:\/\/contextoanalisisperiodistico.com\/index.php\/wp-json\/wp\/v2\/categories?post=19460"},{"taxonomy":"post_tag","embeddable":true,"href":"https:\/\/contextoanalisisperiodistico.com\/index.php\/wp-json\/wp\/v2\/tags?post=19460"}],"curies":[{"name":"wp","href":"https:\/\/api.w.org\/{rel}","templated":true}]}}