{"id":19448,"date":"2023-10-09T10:10:01","date_gmt":"2023-10-09T16:10:01","guid":{"rendered":"https:\/\/contextoanalisisperiodistico.com\/?p=19448"},"modified":"2023-10-09T11:20:28","modified_gmt":"2023-10-09T17:20:28","slug":"mejor-gastar-que-tener-basura-en-la-calle-o-en-casa-de-la-gente-martinez-neri","status":"publish","type":"post","link":"https:\/\/contextoanalisisperiodistico.com\/index.php\/2023\/10\/09\/mejor-gastar-que-tener-basura-en-la-calle-o-en-casa-de-la-gente-martinez-neri\/","title":{"rendered":"\u201cMejor gastar que tener basura en la calle o en casa de la gente\u201d: Mart\u00ednez Neri"},"content":{"rendered":"<div id=\"fb-root\"><\/div>\n\n<p>() Oaxaca de Ju\u00e1rez ejemplo nacional. Primera ciudad en M\u00e9xico en lograr la separaci\u00f3n diferenciada de residuos desde casa<\/p>\n\n\n\n<p><em>(<\/em>) \u00abEducar. Lo que hacemos es educar:: Mart\u00ednez Neri<\/p>\n\n\n\n<p><br \/>(*) Edil capitalino presenta el arranque del proceso intensivo de trituraci\u00f3n de residuos s\u00f3lidos org\u00e1nicos<br \/><\/p>\n\n\n\n<p>Mario GIR\u00d3N<\/p>\n\n\n\n<figure class=\"wp-block-video\"><video controls src=\"https:\/\/contextoanalisisperiodistico.com\/wp-content\/uploads\/2023\/10\/20231008_082742.mp4\"><\/video><\/figure>\n\n\n\n<figure class=\"wp-block-video\"><video controls src=\"https:\/\/contextoanalisisperiodistico.com\/wp-content\/uploads\/2023\/10\/20231008_083011.mp4\"><\/video><\/figure>\n\n\n\n<p><br \/>250 millones habr\u00e1 gastado al cierre de 2023 el gobierno municipal Oaxaca de Ju\u00e1rez: \u201cpreferimos gastar dinero bien administrado que tener basura en la calle o en la casa de la gente\u201d, opin\u00f3 el edil Francisco Mart\u00ednez Neri, al poner en marcha el arranque del proceso intensivo de trituraci\u00f3n de residuos s\u00f3lidos org\u00e1nicos.<\/p>\n\n\n\n<p>Ayer, precisamente a un a\u00f1o del cierre del relleno sanitario de Zaachila, el gobierno capitalino no se detiene; sigue instrumentado una serie de medidas con el prop\u00f3sito de salir adelante a trav\u00e9s de la participaci\u00f3n del Sindicato 3 de Marzo, integrantes de Honorable Cabildo municipal, pero sobre todo, de la comunidad capitalina quienes desde el hogar o centros de trabajo aprendieron a dominar el proceso de la separaci\u00f3n diferenciada que en la actualidad significa 200 toneladas de residuo org\u00e1nico recolectado mi\u00e9rcoles y s\u00e1bado.<\/p>\n\n\n\n<figure class=\"wp-block-video\"><video controls src=\"https:\/\/contextoanalisisperiodistico.com\/wp-content\/uploads\/2023\/10\/20231008_083253.mp4\"><\/video><\/figure>\n\n\n\n<figure class=\"wp-block-video\"><video controls src=\"https:\/\/contextoanalisisperiodistico.com\/wp-content\/uploads\/2023\/10\/20231008_083751.mp4\"><\/video><\/figure>\n\n\n\n<figure class=\"wp-block-video\"><video controls src=\"https:\/\/contextoanalisisperiodistico.com\/wp-content\/uploads\/2023\/10\/20231008_084050.mp4\"><\/video><\/figure>\n\n\n\n<figure class=\"wp-block-video\"><\/figure>\n\n\n\n<p>Ahora, desde el centro temporal de transferencia denominada el Play\u00f3n, en la Riveras del Atoyac, el mun\u00edcipe Mart\u00ednez Neri inform\u00f3 que para alanzar el objetivo se adquiri\u00f3 un triturador de org\u00e1nicos, tipo tina giratoria, la cual, de un nuevo tractor agr\u00edcola, recibe una descarga de 100 caballos de fuerza, necesarios para moverla y as\u00ed obtener mil revoluciones en el sistema hidr\u00e1ulico. Luego, una excavadora toma el residuo y lo deposita en la tina con capacidad de 4.5 metros para una trituraci\u00f3n de entre 6 y 8 toneladas por hora.<\/p>\n\n\n\n<p>Por ejemplo, el coordinador municipal de Residuos S\u00f3lidos Urbanos, Abelardo Ruiz Acevedo, inform\u00f3 que Oaxaca de Ju\u00e1rez se convierte en ejemplo nacional como la primera ciudad en M\u00e9xico convirtiendo en realidad la separaci\u00f3n diferenciada desde casa o centro de trabajo.<\/p>\n\n\n\n<p>Luego, con la seguridad de que su gobierno sigue ejecutando acciones para resolver correctamente el problema en aras de salir del viacrucis que padeci\u00f3 en los primeros meses de la crisis, el presidente municipal Francisco Mart\u00ednez Neri destac\u00f3:<\/p>\n\n\n\n<p>\u201cEstamos precisamente en la l\u00f3gica de una ciudad educadora. Esto es educar. Lo que estamos haciendo es educar. Y esto lleg\u00f3 para quedarse. Vamos siempre por una ciudad educadora\u201d, destac\u00f3 el primer Concejal capitalino.<\/p>\n\n\n\n<p>Qued\u00f3 establecido que a trav\u00e9s de trituraci\u00f3n de todo lo org\u00e1nico se le dar\u00e1 salida a este tipo de residuos que terminar\u00e1 siendo un valioso aporte para regeneraci\u00f3n de suelos o tambi\u00e9n puede utilizarse como base para un procesamiento m\u00e1s all\u00e1 en pos de alcanzar grado de composta o abono org\u00e1nico.<\/p>\n\n\n\n<p>A tan importante cita de trabajo municipal asistieron: Presidentes municipales de Valles Centrales, autoridades auxiliares de agencias municipales y polic\u00eda de Oaxaca de Ju\u00e1rez; as\u00ed como los diputados locales, Melinda Hern\u00e1ndez Sosa, presidenta de la Comisi\u00f3n del Medio Ambiente; Horacio Sosa Villavicencio, presidente de la Comisi\u00f3n de Protecci\u00f3n Civil; regidores: Claudia Tapia Nolasco, de Seguridad Ciudadana, Agencias y Colonias; de Hacienda, Judith Carre\u00f1o Hern\u00e1ndez; Pavel L\u00f3pez G\u00f3mez, de Obras P\u00fablicas; la presidenta Honoraria DIF Municipal, Bernarda Gonz\u00e1lez Rivas; Ferdinando Rosales Duarte, Coordinador de Servicios Municipales.<\/p>\n\n\n\n<p>Ejemplo estatal y nacional Oaxaca<br \/>de Ju\u00e1rez: diputada, Hern\u00e1ndez Sosa:<\/p>\n\n\n\n<p>\u201cLa capital del estado es una ciudad realmente educadora; partimos de una crisis ambiental con el cierre del tiradero de Zaachila y hoy, a un a\u00f1o de distancia, el gobierno municipal de Mart\u00ednez Neri ofrece muestra positiva, que realmente se puede cuando hay voluntad pol\u00edtica, presupuestal y de todo el Cabildo, pero, sobre todo, la voluntad de la ciudadan\u00eda haciendo la clasificaci\u00f3n primaria de los residuos org\u00e1nicos e inorg\u00e1nicos\u201d.<\/p>\n\n\n\n<p>\u201cMart\u00ednez Neri comprometido con<br \/>el planeta, medio ambiente y pueblo<br \/>capitalino\u201d: diputado Horacio Sosa<\/p>\n\n\n\n<p>\u201cEl presidente municipal Mart\u00ednez Neri ofrece el ejemplo de estar interesado en resolver los grandes problemas que afectan a capitalinos. Felicidades a los integrantes del Cabildo ya que no es f\u00e1cil invertir 2.5 millones de pesos para solucionar un problema que tenemos en todos lados. Neri y su compromiso con el planeta, con el medio ambiente y con el pueblo de Oaxaca\u201d.<\/p>\n","protected":false},"excerpt":{"rendered":"<p>() Oaxaca de Ju\u00e1rez ejemplo nacional. Primera ciudad en M\u00e9xico en lograr la separaci\u00f3n diferenciada&#8230;<\/p>\n","protected":false},"author":4,"featured_media":19449,"comment_status":"closed","ping_status":"open","sticky":false,"template":"","format":"standard","meta":{"footnotes":""},"categories":[9],"tags":[],"jetpack_sharing_enabled":true,"featured_image_urls":{"full":["https:\/\/contextoanalisisperiodistico.com\/wp-content\/uploads\/2023\/10\/IMG-20231008-WA0012.jpg",1600,1068,false],"thumbnail":["https:\/\/contextoanalisisperiodistico.com\/wp-content\/uploads\/2023\/10\/IMG-20231008-WA0012-150x150.jpg",150,150,true],"medium":["https:\/\/contextoanalisisperiodistico.com\/wp-content\/uploads\/2023\/10\/IMG-20231008-WA0012-300x200.jpg",300,200,true],"medium_large":["https:\/\/contextoanalisisperiodistico.com\/wp-content\/uploads\/2023\/10\/IMG-20231008-WA0012-768x513.jpg",640,428,true],"large":["https:\/\/contextoanalisisperiodistico.com\/wp-content\/uploads\/2023\/10\/IMG-20231008-WA0012-1024x684.jpg",640,428,true],"1536x1536":["https:\/\/contextoanalisisperiodistico.com\/wp-content\/uploads\/2023\/10\/IMG-20231008-WA0012-1536x1025.jpg",1536,1025,true],"2048x2048":["https:\/\/contextoanalisisperiodistico.com\/wp-content\/uploads\/2023\/10\/IMG-20231008-WA0012.jpg",1600,1068,false],"covernews-slider-full":["https:\/\/contextoanalisisperiodistico.com\/wp-content\/uploads\/2023\/10\/IMG-20231008-WA0012-1115x715.jpg",1115,715,true],"covernews-slider-center":["https:\/\/contextoanalisisperiodistico.com\/wp-content\/uploads\/2023\/10\/IMG-20231008-WA0012-800x500.jpg",800,500,true],"covernews-featured":["https:\/\/contextoanalisisperiodistico.com\/wp-content\/uploads\/2023\/10\/IMG-20231008-WA0012-1024x684.jpg",1024,684,true],"covernews-medium":["https:\/\/contextoanalisisperiodistico.com\/wp-content\/uploads\/2023\/10\/IMG-20231008-WA0012-540x340.jpg",540,340,true],"covernews-medium-square":["https:\/\/contextoanalisisperiodistico.com\/wp-content\/uploads\/2023\/10\/IMG-20231008-WA0012-400x250.jpg",400,250,true]},"author_info":{"display_name":"Mario Gir\u00f3n","author_link":"https:\/\/contextoanalisisperiodistico.com\/index.php\/author\/director\/"},"category_info":"<a href=\"https:\/\/contextoanalisisperiodistico.com\/index.php\/category\/politica\/\" rel=\"category tag\">Pol\u00edtica<\/a>","tag_info":"Pol\u00edtica","comment_count":"0","jetpack_featured_media_url":"https:\/\/contextoanalisisperiodistico.com\/wp-content\/uploads\/2023\/10\/IMG-20231008-WA0012.jpg","_links":{"self":[{"href":"https:\/\/contextoanalisisperiodistico.com\/index.php\/wp-json\/wp\/v2\/posts\/19448"}],"collection":[{"href":"https:\/\/contextoanalisisperiodistico.com\/index.php\/wp-json\/wp\/v2\/posts"}],"about":[{"href":"https:\/\/contextoanalisisperiodistico.com\/index.php\/wp-json\/wp\/v2\/types\/post"}],"author":[{"embeddable":true,"href":"https:\/\/contextoanalisisperiodistico.com\/index.php\/wp-json\/wp\/v2\/users\/4"}],"replies":[{"embeddable":true,"href":"https:\/\/contextoanalisisperiodistico.com\/index.php\/wp-json\/wp\/v2\/comments?post=19448"}],"version-history":[{"count":1,"href":"https:\/\/contextoanalisisperiodistico.com\/index.php\/wp-json\/wp\/v2\/posts\/19448\/revisions"}],"predecessor-version":[{"id":19462,"href":"https:\/\/contextoanalisisperiodistico.com\/index.php\/wp-json\/wp\/v2\/posts\/19448\/revisions\/19462"}],"wp:featuredmedia":[{"embeddable":true,"href":"https:\/\/contextoanalisisperiodistico.com\/index.php\/wp-json\/wp\/v2\/media\/19449"}],"wp:attachment":[{"href":"https:\/\/contextoanalisisperiodistico.com\/index.php\/wp-json\/wp\/v2\/media?parent=19448"}],"wp:term":[{"taxonomy":"category","embeddable":true,"href":"https:\/\/contextoanalisisperiodistico.com\/index.php\/wp-json\/wp\/v2\/categories?post=19448"},{"taxonomy":"post_tag","embeddable":true,"href":"https:\/\/contextoanalisisperiodistico.com\/index.php\/wp-json\/wp\/v2\/tags?post=19448"}],"curies":[{"name":"wp","href":"https:\/\/api.w.org\/{rel}","templated":true}]}}