{"id":19429,"date":"2023-10-08T16:50:10","date_gmt":"2023-10-08T22:50:10","guid":{"rendered":"https:\/\/contextoanalisisperiodistico.com\/?p=19429"},"modified":"2023-10-08T16:50:36","modified_gmt":"2023-10-08T22:50:36","slug":"sensibiliza-dif-estatal-a-autoridades-municipales-para-abrir-procuradurias-que-atiendan-a-la-ninez-y-adolescencia","status":"publish","type":"post","link":"https:\/\/contextoanalisisperiodistico.com\/index.php\/2023\/10\/08\/sensibiliza-dif-estatal-a-autoridades-municipales-para-abrir-procuradurias-que-atiendan-a-la-ninez-y-adolescencia\/","title":{"rendered":"<em>Sensibiliza DIF Estatal a autoridades <\/em>municipales <em>para abrir procuradur\u00edas<\/em> <em>que atiendan a la ni\u00f1ez y adolescencia<\/em>"},"content":{"rendered":"<div id=\"fb-root\"><\/div>\n\n<ul>\n<li>Irma Bola\u00f1os Quijano, Presidenta Honoraria del organismo encabeza una reuni\u00f3n y capacitaci\u00f3n con autoridades para que conozcan la importancia de contar con esta \u00e1rea que cuida y vigila los derechos de este sector de la poblaci\u00f3n<\/li>\n<\/ul>\n\n\n\n<p>San Agust\u00edn de las Juntas, Oax. 8 de octubre de 2023.- En un acto hist\u00f3rico para la ni\u00f1ez y adolescencia de Valles Centrales y Sierra de Ju\u00e1rez, el Sistema para el Desarrollo Integral de la Familia (DIF) Oaxaca reuni\u00f3 a las autoridades que se rigen por el Sistema Normativo Interno y partidos pol\u00edticos de ambas regiones para sensibilizarles en la importancia de implementar Procuradur\u00edas Municipales de Protecci\u00f3n de los Derechos de las Ni\u00f1as, Ni\u00f1os y Adolescentes.<br \/>A trav\u00e9s de una pl\u00e1tica y taller, personal de la Procuradur\u00eda Estatal de Protecci\u00f3n de los Derechos de las Ni\u00f1as, Ni\u00f1os y Adolescentes del Estado de Oaxaca (Prodennao) capacit\u00f3 a las autoridades municipales acerca de la violencia a la que se enfrenta este sector de la poblaci\u00f3n y sobre la importancia de conocer el marco legal, as\u00ed como el protocolo de intervenci\u00f3n en caso de vulneraci\u00f3n de sus derechos humanos.<br \/>El Inter\u00e9s Superior de la Ni\u00f1ez y Adolescencia es una de las principales l\u00edneas de acci\u00f3n de la presente administraci\u00f3n estatal, en cumplimiento y vigilancia de la Ley General de los Derechos de Ni\u00f1as Ni\u00f1os y Adolescentes.<br \/>En este sentido, Irma Bola\u00f1os Quijano, Presidenta Honoraria del organismo destac\u00f3 que para el Sistema DIF Oaxaca es muy importante que todas las autoridades municipales accedan a estas pl\u00e1ticas y capacitaciones que muestran la necesidad y obligaci\u00f3n de brindar espacios dignos y seguros con la creaci\u00f3n de las procuradur\u00edas municipales de protecci\u00f3n de derechos de la ni\u00f1ez y adolescencia.<br \/>Por tanto, Bola\u00f1os Quijano dijo que deben asumir este compromiso con responsabilidad, el cual adem\u00e1s de recursos econ\u00f3micos requiere de la participaci\u00f3n de profesionistas como abogados y psic\u00f3logos, pero trabajando en equipo con el organismo estatal, se pondr\u00e1 en primer lugar a este sector de la poblaci\u00f3n.<br \/>\u201cEn este tiempo que vivimos es importante prestar atenci\u00f3n porque tanto la ni\u00f1ez y adolescencia que habita en las comunidades como en las ciudades corre el riesgo de caer en las adicciones o est\u00e1 en constante vulneraci\u00f3n de sus derechos, pero de la mano de las presidentas y presidentes municipales podremos cuidarles, ya que ustedes conocen a su gente y cuando hay alg\u00fan problema, pero sobre todo, pueden intervenir de manera inmediata en coordinaci\u00f3n con la Prodennao\u201d, destac\u00f3.<\/p>\n\n\n\n<p>Toda vez que, continu\u00f3 la Presidenta Honoraria, la protecci\u00f3n de la ni\u00f1ez y adolescencia requiere del apoyo de sus autoridades municipales y estatales, \u201cporque son lo m\u00e1s valioso que tenemos en la familia, y en los hogares oaxaque\u00f1os tenemos hijas, hijos, nietos y bisnietos\u201d, destac\u00f3 en compa\u00f1\u00eda de Daniel Hip\u00f3lito Aquino Torres, presidente municipal de San Agust\u00edn de las Juntas y funcionariado p\u00fablico estatal.<br \/>Por otra parte, la titular de la Prodennao, Yarib Hern\u00e1ndez Garc\u00eda dio a conocer la obligaci\u00f3n de implementar procuradur\u00edas municipales para continuar con la garant\u00eda de los derechos de ni\u00f1as, ni\u00f1os y adolescentes, a fin de fortalecer su atenci\u00f3n, debido a que todos los d\u00edas reciben casos de atenci\u00f3n para la protecci\u00f3n de este sector de la poblaci\u00f3n en la vulneraci\u00f3n de diversos derechos fundamentales.<br \/>\u201cEsperamos que este primer paso permita fortalecer el apoyo a ni\u00f1as y ni\u00f1os, ya que las procuradur\u00edas municipales son el primer contacto de atenci\u00f3n en solicitudes de intervenci\u00f3n ante problem\u00e1ticas que les aquejan en la actualidad\u201d, dijo.<br \/>Por tanto, destac\u00f3 la necesidad de incrementar el n\u00famero de procuradur\u00edas municipales, que si bien, se requiere de capacitaci\u00f3n, tambi\u00e9n exige voluntad de las y los presidentes municipales y autoridades para que tengan presente que ser\u00e1 en beneficio de la ni\u00f1ez y adolescencia que habitan en las localidades del estado.<br \/>La Prodennao act\u00faa cuando existe vulneraci\u00f3n o restricci\u00f3n a los derechos humanos y de conformidad al procedimiento establecido en el art\u00edculo 123 de la Ley General de los Derechos de Ni\u00f1as, Ni\u00f1os y Adolescentes.<br \/>Tambi\u00e9n ofrece atenci\u00f3n a menores de edad ante autoridades judiciales y administrativas, as\u00ed como su acompa\u00f1amiento en conflictos con la ley; adem\u00e1s de todos los programas en materia familiar, alimentaria y de salud integral.<br \/>-0-<\/p>\n\n\n\n<figure class=\"wp-block-image size-large\"><img fetchpriority=\"high\" decoding=\"async\" width=\"1024\" height=\"682\" src=\"https:\/\/contextoanalisisperiodistico.com\/wp-content\/uploads\/2023\/10\/img-20231008-wa00344124839795144652212-1024x682.jpg\" alt=\"\" class=\"wp-image-19431\" srcset=\"https:\/\/contextoanalisisperiodistico.com\/wp-content\/uploads\/2023\/10\/img-20231008-wa00344124839795144652212-1024x682.jpg 1024w, https:\/\/contextoanalisisperiodistico.com\/wp-content\/uploads\/2023\/10\/img-20231008-wa00344124839795144652212-300x200.jpg 300w, https:\/\/contextoanalisisperiodistico.com\/wp-content\/uploads\/2023\/10\/img-20231008-wa00344124839795144652212-768x512.jpg 768w, https:\/\/contextoanalisisperiodistico.com\/wp-content\/uploads\/2023\/10\/img-20231008-wa00344124839795144652212-1536x1023.jpg 1536w, https:\/\/contextoanalisisperiodistico.com\/wp-content\/uploads\/2023\/10\/img-20231008-wa00344124839795144652212.jpg 1600w\" sizes=\"(max-width: 1024px) 100vw, 1024px\" \/><\/figure>\n\n\n\n<figure class=\"wp-block-image\"><img decoding=\"async\" width=\"1024\" height=\"682\" src=\"https:\/\/contextoanalisisperiodistico.com\/wp-content\/uploads\/2023\/10\/img-20231008-wa00335265229267278545100-1024x682.jpg\" alt=\"\" class=\"wp-image-19432\" srcset=\"https:\/\/contextoanalisisperiodistico.com\/wp-content\/uploads\/2023\/10\/img-20231008-wa00335265229267278545100-1024x682.jpg 1024w, https:\/\/contextoanalisisperiodistico.com\/wp-content\/uploads\/2023\/10\/img-20231008-wa00335265229267278545100-300x200.jpg 300w, https:\/\/contextoanalisisperiodistico.com\/wp-content\/uploads\/2023\/10\/img-20231008-wa00335265229267278545100-768x512.jpg 768w, https:\/\/contextoanalisisperiodistico.com\/wp-content\/uploads\/2023\/10\/img-20231008-wa00335265229267278545100-1536x1023.jpg 1536w, https:\/\/contextoanalisisperiodistico.com\/wp-content\/uploads\/2023\/10\/img-20231008-wa00335265229267278545100.jpg 1600w\" sizes=\"(max-width: 1024px) 100vw, 1024px\" \/><\/figure>\n","protected":false},"excerpt":{"rendered":"<p>San Agust\u00edn de las Juntas, Oax. 8 de octubre de 2023.- En un acto hist\u00f3rico&#8230;<\/p>\n","protected":false},"author":4,"featured_media":19430,"comment_status":"closed","ping_status":"open","sticky":false,"template":"","format":"standard","meta":{"footnotes":""},"categories":[7],"tags":[],"jetpack_sharing_enabled":true,"featured_image_urls":{"full":["https:\/\/contextoanalisisperiodistico.com\/wp-content\/uploads\/2023\/10\/IMG-20231008-WA0032.jpg",1600,1066,false],"thumbnail":["https:\/\/contextoanalisisperiodistico.com\/wp-content\/uploads\/2023\/10\/IMG-20231008-WA0032-150x150.jpg",150,150,true],"medium":["https:\/\/contextoanalisisperiodistico.com\/wp-content\/uploads\/2023\/10\/IMG-20231008-WA0032-300x200.jpg",300,200,true],"medium_large":["https:\/\/contextoanalisisperiodistico.com\/wp-content\/uploads\/2023\/10\/IMG-20231008-WA0032-768x512.jpg",640,427,true],"large":["https:\/\/contextoanalisisperiodistico.com\/wp-content\/uploads\/2023\/10\/IMG-20231008-WA0032-1024x682.jpg",640,426,true],"1536x1536":["https:\/\/contextoanalisisperiodistico.com\/wp-content\/uploads\/2023\/10\/IMG-20231008-WA0032-1536x1023.jpg",1536,1023,true],"2048x2048":["https:\/\/contextoanalisisperiodistico.com\/wp-content\/uploads\/2023\/10\/IMG-20231008-WA0032.jpg",1600,1066,false],"covernews-slider-full":["https:\/\/contextoanalisisperiodistico.com\/wp-content\/uploads\/2023\/10\/IMG-20231008-WA0032-1115x715.jpg",1115,715,true],"covernews-slider-center":["https:\/\/contextoanalisisperiodistico.com\/wp-content\/uploads\/2023\/10\/IMG-20231008-WA0032-800x500.jpg",800,500,true],"covernews-featured":["https:\/\/contextoanalisisperiodistico.com\/wp-content\/uploads\/2023\/10\/IMG-20231008-WA0032-1024x682.jpg",1024,682,true],"covernews-medium":["https:\/\/contextoanalisisperiodistico.com\/wp-content\/uploads\/2023\/10\/IMG-20231008-WA0032-540x340.jpg",540,340,true],"covernews-medium-square":["https:\/\/contextoanalisisperiodistico.com\/wp-content\/uploads\/2023\/10\/IMG-20231008-WA0032-400x250.jpg",400,250,true]},"author_info":{"display_name":"Mario Gir\u00f3n","author_link":"https:\/\/contextoanalisisperiodistico.com\/index.php\/author\/director\/"},"category_info":"<a href=\"https:\/\/contextoanalisisperiodistico.com\/index.php\/category\/municipios\/\" rel=\"category tag\">Municipios<\/a>","tag_info":"Municipios","comment_count":"0","jetpack_featured_media_url":"https:\/\/contextoanalisisperiodistico.com\/wp-content\/uploads\/2023\/10\/IMG-20231008-WA0032.jpg","_links":{"self":[{"href":"https:\/\/contextoanalisisperiodistico.com\/index.php\/wp-json\/wp\/v2\/posts\/19429"}],"collection":[{"href":"https:\/\/contextoanalisisperiodistico.com\/index.php\/wp-json\/wp\/v2\/posts"}],"about":[{"href":"https:\/\/contextoanalisisperiodistico.com\/index.php\/wp-json\/wp\/v2\/types\/post"}],"author":[{"embeddable":true,"href":"https:\/\/contextoanalisisperiodistico.com\/index.php\/wp-json\/wp\/v2\/users\/4"}],"replies":[{"embeddable":true,"href":"https:\/\/contextoanalisisperiodistico.com\/index.php\/wp-json\/wp\/v2\/comments?post=19429"}],"version-history":[{"count":1,"href":"https:\/\/contextoanalisisperiodistico.com\/index.php\/wp-json\/wp\/v2\/posts\/19429\/revisions"}],"predecessor-version":[{"id":19433,"href":"https:\/\/contextoanalisisperiodistico.com\/index.php\/wp-json\/wp\/v2\/posts\/19429\/revisions\/19433"}],"wp:featuredmedia":[{"embeddable":true,"href":"https:\/\/contextoanalisisperiodistico.com\/index.php\/wp-json\/wp\/v2\/media\/19430"}],"wp:attachment":[{"href":"https:\/\/contextoanalisisperiodistico.com\/index.php\/wp-json\/wp\/v2\/media?parent=19429"}],"wp:term":[{"taxonomy":"category","embeddable":true,"href":"https:\/\/contextoanalisisperiodistico.com\/index.php\/wp-json\/wp\/v2\/categories?post=19429"},{"taxonomy":"post_tag","embeddable":true,"href":"https:\/\/contextoanalisisperiodistico.com\/index.php\/wp-json\/wp\/v2\/tags?post=19429"}],"curies":[{"name":"wp","href":"https:\/\/api.w.org\/{rel}","templated":true}]}}