{"id":19421,"date":"2023-10-08T16:42:12","date_gmt":"2023-10-08T22:42:12","guid":{"rendered":"https:\/\/contextoanalisisperiodistico.com\/?p=19421"},"modified":"2023-10-08T16:43:03","modified_gmt":"2023-10-08T22:43:03","slug":"martinez-neri-da-un-paso-sostenible-hacia-el-futuro-ambiental","status":"publish","type":"post","link":"https:\/\/contextoanalisisperiodistico.com\/index.php\/2023\/10\/08\/martinez-neri-da-un-paso-sostenible-hacia-el-futuro-ambiental\/","title":{"rendered":"Mart\u00ednez Neri da un paso sostenible hacia el futuro ambiental"},"content":{"rendered":"<div id=\"fb-root\"><\/div>\n\n<ul>\n<li>Oaxaca de Ju\u00e1rez se convierte en la primera ciudad en el pa\u00eds con m\u00e1s de 300,000 habitantes en implementar una separaci\u00f3n diferenciada de residuos desde los hogares.<\/li>\n\n\n\n<li>A un a\u00f1o del cierre del tiradero de Zaachila, Oaxaca vanguardia nacional en gesti\u00f3n de RSU.<\/li>\n<\/ul>\n\n\n\n<p>Oaxaca de Ju\u00e1rez, Oax., a 08 de octubre de 2023.- El municipio de Oaxaca de Ju\u00e1rez, que encabeza el presidente municipal, Francisco Mart\u00ednez Neri, da un paso trascendental hacia una gesti\u00f3n de residuos m\u00e1s sostenible con el inicio del proceso intensivo de trituraci\u00f3n de residuos org\u00e1nicos.<\/p>\n\n\n\n<p>Este acontecimiento se realiza exactamente un a\u00f1o despu\u00e9s del cierre del tiradero municipal en el municipio de Zaachila, un evento que desencaden\u00f3 una serie de desaf\u00edos relacionados con la gesti\u00f3n de residuos en la ciudad. A pesar de las limitaciones financieras, el municipio se ha dedicado a encontrar soluciones duraderas para abordar esta problem\u00e1tica.<\/p>\n\n\n\n<p>Durante su intervenci\u00f3n y acompa\u00f1ado de funcionarias y funcionarios estatales y municipales, agentas y agentes municipales, presidentas y presidentes de COMVIVES, el edil capitalino, Francisco Mart\u00ednez Neri, destac\u00f3 la importancia de este logro al cumplirse un a\u00f1o del cierre del tiradero municipal. Record\u00f3 los desaf\u00edos y dificultades que enfrentaron durante ese per\u00edodo y c\u00f3mo el ayuntamiento tuvo que tomar medidas significativas para abordar la crisis de residuos s\u00f3lidos urbanos.<br \/>\u201cEsta nueva fase de trituraci\u00f3n de residuos org\u00e1nicos es un paso significativo en el manejo sostenible de los desechos y la revalorizaci\u00f3n de estos para su posterior utilizaci\u00f3n\u201d, afirm\u00f3.<\/p>\n\n\n\n<p>Por su parte, el coordinador de Residuos S\u00f3lidos Urbanos, Abelardo Ruiz Acevedo, detall\u00f3 el proceso de trituraci\u00f3n y sus beneficios, incluyendo la capacidad de reducir los vol\u00famenes de residuos org\u00e1nicos, la posibilidad de regenerar campos y la entrega de abono org\u00e1nico a la comunidad, asimismo puntualiz\u00f3 que Oaxaca de Ju\u00e1rez se convierte en la primera ciudad en M\u00e9xico con m\u00e1s de 300,000 habitantes en implementar una separaci\u00f3n diferenciada de residuos desde los hogares. Esto representa un enfoque pionero en la gesti\u00f3n de residuos s\u00f3lidos y est\u00e1 en l\u00ednea con los principios de econom\u00eda circular.<\/p>\n\n\n\n<p>Adem\u00e1s, inform\u00f3 que este material org\u00e1nico triturado no solo puede ser utilizado como abono, sino que tambi\u00e9n tiene aplicaciones en la conservaci\u00f3n de suelos y la generaci\u00f3n de combustible. La iniciativa reduce la necesidad de extraer materias primas de los recursos naturales y promueve una gesti\u00f3n de residuos m\u00e1s responsable.<\/p>\n\n\n\n<p>En su participaci\u00f3n, la diputada local y presidenta de la Comisi\u00f3n de Medio Ambiente del Congreso del Estado, Melina Hern\u00e1ndez Sosa, destac\u00f3 que Oaxaca de Ju\u00e1rez se ha convertido en una \u00abciudad educadora\u00bb en un sentido que se deriva de su lema y que refleja su progreso desde una crisis ambiental, que surgi\u00f3 con el cierre del tiradero municipal en el municipio de Zaachila. Asimismo, reconoci\u00f3 la voluntad pol\u00edtica, presupuestaria y ciudadana del presidente municipal detr\u00e1s de esta transici\u00f3n hacia la clasificaci\u00f3n primaria de residuos, que hoy se convierte en un ejemplo inspirador para muchas ciudades.<\/p>\n\n\n\n<p>De igual manera, el diputado Horacio Sosa Villavicencio, destac\u00f3 la visi\u00f3n de Mart\u00ednez Neri y su compromiso con la ciudadan\u00eda para abordar los desaf\u00edos medioambientales y garantizar un futuro m\u00e1s limpio y saludable para Oaxaca.<\/p>\n\n\n\n<p>Cabe se\u00f1alar que el proceso de trituraci\u00f3n se lleva a cabo mediante un potente triturador de materia org\u00e1nica tipo tina, que es accionado por un tractor agr\u00edcola de 100 HP. Este equipo tiene la capacidad de triturar entre 6 y 8 toneladas por hora, dependiendo de la humedad de los residuos. Esta iniciativa permitir\u00e1 triturar un mayor volumen de residuos org\u00e1nicos y, como resultado, se generar\u00e1 material de mayor calidad que beneficiar\u00e1 a la poblaci\u00f3n de Oaxaca.<\/p>\n\n\n\n<p>Este importante paso marca un avance significativo en la gesti\u00f3n de residuos en la ciudad y establece un ejemplo para otros municipios. Oaxaca de Ju\u00e1rez demuestra su compromiso con la protecci\u00f3n del medio ambiente y la promoci\u00f3n de pr\u00e1cticas sostenibles en beneficio de todos sus habitantes.<\/p>\n\n\n\n<figure class=\"wp-block-image size-large\"><img fetchpriority=\"high\" decoding=\"async\" width=\"1024\" height=\"684\" src=\"https:\/\/contextoanalisisperiodistico.com\/wp-content\/uploads\/2023\/10\/img-20231008-wa00127513291472825347863-1024x684.jpg\" alt=\"\" class=\"wp-image-19426\" srcset=\"https:\/\/contextoanalisisperiodistico.com\/wp-content\/uploads\/2023\/10\/img-20231008-wa00127513291472825347863-1024x684.jpg 1024w, https:\/\/contextoanalisisperiodistico.com\/wp-content\/uploads\/2023\/10\/img-20231008-wa00127513291472825347863-300x200.jpg 300w, https:\/\/contextoanalisisperiodistico.com\/wp-content\/uploads\/2023\/10\/img-20231008-wa00127513291472825347863-768x513.jpg 768w, https:\/\/contextoanalisisperiodistico.com\/wp-content\/uploads\/2023\/10\/img-20231008-wa00127513291472825347863-1536x1025.jpg 1536w, https:\/\/contextoanalisisperiodistico.com\/wp-content\/uploads\/2023\/10\/img-20231008-wa00127513291472825347863.jpg 1600w\" sizes=\"(max-width: 1024px) 100vw, 1024px\" \/><\/figure>\n\n\n\n<figure class=\"wp-block-image\"><img decoding=\"async\" width=\"1024\" height=\"684\" src=\"https:\/\/contextoanalisisperiodistico.com\/wp-content\/uploads\/2023\/10\/img-20231008-wa00177842279824290480149-1024x684.jpg\" alt=\"\" class=\"wp-image-19427\" srcset=\"https:\/\/contextoanalisisperiodistico.com\/wp-content\/uploads\/2023\/10\/img-20231008-wa00177842279824290480149-1024x684.jpg 1024w, https:\/\/contextoanalisisperiodistico.com\/wp-content\/uploads\/2023\/10\/img-20231008-wa00177842279824290480149-300x200.jpg 300w, https:\/\/contextoanalisisperiodistico.com\/wp-content\/uploads\/2023\/10\/img-20231008-wa00177842279824290480149-768x513.jpg 768w, https:\/\/contextoanalisisperiodistico.com\/wp-content\/uploads\/2023\/10\/img-20231008-wa00177842279824290480149-1536x1026.jpg 1536w, https:\/\/contextoanalisisperiodistico.com\/wp-content\/uploads\/2023\/10\/img-20231008-wa00177842279824290480149.jpg 1600w\" sizes=\"(max-width: 1024px) 100vw, 1024px\" \/><\/figure>\n\n\n\n<figure class=\"wp-block-image\"><img decoding=\"async\" width=\"1024\" height=\"684\" src=\"https:\/\/contextoanalisisperiodistico.com\/wp-content\/uploads\/2023\/10\/img-20231008-wa0015210025539003364392-1024x684.jpg\" alt=\"\" class=\"wp-image-19424\" srcset=\"https:\/\/contextoanalisisperiodistico.com\/wp-content\/uploads\/2023\/10\/img-20231008-wa0015210025539003364392-1024x684.jpg 1024w, https:\/\/contextoanalisisperiodistico.com\/wp-content\/uploads\/2023\/10\/img-20231008-wa0015210025539003364392-300x200.jpg 300w, https:\/\/contextoanalisisperiodistico.com\/wp-content\/uploads\/2023\/10\/img-20231008-wa0015210025539003364392-768x513.jpg 768w, https:\/\/contextoanalisisperiodistico.com\/wp-content\/uploads\/2023\/10\/img-20231008-wa0015210025539003364392-1536x1026.jpg 1536w, https:\/\/contextoanalisisperiodistico.com\/wp-content\/uploads\/2023\/10\/img-20231008-wa0015210025539003364392.jpg 1600w\" sizes=\"(max-width: 1024px) 100vw, 1024px\" \/><\/figure>\n\n\n\n<figure class=\"wp-block-image\"><img loading=\"lazy\" decoding=\"async\" width=\"1024\" height=\"684\" src=\"https:\/\/contextoanalisisperiodistico.com\/wp-content\/uploads\/2023\/10\/img-20231008-wa0014737667242814550687-1024x684.jpg\" alt=\"\" class=\"wp-image-19423\" srcset=\"https:\/\/contextoanalisisperiodistico.com\/wp-content\/uploads\/2023\/10\/img-20231008-wa0014737667242814550687-1024x684.jpg 1024w, https:\/\/contextoanalisisperiodistico.com\/wp-content\/uploads\/2023\/10\/img-20231008-wa0014737667242814550687-300x200.jpg 300w, https:\/\/contextoanalisisperiodistico.com\/wp-content\/uploads\/2023\/10\/img-20231008-wa0014737667242814550687-768x513.jpg 768w, https:\/\/contextoanalisisperiodistico.com\/wp-content\/uploads\/2023\/10\/img-20231008-wa0014737667242814550687-1536x1026.jpg 1536w, https:\/\/contextoanalisisperiodistico.com\/wp-content\/uploads\/2023\/10\/img-20231008-wa0014737667242814550687.jpg 1600w\" sizes=\"(max-width: 1024px) 100vw, 1024px\" \/><\/figure>\n\n\n\n<figure class=\"wp-block-image\"><img loading=\"lazy\" decoding=\"async\" width=\"1024\" height=\"684\" src=\"https:\/\/contextoanalisisperiodistico.com\/wp-content\/uploads\/2023\/10\/img-20231008-wa00165898816641290340358-1024x684.jpg\" alt=\"\" class=\"wp-image-19425\" srcset=\"https:\/\/contextoanalisisperiodistico.com\/wp-content\/uploads\/2023\/10\/img-20231008-wa00165898816641290340358-1024x684.jpg 1024w, https:\/\/contextoanalisisperiodistico.com\/wp-content\/uploads\/2023\/10\/img-20231008-wa00165898816641290340358-300x200.jpg 300w, https:\/\/contextoanalisisperiodistico.com\/wp-content\/uploads\/2023\/10\/img-20231008-wa00165898816641290340358-768x513.jpg 768w, https:\/\/contextoanalisisperiodistico.com\/wp-content\/uploads\/2023\/10\/img-20231008-wa00165898816641290340358-1536x1026.jpg 1536w, https:\/\/contextoanalisisperiodistico.com\/wp-content\/uploads\/2023\/10\/img-20231008-wa00165898816641290340358.jpg 1600w\" sizes=\"(max-width: 1024px) 100vw, 1024px\" \/><\/figure>\n","protected":false},"excerpt":{"rendered":"<p>Oaxaca de Ju\u00e1rez, Oax., a 08 de octubre de 2023.- El municipio de Oaxaca de&#8230;<\/p>\n","protected":false},"author":4,"featured_media":19422,"comment_status":"closed","ping_status":"open","sticky":false,"template":"","format":"standard","meta":{"footnotes":""},"categories":[9],"tags":[],"jetpack_sharing_enabled":true,"featured_image_urls":{"full":["https:\/\/contextoanalisisperiodistico.com\/wp-content\/uploads\/2023\/10\/IMG-20231008-WA0013.jpg",1600,1069,false],"thumbnail":["https:\/\/contextoanalisisperiodistico.com\/wp-content\/uploads\/2023\/10\/IMG-20231008-WA0013-150x150.jpg",150,150,true],"medium":["https:\/\/contextoanalisisperiodistico.com\/wp-content\/uploads\/2023\/10\/IMG-20231008-WA0013-300x200.jpg",300,200,true],"medium_large":["https:\/\/contextoanalisisperiodistico.com\/wp-content\/uploads\/2023\/10\/IMG-20231008-WA0013-768x513.jpg",640,428,true],"large":["https:\/\/contextoanalisisperiodistico.com\/wp-content\/uploads\/2023\/10\/IMG-20231008-WA0013-1024x684.jpg",640,428,true],"1536x1536":["https:\/\/contextoanalisisperiodistico.com\/wp-content\/uploads\/2023\/10\/IMG-20231008-WA0013-1536x1026.jpg",1536,1026,true],"2048x2048":["https:\/\/contextoanalisisperiodistico.com\/wp-content\/uploads\/2023\/10\/IMG-20231008-WA0013.jpg",1600,1069,false],"covernews-slider-full":["https:\/\/contextoanalisisperiodistico.com\/wp-content\/uploads\/2023\/10\/IMG-20231008-WA0013-1115x715.jpg",1115,715,true],"covernews-slider-center":["https:\/\/contextoanalisisperiodistico.com\/wp-content\/uploads\/2023\/10\/IMG-20231008-WA0013-800x500.jpg",800,500,true],"covernews-featured":["https:\/\/contextoanalisisperiodistico.com\/wp-content\/uploads\/2023\/10\/IMG-20231008-WA0013-1024x684.jpg",1024,684,true],"covernews-medium":["https:\/\/contextoanalisisperiodistico.com\/wp-content\/uploads\/2023\/10\/IMG-20231008-WA0013-540x340.jpg",540,340,true],"covernews-medium-square":["https:\/\/contextoanalisisperiodistico.com\/wp-content\/uploads\/2023\/10\/IMG-20231008-WA0013-400x250.jpg",400,250,true]},"author_info":{"display_name":"Mario Gir\u00f3n","author_link":"https:\/\/contextoanalisisperiodistico.com\/index.php\/author\/director\/"},"category_info":"<a href=\"https:\/\/contextoanalisisperiodistico.com\/index.php\/category\/politica\/\" rel=\"category tag\">Pol\u00edtica<\/a>","tag_info":"Pol\u00edtica","comment_count":"0","jetpack_featured_media_url":"https:\/\/contextoanalisisperiodistico.com\/wp-content\/uploads\/2023\/10\/IMG-20231008-WA0013.jpg","_links":{"self":[{"href":"https:\/\/contextoanalisisperiodistico.com\/index.php\/wp-json\/wp\/v2\/posts\/19421"}],"collection":[{"href":"https:\/\/contextoanalisisperiodistico.com\/index.php\/wp-json\/wp\/v2\/posts"}],"about":[{"href":"https:\/\/contextoanalisisperiodistico.com\/index.php\/wp-json\/wp\/v2\/types\/post"}],"author":[{"embeddable":true,"href":"https:\/\/contextoanalisisperiodistico.com\/index.php\/wp-json\/wp\/v2\/users\/4"}],"replies":[{"embeddable":true,"href":"https:\/\/contextoanalisisperiodistico.com\/index.php\/wp-json\/wp\/v2\/comments?post=19421"}],"version-history":[{"count":1,"href":"https:\/\/contextoanalisisperiodistico.com\/index.php\/wp-json\/wp\/v2\/posts\/19421\/revisions"}],"predecessor-version":[{"id":19428,"href":"https:\/\/contextoanalisisperiodistico.com\/index.php\/wp-json\/wp\/v2\/posts\/19421\/revisions\/19428"}],"wp:featuredmedia":[{"embeddable":true,"href":"https:\/\/contextoanalisisperiodistico.com\/index.php\/wp-json\/wp\/v2\/media\/19422"}],"wp:attachment":[{"href":"https:\/\/contextoanalisisperiodistico.com\/index.php\/wp-json\/wp\/v2\/media?parent=19421"}],"wp:term":[{"taxonomy":"category","embeddable":true,"href":"https:\/\/contextoanalisisperiodistico.com\/index.php\/wp-json\/wp\/v2\/categories?post=19421"},{"taxonomy":"post_tag","embeddable":true,"href":"https:\/\/contextoanalisisperiodistico.com\/index.php\/wp-json\/wp\/v2\/tags?post=19421"}],"curies":[{"name":"wp","href":"https:\/\/api.w.org\/{rel}","templated":true}]}}