{"id":19408,"date":"2023-10-08T13:10:00","date_gmt":"2023-10-08T19:10:00","guid":{"rendered":"https:\/\/contextoanalisisperiodistico.com\/?p=19408"},"modified":"2023-10-08T13:10:34","modified_gmt":"2023-10-08T19:10:34","slug":"encabeza-gobernador-salomon-jara-tequio-bienestar-en-el-rio-atoyac","status":"publish","type":"post","link":"https:\/\/contextoanalisisperiodistico.com\/index.php\/2023\/10\/08\/encabeza-gobernador-salomon-jara-tequio-bienestar-en-el-rio-atoyac\/","title":{"rendered":"<em>Encabeza Gobernador Salom\u00f3n Jara Tequio Bienestar en el r\u00edo Atoyac<\/em>"},"content":{"rendered":"<div id=\"fb-root\"><\/div>\n\n<p>\u2022 En esta actividad encaminada al saneamiento de este afluente, que atraviesa 39 municipios, participaron habitantes de colonias, agencias y municipios aleda\u00f1os, as\u00ed como personal de m\u00e1s de 40 dependencias<\/p>\n\n\n\n<p>Oaxaca de Ju\u00e1rez, Oax. 8 de octubre de 2023. Como parte de las acciones encaminadas al saneamiento del R\u00edo Atoyac, uno de los afluentes emblem\u00e1ticos de Oaxaca, el Gobernador Salom\u00f3n Jara Cruz encabez\u00f3 este domingo el Tequio Bienestar en el que particip\u00f3 la poblaci\u00f3n de municipios, agencias y colonias aleda\u00f1as al afluente y personal de m\u00e1s de 40 dependencias del Gobierno del Estado.<\/p>\n\n\n\n<p>\u00abEl saneamiento del r\u00edo Atoyac es un prop\u00f3sito de este gobierno que busca llevar todos los colectores hasta una planta donde se tratar\u00e1 el agua residual\u00bb, expres\u00f3 el Mandatario estatal.<\/p>\n\n\n\n<p>Jara Cruz asever\u00f3 que entre las mejoras que se pretende realizar est\u00e1 la iluminaci\u00f3n de la zona. \u00abVamos a darle una belleza digna a este lugar para el pueblo de Oaxaca\u00bb, dijo.<\/p>\n\n\n\n<p>De esta manera, el Gobernador destac\u00f3 la respuesta de la poblaci\u00f3n a esta convocatoria que refrenda el significado del Tequio, una de las expresiones culturales que solo existe en Oaxaca y consiste en la participaci\u00f3n comunitaria en beneficio de la colectividad.<\/p>\n\n\n\n<p>Las acciones, coordinadas por la Secretar\u00eda de Bienestar, Tequio e Inclusi\u00f3n (Sebienti), consistieron en el corte de maleza, recolecci\u00f3n de residuos, barrido fino, elaboraci\u00f3n de cajetes para la retenci\u00f3n de agua en los \u00e1rboles, riego de jardineras y pintura de muros.<\/p>\n\n\n\n<p>En total se atendieron 4 kil\u00f3metros, en el tramo que abarca del puente Guadalupe Victoria al puente del Tecnol\u00f3gico.<\/p>\n\n\n\n<p>Esta actividad que inici\u00f3 a partir de las 7:00 horas fue amenizada por la Banda de M\u00fasica de la Secretar\u00eda Seguridad y Protecci\u00f3n Ciudadana.<\/p>\n\n\n\n<p>Cabe destacar que a trav\u00e9s de la Sebienti, en lo que va de la actual administraci\u00f3n se han realizado 80 tequios en todo el estado, de los cuales 36 han sido de reforestaci\u00f3n con los m\u00f3dulos Bienestar.<\/p>\n\n\n\n<p>Los tequios continuar\u00e1n<\/p>\n\n\n\n<p>El Mandatario oaxaque\u00f1o expres\u00f3 que toda vez que para su gobierno el Tequio es una herramienta que contribuye a la transformaci\u00f3n, estos continuar\u00e1n fortaleci\u00e9ndose en todo el estado.<\/p>\n\n\n\n<p>Tambi\u00e9n se trabajar\u00e1 en acciones de concientizaci\u00f3n sobre el rescate del r\u00edo Atoyac que atraviesa los 39 municipios.<br \/>-0-<\/p>\n\n\n\n<figure class=\"wp-block-image size-large\"><img fetchpriority=\"high\" decoding=\"async\" width=\"1024\" height=\"683\" src=\"https:\/\/contextoanalisisperiodistico.com\/wp-content\/uploads\/2023\/10\/img-20231008-wa00041246206042188460569-1024x683.jpg\" alt=\"\" class=\"wp-image-19410\" srcset=\"https:\/\/contextoanalisisperiodistico.com\/wp-content\/uploads\/2023\/10\/img-20231008-wa00041246206042188460569-1024x683.jpg 1024w, https:\/\/contextoanalisisperiodistico.com\/wp-content\/uploads\/2023\/10\/img-20231008-wa00041246206042188460569-300x200.jpg 300w, https:\/\/contextoanalisisperiodistico.com\/wp-content\/uploads\/2023\/10\/img-20231008-wa00041246206042188460569-768x512.jpg 768w, https:\/\/contextoanalisisperiodistico.com\/wp-content\/uploads\/2023\/10\/img-20231008-wa00041246206042188460569.jpg 1500w\" sizes=\"(max-width: 1024px) 100vw, 1024px\" \/><\/figure>\n\n\n\n<figure class=\"wp-block-image size-large\"><img decoding=\"async\" width=\"1024\" height=\"683\" src=\"https:\/\/contextoanalisisperiodistico.com\/wp-content\/uploads\/2023\/10\/img-20231008-wa00081002122307891026452-1024x683.jpg\" alt=\"\" class=\"wp-image-19412\" srcset=\"https:\/\/contextoanalisisperiodistico.com\/wp-content\/uploads\/2023\/10\/img-20231008-wa00081002122307891026452-1024x683.jpg 1024w, https:\/\/contextoanalisisperiodistico.com\/wp-content\/uploads\/2023\/10\/img-20231008-wa00081002122307891026452-300x200.jpg 300w, https:\/\/contextoanalisisperiodistico.com\/wp-content\/uploads\/2023\/10\/img-20231008-wa00081002122307891026452-768x512.jpg 768w, https:\/\/contextoanalisisperiodistico.com\/wp-content\/uploads\/2023\/10\/img-20231008-wa00081002122307891026452.jpg 1500w\" sizes=\"(max-width: 1024px) 100vw, 1024px\" \/><\/figure>\n\n\n\n<figure class=\"wp-block-image\"><img decoding=\"async\" width=\"1024\" height=\"683\" src=\"https:\/\/contextoanalisisperiodistico.com\/wp-content\/uploads\/2023\/10\/img-20231008-wa00071542727761047650652-1024x683.jpg\" alt=\"\" class=\"wp-image-19415\" srcset=\"https:\/\/contextoanalisisperiodistico.com\/wp-content\/uploads\/2023\/10\/img-20231008-wa00071542727761047650652-1024x683.jpg 1024w, https:\/\/contextoanalisisperiodistico.com\/wp-content\/uploads\/2023\/10\/img-20231008-wa00071542727761047650652-300x200.jpg 300w, https:\/\/contextoanalisisperiodistico.com\/wp-content\/uploads\/2023\/10\/img-20231008-wa00071542727761047650652-768x512.jpg 768w, https:\/\/contextoanalisisperiodistico.com\/wp-content\/uploads\/2023\/10\/img-20231008-wa00071542727761047650652-1536x1024.jpg 1536w, https:\/\/contextoanalisisperiodistico.com\/wp-content\/uploads\/2023\/10\/img-20231008-wa00071542727761047650652.jpg 1600w\" sizes=\"(max-width: 1024px) 100vw, 1024px\" \/><\/figure>\n\n\n\n<figure class=\"wp-block-image\"><img loading=\"lazy\" decoding=\"async\" width=\"1024\" height=\"683\" src=\"https:\/\/contextoanalisisperiodistico.com\/wp-content\/uploads\/2023\/10\/img-20231008-wa00103895461218675492231-1024x683.jpg\" alt=\"\" class=\"wp-image-19413\" srcset=\"https:\/\/contextoanalisisperiodistico.com\/wp-content\/uploads\/2023\/10\/img-20231008-wa00103895461218675492231-1024x683.jpg 1024w, https:\/\/contextoanalisisperiodistico.com\/wp-content\/uploads\/2023\/10\/img-20231008-wa00103895461218675492231-300x200.jpg 300w, https:\/\/contextoanalisisperiodistico.com\/wp-content\/uploads\/2023\/10\/img-20231008-wa00103895461218675492231-768x512.jpg 768w, https:\/\/contextoanalisisperiodistico.com\/wp-content\/uploads\/2023\/10\/img-20231008-wa00103895461218675492231.jpg 1497w\" sizes=\"(max-width: 1024px) 100vw, 1024px\" \/><\/figure>\n\n\n\n<figure class=\"wp-block-image\"><img loading=\"lazy\" decoding=\"async\" width=\"1024\" height=\"682\" src=\"https:\/\/contextoanalisisperiodistico.com\/wp-content\/uploads\/2023\/10\/img-20231008-wa00058896910805968647796-1024x682.jpg\" alt=\"\" class=\"wp-image-19414\" srcset=\"https:\/\/contextoanalisisperiodistico.com\/wp-content\/uploads\/2023\/10\/img-20231008-wa00058896910805968647796-1024x682.jpg 1024w, https:\/\/contextoanalisisperiodistico.com\/wp-content\/uploads\/2023\/10\/img-20231008-wa00058896910805968647796-300x200.jpg 300w, https:\/\/contextoanalisisperiodistico.com\/wp-content\/uploads\/2023\/10\/img-20231008-wa00058896910805968647796-768x512.jpg 768w, https:\/\/contextoanalisisperiodistico.com\/wp-content\/uploads\/2023\/10\/img-20231008-wa00058896910805968647796.jpg 1366w\" sizes=\"(max-width: 1024px) 100vw, 1024px\" \/><\/figure>\n\n\n\n<figure class=\"wp-block-image\"><img loading=\"lazy\" decoding=\"async\" width=\"1024\" height=\"673\" src=\"https:\/\/contextoanalisisperiodistico.com\/wp-content\/uploads\/2023\/10\/img-20231008-wa00061612047004079194391-1024x673.jpg\" alt=\"\" class=\"wp-image-19411\" srcset=\"https:\/\/contextoanalisisperiodistico.com\/wp-content\/uploads\/2023\/10\/img-20231008-wa00061612047004079194391-1024x673.jpg 1024w, https:\/\/contextoanalisisperiodistico.com\/wp-content\/uploads\/2023\/10\/img-20231008-wa00061612047004079194391-300x197.jpg 300w, https:\/\/contextoanalisisperiodistico.com\/wp-content\/uploads\/2023\/10\/img-20231008-wa00061612047004079194391-768x505.jpg 768w, https:\/\/contextoanalisisperiodistico.com\/wp-content\/uploads\/2023\/10\/img-20231008-wa00061612047004079194391-1536x1010.jpg 1536w, https:\/\/contextoanalisisperiodistico.com\/wp-content\/uploads\/2023\/10\/img-20231008-wa00061612047004079194391.jpg 1600w\" sizes=\"(max-width: 1024px) 100vw, 1024px\" \/><\/figure>\n","protected":false},"excerpt":{"rendered":"<p>\u2022 En esta actividad encaminada al saneamiento de este afluente, que atraviesa 39 municipios, participaron&#8230;<\/p>\n","protected":false},"author":4,"featured_media":19409,"comment_status":"closed","ping_status":"open","sticky":false,"template":"","format":"standard","meta":{"footnotes":""},"categories":[9],"tags":[],"jetpack_sharing_enabled":true,"featured_image_urls":{"full":["https:\/\/contextoanalisisperiodistico.com\/wp-content\/uploads\/2023\/10\/IMG-20231008-WA0009.jpg",1500,1000,false],"thumbnail":["https:\/\/contextoanalisisperiodistico.com\/wp-content\/uploads\/2023\/10\/IMG-20231008-WA0009-150x150.jpg",150,150,true],"medium":["https:\/\/contextoanalisisperiodistico.com\/wp-content\/uploads\/2023\/10\/IMG-20231008-WA0009-300x200.jpg",300,200,true],"medium_large":["https:\/\/contextoanalisisperiodistico.com\/wp-content\/uploads\/2023\/10\/IMG-20231008-WA0009-768x512.jpg",640,427,true],"large":["https:\/\/contextoanalisisperiodistico.com\/wp-content\/uploads\/2023\/10\/IMG-20231008-WA0009-1024x683.jpg",640,427,true],"1536x1536":["https:\/\/contextoanalisisperiodistico.com\/wp-content\/uploads\/2023\/10\/IMG-20231008-WA0009.jpg",1500,1000,false],"2048x2048":["https:\/\/contextoanalisisperiodistico.com\/wp-content\/uploads\/2023\/10\/IMG-20231008-WA0009.jpg",1500,1000,false],"covernews-slider-full":["https:\/\/contextoanalisisperiodistico.com\/wp-content\/uploads\/2023\/10\/IMG-20231008-WA0009-1115x715.jpg",1115,715,true],"covernews-slider-center":["https:\/\/contextoanalisisperiodistico.com\/wp-content\/uploads\/2023\/10\/IMG-20231008-WA0009-800x500.jpg",800,500,true],"covernews-featured":["https:\/\/contextoanalisisperiodistico.com\/wp-content\/uploads\/2023\/10\/IMG-20231008-WA0009-1024x683.jpg",1024,683,true],"covernews-medium":["https:\/\/contextoanalisisperiodistico.com\/wp-content\/uploads\/2023\/10\/IMG-20231008-WA0009-540x340.jpg",540,340,true],"covernews-medium-square":["https:\/\/contextoanalisisperiodistico.com\/wp-content\/uploads\/2023\/10\/IMG-20231008-WA0009-400x250.jpg",400,250,true]},"author_info":{"display_name":"Mario Gir\u00f3n","author_link":"https:\/\/contextoanalisisperiodistico.com\/index.php\/author\/director\/"},"category_info":"<a href=\"https:\/\/contextoanalisisperiodistico.com\/index.php\/category\/politica\/\" rel=\"category tag\">Pol\u00edtica<\/a>","tag_info":"Pol\u00edtica","comment_count":"0","jetpack_featured_media_url":"https:\/\/contextoanalisisperiodistico.com\/wp-content\/uploads\/2023\/10\/IMG-20231008-WA0009.jpg","_links":{"self":[{"href":"https:\/\/contextoanalisisperiodistico.com\/index.php\/wp-json\/wp\/v2\/posts\/19408"}],"collection":[{"href":"https:\/\/contextoanalisisperiodistico.com\/index.php\/wp-json\/wp\/v2\/posts"}],"about":[{"href":"https:\/\/contextoanalisisperiodistico.com\/index.php\/wp-json\/wp\/v2\/types\/post"}],"author":[{"embeddable":true,"href":"https:\/\/contextoanalisisperiodistico.com\/index.php\/wp-json\/wp\/v2\/users\/4"}],"replies":[{"embeddable":true,"href":"https:\/\/contextoanalisisperiodistico.com\/index.php\/wp-json\/wp\/v2\/comments?post=19408"}],"version-history":[{"count":1,"href":"https:\/\/contextoanalisisperiodistico.com\/index.php\/wp-json\/wp\/v2\/posts\/19408\/revisions"}],"predecessor-version":[{"id":19416,"href":"https:\/\/contextoanalisisperiodistico.com\/index.php\/wp-json\/wp\/v2\/posts\/19408\/revisions\/19416"}],"wp:featuredmedia":[{"embeddable":true,"href":"https:\/\/contextoanalisisperiodistico.com\/index.php\/wp-json\/wp\/v2\/media\/19409"}],"wp:attachment":[{"href":"https:\/\/contextoanalisisperiodistico.com\/index.php\/wp-json\/wp\/v2\/media?parent=19408"}],"wp:term":[{"taxonomy":"category","embeddable":true,"href":"https:\/\/contextoanalisisperiodistico.com\/index.php\/wp-json\/wp\/v2\/categories?post=19408"},{"taxonomy":"post_tag","embeddable":true,"href":"https:\/\/contextoanalisisperiodistico.com\/index.php\/wp-json\/wp\/v2\/tags?post=19408"}],"curies":[{"name":"wp","href":"https:\/\/api.w.org\/{rel}","templated":true}]}}