{"id":19390,"date":"2023-10-07T17:00:42","date_gmt":"2023-10-07T23:00:42","guid":{"rendered":"https:\/\/contextoanalisisperiodistico.com\/?p=19390"},"modified":"2023-10-07T17:01:29","modified_gmt":"2023-10-07T23:01:29","slug":"lleva-salomon-jara-estrategia-trabajo-que-transforma-tu-municipio-con-recursos-por-8-1-mdp-a-santa-maria-yavesia","status":"publish","type":"post","link":"https:\/\/contextoanalisisperiodistico.com\/index.php\/2023\/10\/07\/lleva-salomon-jara-estrategia-trabajo-que-transforma-tu-municipio-con-recursos-por-8-1-mdp-a-santa-maria-yavesia\/","title":{"rendered":"<em>Lleva Salom\u00f3n Jara Estrategia Trabajo que Transforma tu Municipio con recursos por 8.1 mdp a Santa Mar\u00eda Yaves\u00eda<\/em>"},"content":{"rendered":"<div id=\"fb-root\"><\/div>\n\n<p>\u2022 El Gobernador del Estado acudi\u00f3 al encuentro con las autoridades y ciudadan\u00eda de este municipio zapoteca donde se canalizan recursos, apoyos y programas en materia de salud, educaci\u00f3n, infraestructura y producci\u00f3n<\/p>\n\n\n\n<p>Santa Mar\u00eda Yaves\u00eda, Oax. 7 de octubre de 2023.- El Gobernador Salom\u00f3n Jara Cruz lleg\u00f3 a este municipio con la Estrategia Trabajo que Transforma tu Municipio con recursos, apoyos y programas con una inversi\u00f3n de 8 millones 197 mil pesos a favor de las familias zapotecas del Distrito de Ixtl\u00e1n de Ju\u00e1rez.<\/p>\n\n\n\n<p>En presencia del presidente municipal Mario Cruz Santiago, destac\u00f3 que el nuevo modelo de gobierno es cercano al pueblo, comunidades y autoridades; trabaja con unidad, sencillez y sin lujos.<\/p>\n\n\n\n<p>Acompa\u00f1ado por la Presidenta Honoraria del Sistema para el Desarrollo Integral de la Familia (DIF) Oaxaca Irma Bola\u00f1os Quijano dijo que este gobierno no permite intermediarios ni gestores.<\/p>\n\n\n\n<p>Inform\u00f3 que a trav\u00e9s de los Servicios de Salud de Oaxaca (SSO) se canalizan 703 mil 227 pesos para el centro de salud y el abasto de medicamentos, mientras que la Secretar\u00eda de Finanzas entreg\u00f3 28 mil 66 pesos del Fondo Compensatorio.<\/p>\n\n\n\n<p>El Instituto del Patrimonio Cultural del Estado de Oaxaca (Inpac) inform\u00f3 que el Instituto Nacional de Antropolog\u00eda e Historia contempla recursos por 1 mill\u00f3n 442 mil pesos para la rehabilitaci\u00f3n del templo de la Pur\u00edsima Concepci\u00f3n que result\u00f3 afectado por los sismos desde 2017.<\/p>\n\n\n\n<p>Asimismo, el DIF Oaxaca con el Programa de Asistencia Social a Grupos Prioritarios canaliza recursos por 146 mil 627 pesos y gestionar\u00e1 la cocina escolar para beneficiar a la ni\u00f1ez del lugar.<\/p>\n\n\n\n<p>Tambi\u00e9n se puso a disposici\u00f3n de la poblaci\u00f3n los talleres que brinda el Instituto de Capacitaci\u00f3n y Productividad para el Trabajo del Estado de Oaxaca (Icapet), mientras que la Secretar\u00eda de Fomento Agroalimentario y Desarrollo Rural (Sefader) inform\u00f3 que se instalar\u00e1 un vivero productor de plantas de nuez y dar\u00e1n capacitaci\u00f3n y asistencia t\u00e9cnica e insumos para la producci\u00f3n de ma\u00edz y frijol, hortalizas, huevo y gallinas.<\/p>\n\n\n\n<p>Dijo que mediante la Comisi\u00f3n Estatal Forestal (Coesfo) se canalizan 30 millones de pesos que se suman a la inversi\u00f3n de la Comisi\u00f3n Nacional Forestal del gobierno del Presidente Andr\u00e9s Manuel L\u00f3pez Obrador para el saneamiento forestal de las \u00e1reas afectadas por la plaga del gusano descortezador.<\/p>\n\n\n\n<p>La Secretar\u00eda de Interculturalidad, Pueblos y Comunidades Ind\u00edgenas y Afromexicanos (SIPCIA) atender\u00e1 dos solicitudes del presidente municipal para dotar a la ni\u00f1ez de un instructor de m\u00fasica e instrumentos musicales, mientras que la Comisi\u00f3n Estatal del Agua (Ceabien) realiza la mezcla de recursos para la construcci\u00f3n de 80 hoyos con biodigestor con un monto con total de 5 millones 429 mil pesos para beneficiar a 209 habitantes.<\/p>\n\n\n\n<p>La Secretar\u00eda de Infraestructuras y Comunicaciones (Sinfra) atender\u00e1 la solicitud de 30 toneladas de cemento y 6 toneladas de varilla de tres octavos para los trabajos de reconstrucci\u00f3n del palacio municipal al que le falta un porcentaje del 20 por ciento.<\/p>\n\n\n\n<p>Jara Cruz indic\u00f3 que visitar\u00e1 Yaves\u00eda cada a\u00f1o de su mandato para informarles de todo lo que se va a invertir y apoyar para sacar adelante al pueblo.<\/p>\n\n\n\n<figure class=\"wp-block-image size-large\"><img fetchpriority=\"high\" decoding=\"async\" width=\"990\" height=\"660\" src=\"https:\/\/contextoanalisisperiodistico.com\/wp-content\/uploads\/2023\/10\/img-20231007-wa00611130205577551301835.jpg\" alt=\"\" class=\"wp-image-19394\" srcset=\"https:\/\/contextoanalisisperiodistico.com\/wp-content\/uploads\/2023\/10\/img-20231007-wa00611130205577551301835.jpg 990w, https:\/\/contextoanalisisperiodistico.com\/wp-content\/uploads\/2023\/10\/img-20231007-wa00611130205577551301835-300x200.jpg 300w, https:\/\/contextoanalisisperiodistico.com\/wp-content\/uploads\/2023\/10\/img-20231007-wa00611130205577551301835-768x512.jpg 768w\" sizes=\"(max-width: 990px) 100vw, 990px\" \/><\/figure>\n\n\n\n<figure class=\"wp-block-image\"><img decoding=\"async\" width=\"300\" height=\"179\" src=\"https:\/\/contextoanalisisperiodistico.com\/wp-content\/uploads\/2023\/10\/img-20231007-wa00587617749524358260626-300x179.jpg\" alt=\"\" class=\"wp-image-19392\" srcset=\"https:\/\/contextoanalisisperiodistico.com\/wp-content\/uploads\/2023\/10\/img-20231007-wa00587617749524358260626-300x179.jpg 300w, https:\/\/contextoanalisisperiodistico.com\/wp-content\/uploads\/2023\/10\/img-20231007-wa00587617749524358260626-768x458.jpg 768w, https:\/\/contextoanalisisperiodistico.com\/wp-content\/uploads\/2023\/10\/img-20231007-wa00587617749524358260626.jpg 990w\" sizes=\"(max-width: 300px) 100vw, 300px\" \/><\/figure>\n\n\n\n<figure class=\"wp-block-image\"><img decoding=\"async\" width=\"1024\" height=\"682\" src=\"https:\/\/contextoanalisisperiodistico.com\/wp-content\/uploads\/2023\/10\/img-20231007-wa00545555123988818453975-1024x682.jpg\" alt=\"\" class=\"wp-image-19395\" srcset=\"https:\/\/contextoanalisisperiodistico.com\/wp-content\/uploads\/2023\/10\/img-20231007-wa00545555123988818453975-1024x682.jpg 1024w, https:\/\/contextoanalisisperiodistico.com\/wp-content\/uploads\/2023\/10\/img-20231007-wa00545555123988818453975-300x200.jpg 300w, https:\/\/contextoanalisisperiodistico.com\/wp-content\/uploads\/2023\/10\/img-20231007-wa00545555123988818453975-768x512.jpg 768w, https:\/\/contextoanalisisperiodistico.com\/wp-content\/uploads\/2023\/10\/img-20231007-wa00545555123988818453975-1536x1023.jpg 1536w, https:\/\/contextoanalisisperiodistico.com\/wp-content\/uploads\/2023\/10\/img-20231007-wa00545555123988818453975.jpg 1600w\" sizes=\"(max-width: 1024px) 100vw, 1024px\" \/><\/figure>\n\n\n\n<figure class=\"wp-block-image\"><img loading=\"lazy\" decoding=\"async\" width=\"300\" height=\"200\" src=\"https:\/\/contextoanalisisperiodistico.com\/wp-content\/uploads\/2023\/10\/img-20231007-wa0059500547318802280960-300x200.jpg\" alt=\"\" class=\"wp-image-19393\" srcset=\"https:\/\/contextoanalisisperiodistico.com\/wp-content\/uploads\/2023\/10\/img-20231007-wa0059500547318802280960-300x200.jpg 300w, https:\/\/contextoanalisisperiodistico.com\/wp-content\/uploads\/2023\/10\/img-20231007-wa0059500547318802280960-768x512.jpg 768w, https:\/\/contextoanalisisperiodistico.com\/wp-content\/uploads\/2023\/10\/img-20231007-wa0059500547318802280960.jpg 990w\" sizes=\"(max-width: 300px) 100vw, 300px\" \/><\/figure>\n","protected":false},"excerpt":{"rendered":"<p>\u2022 El Gobernador del Estado acudi\u00f3 al encuentro con las autoridades y ciudadan\u00eda de este&#8230;<\/p>\n","protected":false},"author":4,"featured_media":19391,"comment_status":"closed","ping_status":"open","sticky":false,"template":"","format":"standard","meta":{"footnotes":""},"categories":[9],"tags":[],"jetpack_sharing_enabled":true,"featured_image_urls":{"full":["https:\/\/contextoanalisisperiodistico.com\/wp-content\/uploads\/2023\/10\/IMG-20231007-WA0060.jpg",990,659,false],"thumbnail":["https:\/\/contextoanalisisperiodistico.com\/wp-content\/uploads\/2023\/10\/IMG-20231007-WA0060-150x150.jpg",150,150,true],"medium":["https:\/\/contextoanalisisperiodistico.com\/wp-content\/uploads\/2023\/10\/IMG-20231007-WA0060-300x200.jpg",300,200,true],"medium_large":["https:\/\/contextoanalisisperiodistico.com\/wp-content\/uploads\/2023\/10\/IMG-20231007-WA0060-768x511.jpg",640,426,true],"large":["https:\/\/contextoanalisisperiodistico.com\/wp-content\/uploads\/2023\/10\/IMG-20231007-WA0060.jpg",640,426,false],"1536x1536":["https:\/\/contextoanalisisperiodistico.com\/wp-content\/uploads\/2023\/10\/IMG-20231007-WA0060.jpg",990,659,false],"2048x2048":["https:\/\/contextoanalisisperiodistico.com\/wp-content\/uploads\/2023\/10\/IMG-20231007-WA0060.jpg",990,659,false],"covernews-slider-full":["https:\/\/contextoanalisisperiodistico.com\/wp-content\/uploads\/2023\/10\/IMG-20231007-WA0060.jpg",990,659,false],"covernews-slider-center":["https:\/\/contextoanalisisperiodistico.com\/wp-content\/uploads\/2023\/10\/IMG-20231007-WA0060-800x500.jpg",800,500,true],"covernews-featured":["https:\/\/contextoanalisisperiodistico.com\/wp-content\/uploads\/2023\/10\/IMG-20231007-WA0060.jpg",990,659,false],"covernews-medium":["https:\/\/contextoanalisisperiodistico.com\/wp-content\/uploads\/2023\/10\/IMG-20231007-WA0060-540x340.jpg",540,340,true],"covernews-medium-square":["https:\/\/contextoanalisisperiodistico.com\/wp-content\/uploads\/2023\/10\/IMG-20231007-WA0060-400x250.jpg",400,250,true]},"author_info":{"display_name":"Mario Gir\u00f3n","author_link":"https:\/\/contextoanalisisperiodistico.com\/index.php\/author\/director\/"},"category_info":"<a href=\"https:\/\/contextoanalisisperiodistico.com\/index.php\/category\/politica\/\" rel=\"category tag\">Pol\u00edtica<\/a>","tag_info":"Pol\u00edtica","comment_count":"0","jetpack_featured_media_url":"https:\/\/contextoanalisisperiodistico.com\/wp-content\/uploads\/2023\/10\/IMG-20231007-WA0060.jpg","_links":{"self":[{"href":"https:\/\/contextoanalisisperiodistico.com\/index.php\/wp-json\/wp\/v2\/posts\/19390"}],"collection":[{"href":"https:\/\/contextoanalisisperiodistico.com\/index.php\/wp-json\/wp\/v2\/posts"}],"about":[{"href":"https:\/\/contextoanalisisperiodistico.com\/index.php\/wp-json\/wp\/v2\/types\/post"}],"author":[{"embeddable":true,"href":"https:\/\/contextoanalisisperiodistico.com\/index.php\/wp-json\/wp\/v2\/users\/4"}],"replies":[{"embeddable":true,"href":"https:\/\/contextoanalisisperiodistico.com\/index.php\/wp-json\/wp\/v2\/comments?post=19390"}],"version-history":[{"count":1,"href":"https:\/\/contextoanalisisperiodistico.com\/index.php\/wp-json\/wp\/v2\/posts\/19390\/revisions"}],"predecessor-version":[{"id":19396,"href":"https:\/\/contextoanalisisperiodistico.com\/index.php\/wp-json\/wp\/v2\/posts\/19390\/revisions\/19396"}],"wp:featuredmedia":[{"embeddable":true,"href":"https:\/\/contextoanalisisperiodistico.com\/index.php\/wp-json\/wp\/v2\/media\/19391"}],"wp:attachment":[{"href":"https:\/\/contextoanalisisperiodistico.com\/index.php\/wp-json\/wp\/v2\/media?parent=19390"}],"wp:term":[{"taxonomy":"category","embeddable":true,"href":"https:\/\/contextoanalisisperiodistico.com\/index.php\/wp-json\/wp\/v2\/categories?post=19390"},{"taxonomy":"post_tag","embeddable":true,"href":"https:\/\/contextoanalisisperiodistico.com\/index.php\/wp-json\/wp\/v2\/tags?post=19390"}],"curies":[{"name":"wp","href":"https:\/\/api.w.org\/{rel}","templated":true}]}}